{"id":37842,"date":"2015-04-03T13:35:07","date_gmt":"2015-04-03T10:35:07","guid":{"rendered":"https:\/\/www.enerjigazetesi.ist\/?p=37842"},"modified":"2015-04-03T13:35:07","modified_gmt":"2015-04-03T10:35:07","slug":"yildiz-elektrik-kesintisiyle-ilgili-teshisi-koyduk-gerekceyi-arastiriyoruz","status":"publish","type":"post","link":"https:\/\/www.enerjigazetesi.ist\/en\/yildiz-elektrik-kesintisiyle-ilgili-teshisi-koyduk-gerekceyi-arastiriyoruz\/","title":{"rendered":"(Turkish) Y\u0131ld\u0131z: \u201cElektrik Kesintisiyle \u0130lgili Te\u015fhisi Koyduk, Gerek\u00e7eyi Ara\u015ft\u0131r\u0131yoruz&#8230;\u201d"},"content":{"rendered":"<p class=\"qtranxs-available-languages-message qtranxs-available-languages-message-en\">Sorry, this entry is only available in <a href=\"https:\/\/www.enerjigazetesi.ist\/tr\/wp-json\/wp\/v2\/posts\/37842\" class=\"qtranxs-available-language-link qtranxs-available-language-link-tr\" title=\"Turkish\">Turkish<\/a>. For the sake of viewer convenience, the content is shown below in the alternative language. You may click the link to switch the active language.<\/p><p><\/p>\n<p style=\"color: #000000;\"><strong>Enerji ve Tabii Kaynaklar Bakan\u0131 Taner Y\u0131ld\u0131z elektrik kesintisiyle ilgili a\u00e7\u0131klamalarda bulundu.<\/strong><\/p>\n<p style=\"color: #000000;\">Elektrik kesintileri ile ilgili \u00e7ok \u00f6nemli a\u00e7\u0131klamalarda bulunan Enerji ve Tabii Kaynaklar Bakan\u0131 Taner Y\u0131ld\u0131z, kesintilerin n<a href=\"https:\/\/www.enerjigazetesi.ist\/wp-content\/uploads\/2015\/04\/yildiz-elektrik-kesintisiyle-ilgili-teshisi-koyduk-gerekceyi-arastiriyoruz.jpg\"><img loading=\"lazy\" class=\"alignleft wp-image-37843 size-medium\" src=\"https:\/\/www.enerjigazetesi.ist\/wp-content\/uploads\/2015\/04\/yildiz-elektrik-kesintisiyle-ilgili-teshisi-koyduk-gerekceyi-arastiriyoruz-300x199.jpg\" alt=\"yildiz-elektrik-kesintisiyle-ilgili-teshisi-koyduk-gerekceyi-arastiriyoruz\" width=\"300\" height=\"199\" srcset=\"https:\/\/www.enerjigazetesi.ist\/wp-content\/uploads\/2015\/04\/yildiz-elektrik-kesintisiyle-ilgili-teshisi-koyduk-gerekceyi-arastiriyoruz-300x199.jpg 300w, https:\/\/www.enerjigazetesi.ist\/wp-content\/uploads\/2015\/04\/yildiz-elektrik-kesintisiyle-ilgili-teshisi-koyduk-gerekceyi-arastiriyoruz-500x332.jpg 500w, https:\/\/www.enerjigazetesi.ist\/wp-content\/uploads\/2015\/04\/yildiz-elektrik-kesintisiyle-ilgili-teshisi-koyduk-gerekceyi-arastiriyoruz-75x50.jpg 75w, https:\/\/www.enerjigazetesi.ist\/wp-content\/uploads\/2015\/04\/yildiz-elektrik-kesintisiyle-ilgili-teshisi-koyduk-gerekceyi-arastiriyoruz.jpg 870w\" sizes=\"(max-width: 300px) 100vw, 300px\" \/><\/a>edenin belli oldu\u011funu ancak bu nedenleri tetikleyen unsurlar\u0131n halen ara\u015ft\u0131r\u0131ld\u0131\u011f\u0131n\u0131 s\u00f6yledi.<span id=\"more-70994\"><\/span><\/p>\n<p style=\"color: #000000;\">12. Uluslararas\u0131 Petrol, LPG, Madeni Ya\u011f, Ekipman, \u0130stasyon Market \u00dcr\u00fcnleri ve Teknoloji Fuar\u0131 (Petroleum \u0130stanbul) i\u00e7in T\u00fcyap Fuar ve Kongre Merkezi\u2019nde bulunan Enerji ve Tabii Kaynaklar Bakan\u0131 Taner Y\u0131ld\u0131z, elektrik kesintileri ile ilgili de bir a\u00e7\u0131klama yapt\u0131.<\/p>\n<p style=\"color: #000000;\"><strong>\u00c7OK \u00c7ARPICI A\u00c7IKLAMA<\/strong><\/p>\n<p style=\"color: #000000;\">Elektrik kesintilerinin sebeplerinin netle\u015fti\u011fini ve hastal\u0131\u011fa te\u015fhis konuldu\u011funu ancak tetikleyici unsurlar \u00fczerinde halen \u00e7al\u0131\u015f\u0131ld\u0131\u011f\u0131n\u0131 belirten Bakan Y\u0131ld\u0131z \u00e7ok \u00e7arp\u0131c\u0131 bir noktaya i\u015faret etti.<\/p>\n<p style=\"color: #000000;\"><strong>86 B\u0130N 400 DE 1 \u0130HT\u0130MAL<\/strong><\/p>\n<p style=\"color: #000000;\">Bakan Y\u0131ld\u0131z yap\u0131lan ara\u015ft\u0131rmalarda 3 santralin 1\u2019er saniye arayla devreden \u00e7\u0131kmas\u0131\u00a0sonras\u0131nda bu kesintiler meydana geldi\u011fini belirtirken s\u00f6z konusu 3 santralin bahsedilen aral\u0131klarla devre d\u0131\u015f\u0131 kalma ihtimalinin de 86 bin 400 de 1 oldu\u011funu s\u00f6yledi.<\/p>\n<p style=\"color: #000000;\"><strong>SEBEPLER\u0130N\u0130 ARA\u015eTIRIYORUZ<\/strong><\/p>\n<p style=\"color: #000000;\">Uzmanlar\u0131n da b\u00f6yle bir\u015feyin olmas\u0131n\u0131n zor oldu\u011funu s\u00f6yledi\u011fini s\u00f6yleyen Bakan Y\u0131ld\u0131z, sebeplerini en ince detay\u0131na kadar ara\u015ft\u0131rd\u0131klar\u0131n\u0131 kaydetti.<\/p>\n<p style=\"color: #000000;\"><strong>AVRUPA\u2019NIN EN B\u00dcY\u00dcK \u0130K\u0130NC\u0130 \u015eEBEKES\u0130<\/strong><\/p>\n<p style=\"color: #000000;\">S\u00f6z konusu sistemin Avrupa\u2019n\u0131n en b\u00fcy\u00fck ikinci \u015febekesi oldu\u011funu ve T\u00fcrkiye\u2019nin enerji iletim sisteminin Avrupa \u00fclkeleri taraf\u0131ndan kabul g\u00f6rm\u00fc\u015f bir sistem oldu\u011funun alt\u0131n\u0131 da \u00e7izen Y\u0131ld\u0131z, \u201dO y\u00fczden ekibimize g\u00fcveniyoruz. \u0130n\u015fallah b\u00f6yle bir\u015feyin bir daha tekrarlanmayaca\u011f\u0131n\u0131 s\u00f6ylemek istiyorum.\u201d dedi.<\/p>\n<p style=\"color: #000000;\"><strong>\u201dS\u0130BER SALDIRI\u201d DEMEK \u0130\u00c7\u0130N HEN\u00dcZ ERKEN<\/strong><\/p>\n<p style=\"color: #000000;\">\u201dSiber sald\u0131r\u0131\u201d s\u00f6ylentileri ile ilgili kendisinin bu c\u00fcmleyi kullanmas\u0131 i\u00e7in hen\u00fcz \u00e7ok erken oldu\u011funu da s\u00f6yleyen Bakan Y\u0131ld\u0131z, \u201dBu bir ihtimal dahilindedir. \u00c7\u00fcnk\u00fc bir yerde bir \u015fifre ve kripto varsa bunlar m\u00fcmk\u00fcn. Bu sistemin korumas\u0131 i\u00e7in ayr\u0131 bir ekip \u00e7al\u0131\u015f\u0131yor. Bakanl\u0131\u011f\u0131m\u0131zda b\u00fct\u00fcn konular\u0131 \u015fefaf bir \u015fekilde ele al\u0131yoruz. O y\u00fczden b\u00f6yle bir \u015fey s\u00f6ylersem kamuoyunu yanl\u0131\u015f y\u00f6nlendirmi\u015f olurum. 3 santralin 1\u2019er saniye arayla devreden \u00e7\u0131k\u0131yo olmas\u0131n\u0131n teknik mi yoksa siber sald\u0131r\u0131dan m\u0131 kaynaklan\u0131yor bunu s\u00f6ylemek i\u00e7in erken. Saliselerin belirleyici oldu\u011fu bir s\u00fcre\u00e7 s\u00f6z konusu. Sakin olup do\u011fruyu a\u00e7\u0131klayaca\u011f\u0131z.\u201d diye konu\u015ftu.<\/p>\n<p style=\"color: #000000;\"><strong>MAL\u0130YETTE DE\u011e\u0130L S\u0130STEME ODAKLANDIK<\/strong><\/p>\n<p style=\"color: #000000;\">Kesintinin maliyeti ile ilgili ise \u015fu an \u00f6ncelikli olan sistemin toparlanmas\u0131 oldu\u011funu ve bu konuya odakland\u0131klar\u0131n\u0131 s\u00f6yleyen Y\u0131ld\u0131z, maliyet konusunun yaln\u0131zca kendilerine ba\u011fl\u0131 bir konu olmad\u0131\u011f\u0131n\u0131 da s\u00f6yledi.<\/p>\n<p style=\"color: #000000;\"><strong>36 SAATL\u0130K AMER\u0130KA \u00d6RNE\u011e\u0130<\/strong><\/p>\n<p style=\"color: #000000;\">Amerika\u2019da da 2003 y\u0131l\u0131nda 36 saatlik bir kesinti oldu\u011funu hat\u0131rlatan Bakan Y\u0131ld\u0131z, \u201d Onlarda oldu bizde de olur demiyorum. Ama atmosfere a\u00e7\u0131k i\u015fletmelerde bu durumlar\u0131n olabilece\u011fini ve bu durumun Bat\u0131l\u0131 \u00fclkelerde de kar\u015f\u0131la\u015f\u0131labilece\u011fini s\u00f6yl\u00fcyorum.\u201d diye konu\u015ftu.<\/p>\n<p style=\"color: #000000;\"><strong>TAM TERS\u0130 ARZ FAZLAMIZ VAR!<\/strong><\/p>\n<p style=\"color: #000000;\">T\u00fcrkiye\u2019de son 3 y\u0131lda arz\u0131n t\u00fcketimden daha fazla oldu\u011fu bilgisini de payla\u015fan Bakan Y\u0131ld\u0131z, \u201dBu sistem \u00e7\u00f6k\u00fc\u015f\u00fcn\u00fcn \u00fcretim arz\u0131 ile bir s\u0131k\u0131nt\u0131s\u0131 yoktur, tam tersi arz fazlam\u0131z vard\u0131r.\u201d dedi.<\/p>\n<p style=\"color: #000000;\">Kaynak: Enerji Enstit\u00fcs\u00fc<\/p>\n<p><\/p>","protected":false},"excerpt":{"rendered":"<p>Sorry, this entry is only available in Turkish. For the sake of viewer convenience, the content is shown below in the alternative language. You may click the link to switch the active language. Enerji ve Tabii Kaynaklar Bakan\u0131 Taner Y\u0131ld\u0131z elektrik kesintisiyle ilgili a\u00e7\u0131klamalarda bulundu. Elektrik kesintileri ile ilgili \u00e7ok \u00f6nemli a\u00e7\u0131klamalarda bulunan Enerji ve [&hellip;]<\/p>\n","protected":false},"author":1,"featured_media":37843,"comment_status":"open","ping_status":"open","sticky":false,"template":"","format":"standard","meta":[],"categories":[51,53],"tags":[710,68,61,140,21114,63,67,1009,2698,165,667,22214],"views":701,"_links":{"self":[{"href":"https:\/\/www.enerjigazetesi.ist\/en\/wp-json\/wp\/v2\/posts\/37842"}],"collection":[{"href":"https:\/\/www.enerjigazetesi.ist\/en\/wp-json\/wp\/v2\/posts"}],"about":[{"href":"https:\/\/www.enerjigazetesi.ist\/en\/wp-json\/wp\/v2\/types\/post"}],"author":[{"embeddable":true,"href":"https:\/\/www.enerjigazetesi.ist\/en\/wp-json\/wp\/v2\/users\/1"}],"replies":[{"embeddable":true,"href":"https:\/\/www.enerjigazetesi.ist\/en\/wp-json\/wp\/v2\/comments?post=37842"}],"version-history":[{"count":1,"href":"https:\/\/www.enerjigazetesi.ist\/en\/wp-json\/wp\/v2\/posts\/37842\/revisions"}],"predecessor-version":[{"id":37844,"href":"https:\/\/www.enerjigazetesi.ist\/en\/wp-json\/wp\/v2\/posts\/37842\/revisions\/37844"}],"wp:featuredmedia":[{"embeddable":true,"href":"https:\/\/www.enerjigazetesi.ist\/en\/wp-json\/wp\/v2\/media\/37843"}],"wp:attachment":[{"href":"https:\/\/www.enerjigazetesi.ist\/en\/wp-json\/wp\/v2\/media?parent=37842"}],"wp:term":[{"taxonomy":"category","embeddable":true,"href":"https:\/\/www.enerjigazetesi.ist\/en\/wp-json\/wp\/v2\/categories?post=37842"},{"taxonomy":"post_tag","embeddable":true,"href":"https:\/\/www.enerjigazetesi.ist\/en\/wp-json\/wp\/v2\/tags?post=37842"}],"curies":[{"name":"wp","href":"https:\/\/api.w.org\/{rel}","templated":true}]}}