{"id":37839,"date":"2015-04-03T13:31:19","date_gmt":"2015-04-03T10:31:19","guid":{"rendered":"https:\/\/www.enerjigazetesi.ist\/?p=37839"},"modified":"2015-04-03T13:31:19","modified_gmt":"2015-04-03T10:31:19","slug":"goldman-sachs-opec-degil-abd-petrol-uretimini-dusurmeli","status":"publish","type":"post","link":"https:\/\/www.enerjigazetesi.ist\/en\/goldman-sachs-opec-degil-abd-petrol-uretimini-dusurmeli\/","title":{"rendered":"(Turkish) Goldman Sachs: \u201cOPEC De\u011fil ABD Petrol \u00dcretimini D\u00fc\u015f\u00fcrmeli!&#8221;"},"content":{"rendered":"<p class=\"qtranxs-available-languages-message qtranxs-available-languages-message-en\">Sorry, this entry is only available in <a href=\"https:\/\/www.enerjigazetesi.ist\/tr\/wp-json\/wp\/v2\/posts\/37839\" class=\"qtranxs-available-language-link qtranxs-available-language-link-tr\" title=\"Turkish\">Turkish<\/a>. For the sake of viewer convenience, the content is shown below in the alternative language. You may click the link to switch the active language.<\/p><p><\/p>\n<p style=\"color: #000000;\"><strong>Goldman Sachs\u2019\u0131n Avrupa Enerji Ara\u015ft\u0131rmalar\u0131 Direkt\u00f6r\u00fc Michele Della Vigna, tarihi dip yapan petrol fiyatlar\u0131n\u0131n dengelenmesi i\u00e7in OPEC \u00fcyesi \u00fclkelerden ziyade ABD\u2019li \u00fcreticilerin \u00fcretimi d\u00fc\u015f\u00fcrmesi gerekti\u011fini s\u00f6yledi.<\/strong>\u00a0<span id=\"more-70993\"><\/span><\/p>\n<p style=\"color: #000000;\">Goldman Sachs\u2019\u0131n Avrupa Enerji Ara\u015ft\u0131rmalar\u0131 Direkt\u00f6r\u00fc Michele Della Vigna, ABD\u2019li CNBC televizyon kanal\u0131na yapt\u0131\u011f\u0131 a\u00e7\u0131klam<a href=\"https:\/\/www.enerjigazetesi.ist\/wp-content\/uploads\/2015\/04\/goldman-sachs-opec-degil-abd-petrol-uretimini-dusurmeli.jpg\"><img loading=\"lazy\" class=\"alignright size-medium wp-image-37840\" src=\"https:\/\/www.enerjigazetesi.ist\/wp-content\/uploads\/2015\/04\/goldman-sachs-opec-degil-abd-petrol-uretimini-dusurmeli-300x189.jpg\" alt=\"goldman-sachs-opec-degil-abd-petrol-uretimini-dusurmeli\" width=\"300\" height=\"189\" srcset=\"https:\/\/www.enerjigazetesi.ist\/wp-content\/uploads\/2015\/04\/goldman-sachs-opec-degil-abd-petrol-uretimini-dusurmeli-300x189.jpg 300w, https:\/\/www.enerjigazetesi.ist\/wp-content\/uploads\/2015\/04\/goldman-sachs-opec-degil-abd-petrol-uretimini-dusurmeli-500x316.jpg 500w, https:\/\/www.enerjigazetesi.ist\/wp-content\/uploads\/2015\/04\/goldman-sachs-opec-degil-abd-petrol-uretimini-dusurmeli-80x50.jpg 80w, https:\/\/www.enerjigazetesi.ist\/wp-content\/uploads\/2015\/04\/goldman-sachs-opec-degil-abd-petrol-uretimini-dusurmeli.jpg 868w\" sizes=\"(max-width: 300px) 100vw, 300px\" \/><\/a>ada,\u201d Bana g\u00f6re petrol piyasas\u0131 d\u00fczeltmenin ABD petrol \u00fcretiminin d\u00fc\u015f\u00fcr\u00fclmesinde yatt\u0131\u011f\u0131n\u0131 sezmeye ba\u015flad\u0131. Ve ona odaklanm\u0131\u015f durumda. Petrol \u0130hra\u00e7 Eden \u00dclkeler \u00d6rg\u00fct\u00fc (OPEC) \u00fcyesi olmayan \u00fclkelerin a\u015f\u0131r\u0131 \u00fcretimi petrolde fazla arza neden oldu.Ancak piyasada d\u00fczeltme ba\u015flad\u0131. OPEC\u2019in \u00fcretimi k\u0131smas\u0131 tabi ki de petrol fiyatlar\u0131nda dengeyi bulmam\u0131z\u0131 h\u0131zland\u0131r\u0131r ama petrol fiyatlar\u0131n\u0131 d\u00fc\u015f\u00fcren fakt\u00f6rlerin en \u00f6nemli iki nedeni; zay\u0131f k\u00fcresel talep ile ABD\u2019li kaya gaz\u0131ndan petrol \u00fcretimidir. \u201d dedi.<\/p>\n<p style=\"color: #000000;\"><strong>\u201c40 dolara d\u00fc\u015fme riski var\u201d<\/strong><\/p>\n<p style=\"color: #000000;\">Della Vigna g\u00f6re, Hazirandan \u00f6nce toplanmay\u0131 d\u00fc\u015f\u00fcnmeyen Petrol \u0130hra\u00e7 Eden \u00dclkeler \u00d6rg\u00fct\u00fc\u2019n\u00fcn 12 \u00fcyesi \u00fclke Kas\u0131m ay\u0131ndaki toplant\u0131 \u00f6ncesi \u00fcretimi d\u00fc\u015f\u00fcrmeyi ak\u0131llar\u0131ndan bile ge\u00e7irmiyor.<\/p>\n<p style=\"color: #000000;\">Brent petrol varil fiyatlar\u0131n\u0131n yaz aylar\u0131nda 40 dolara kadar d\u00fc\u015fme riski ile kar\u015f\u0131la\u015fabilece\u011fini belirten Della Vigna,\u201d Brent petrol varil fiyat\u0131 y\u0131l sonunda 70 dolarda dengelenecek\u201d dedi.<\/p>\n<p style=\"color: #000000;\">Kaynak: Enerji Enstit\u00fcs\u00fc<\/p>\n<p><\/p>","protected":false},"excerpt":{"rendered":"<p>Sorry, this entry is only available in Turkish. For the sake of viewer convenience, the content is shown below in the alternative language. You may click the link to switch the active language. Goldman Sachs\u2019\u0131n Avrupa Enerji Ara\u015ft\u0131rmalar\u0131 Direkt\u00f6r\u00fc Michele Della Vigna, tarihi dip yapan petrol fiyatlar\u0131n\u0131n dengelenmesi i\u00e7in OPEC \u00fcyesi \u00fclkelerden ziyade ABD\u2019li \u00fcreticilerin [&hellip;]<\/p>\n","protected":false},"author":1,"featured_media":37840,"comment_status":"open","ping_status":"open","sticky":false,"template":"","format":"standard","meta":[],"categories":[53,44],"tags":[20575,22213,63,67,1009,2698,165,5422,1377,347,6790],"views":439,"_links":{"self":[{"href":"https:\/\/www.enerjigazetesi.ist\/en\/wp-json\/wp\/v2\/posts\/37839"}],"collection":[{"href":"https:\/\/www.enerjigazetesi.ist\/en\/wp-json\/wp\/v2\/posts"}],"about":[{"href":"https:\/\/www.enerjigazetesi.ist\/en\/wp-json\/wp\/v2\/types\/post"}],"author":[{"embeddable":true,"href":"https:\/\/www.enerjigazetesi.ist\/en\/wp-json\/wp\/v2\/users\/1"}],"replies":[{"embeddable":true,"href":"https:\/\/www.enerjigazetesi.ist\/en\/wp-json\/wp\/v2\/comments?post=37839"}],"version-history":[{"count":1,"href":"https:\/\/www.enerjigazetesi.ist\/en\/wp-json\/wp\/v2\/posts\/37839\/revisions"}],"predecessor-version":[{"id":37841,"href":"https:\/\/www.enerjigazetesi.ist\/en\/wp-json\/wp\/v2\/posts\/37839\/revisions\/37841"}],"wp:featuredmedia":[{"embeddable":true,"href":"https:\/\/www.enerjigazetesi.ist\/en\/wp-json\/wp\/v2\/media\/37840"}],"wp:attachment":[{"href":"https:\/\/www.enerjigazetesi.ist\/en\/wp-json\/wp\/v2\/media?parent=37839"}],"wp:term":[{"taxonomy":"category","embeddable":true,"href":"https:\/\/www.enerjigazetesi.ist\/en\/wp-json\/wp\/v2\/categories?post=37839"},{"taxonomy":"post_tag","embeddable":true,"href":"https:\/\/www.enerjigazetesi.ist\/en\/wp-json\/wp\/v2\/tags?post=37839"}],"curies":[{"name":"wp","href":"https:\/\/api.w.org\/{rel}","templated":true}]}}