{"id":37836,"date":"2015-04-03T13:28:56","date_gmt":"2015-04-03T10:28:56","guid":{"rendered":"https:\/\/www.enerjigazetesi.ist\/?p=37836"},"modified":"2015-04-03T13:28:56","modified_gmt":"2015-04-03T10:28:56","slug":"ukrayna-ve-rusya-dogalgaz-anlasmasinin-suresini-uc-ay-uzatti","status":"publish","type":"post","link":"https:\/\/www.enerjigazetesi.ist\/en\/ukrayna-ve-rusya-dogalgaz-anlasmasinin-suresini-uc-ay-uzatti\/","title":{"rendered":"(Turkish) Ukrayna ve Rusya, Do\u011falgaz Anla\u015fmas\u0131n\u0131n S\u00fcresini \u00dc\u00e7 Ay Uzatt\u0131&#8230;"},"content":{"rendered":"<p class=\"qtranxs-available-languages-message qtranxs-available-languages-message-en\">Sorry, this entry is only available in <a href=\"https:\/\/www.enerjigazetesi.ist\/tr\/wp-json\/wp\/v2\/posts\/37836\" class=\"qtranxs-available-language-link qtranxs-available-language-link-tr\" title=\"Turkish\">Turkish<\/a>. For the sake of viewer convenience, the content is shown below in the alternative language. You may click the link to switch the active language.<\/p><p><\/p>\n<p style=\"color: #000000;\"><strong>Ukrayna, Rusya ile aralar\u0131ndaki do\u011falgaz anla\u015fmas\u0131n\u0131n s\u00fcresinin dolmas\u0131n\u0131n ard\u0131ndan, Moskova\u2019n\u0131n anla\u015fmay\u0131 \u00fc\u00e7 ay s\u00fcreyle uzatma teklifini kabul etti.<\/strong><\/p>\n<p style=\"color: #000000;\">Rusya, Ukrayna ile aralar\u0131ndaki, s\u00fcresi Mart ay\u0131 sonu itibar\u0131yla dolan do\u011falgaz anla\u015fmas\u0131n\u0131n s\u00fcresini \u00fc\u00e7 ay uzatmay\u0131 teklif etmi\u015fti.<span id=\"more-70992\"><\/span><\/p>\n<p style=\"color: #000000;\">Taraflar aras\u0131ndaki m\u00fczakerelerde arabuluculuk yapan Avrupa Komisyonu da Moskova\u2019n\u0131n \u2018g\u00fczel bir teklifte bulundu\u011funu\u2019 s\u00f6ylemi\u015f<a href=\"https:\/\/www.enerjigazetesi.ist\/wp-content\/uploads\/2015\/04\/ukrayna-ve-rusya-dogalgaz-anlasmasinin-suresini-uc-ay-uzatti.jpg\"><img loading=\"lazy\" class=\"alignleft wp-image-37837 size-medium\" src=\"https:\/\/www.enerjigazetesi.ist\/wp-content\/uploads\/2015\/04\/ukrayna-ve-rusya-dogalgaz-anlasmasinin-suresini-uc-ay-uzatti-300x157.jpg\" alt=\"ukrayna-ve-rusya-dogalgaz-anlasmasinin-suresini-uc-ay-uzatti\" width=\"300\" height=\"157\" srcset=\"https:\/\/www.enerjigazetesi.ist\/wp-content\/uploads\/2015\/04\/ukrayna-ve-rusya-dogalgaz-anlasmasinin-suresini-uc-ay-uzatti-300x157.jpg 300w, https:\/\/www.enerjigazetesi.ist\/wp-content\/uploads\/2015\/04\/ukrayna-ve-rusya-dogalgaz-anlasmasinin-suresini-uc-ay-uzatti-500x262.jpg 500w, https:\/\/www.enerjigazetesi.ist\/wp-content\/uploads\/2015\/04\/ukrayna-ve-rusya-dogalgaz-anlasmasinin-suresini-uc-ay-uzatti-80x41.jpg 80w, https:\/\/www.enerjigazetesi.ist\/wp-content\/uploads\/2015\/04\/ukrayna-ve-rusya-dogalgaz-anlasmasinin-suresini-uc-ay-uzatti.jpg 870w\" sizes=\"(max-width: 300px) 100vw, 300px\" \/><\/a> ve Kiev\u2019e bu teklifi kabul etme \u00e7a\u011fr\u0131s\u0131nda bulunmu\u015ftu.<\/p>\n<p style=\"color: #000000;\">Ukrayna Enerji Bakan\u0131 Vladimir Dem\u00e7i\u015fin, anla\u015fman\u0131n Naftogaz ve Gazprom aras\u0131ndaki ili\u015fkilerde siyasi de\u011fil, iktisadi bir yakla\u015f\u0131m sergilenmesinin ba\u015far\u0131s\u0131 oldu\u011funu s\u00f6yledi.<\/p>\n<p style=\"color: #000000;\">Ukrayna, Rusya ile Ekim ay\u0131nda vard\u0131\u011f\u0131 anla\u015fma \u00e7er\u00e7evesinde, do\u011falgaz\u0131 \u00f6n \u00f6demeli olarak al\u0131yor. \u00d6demeler, birka\u00e7 g\u00fcnl\u00fck dilimler halinde yap\u0131l\u0131yor.<\/p>\n<p style=\"color: #000000;\">Avrupa Birli\u011fi, do\u011falgaz ihtiyac\u0131n\u0131n \u00fc\u00e7te birini Rusya\u2019dan kar\u015f\u0131l\u0131yor ve do\u011falgaz\u0131n yar\u0131s\u0131 da \u00fcye \u00fclkelere Ukrayna \u00fczerinden ula\u015f\u0131yor.<\/p>\n<p style=\"color: #000000;\">Rusya, Ukrayna ve AB aras\u0131ndaki do\u011falgaz g\u00f6r\u00fc\u015fmeleri, Nisan ortas\u0131nda tekrar ba\u015flayacak. AB, Haziran ay\u0131na kadar 2015-2016 k\u0131\u015f\u0131 i\u00e7in bir anla\u015fmaya varmay\u0131 hedefliyor.<\/p>\n<p style=\"color: #000000;\">Komisyon s\u00f6zc\u00fcs\u00fc Anna-Kaisa Itkonen, Rusya\u2019n\u0131n teklifinin, m\u00fczakereler a\u00e7\u0131s\u0131ndan \u2018olumlu bir sinyal\u2019 oldu\u011funu s\u00f6yledi.<\/p>\n<p style=\"color: #000000;\">Kaynak: Enerji Enstit\u00fcs\u00fc<\/p>\n<p><\/p>","protected":false},"excerpt":{"rendered":"<p>Sorry, this entry is only available in Turkish. For the sake of viewer convenience, the content is shown below in the alternative language. You may click the link to switch the active language. Ukrayna, Rusya ile aralar\u0131ndaki do\u011falgaz anla\u015fmas\u0131n\u0131n s\u00fcresinin dolmas\u0131n\u0131n ard\u0131ndan, Moskova\u2019n\u0131n anla\u015fmay\u0131 \u00fc\u00e7 ay s\u00fcreyle uzatma teklifini kabul etti. Rusya, Ukrayna ile aralar\u0131ndaki, [&hellip;]<\/p>\n","protected":false},"author":1,"featured_media":37837,"comment_status":"open","ping_status":"open","sticky":false,"template":"","format":"standard","meta":[],"categories":[46,53],"tags":[92,1436,226,63,67,1009,2698,165,1277,10013,4221,16529],"views":761,"_links":{"self":[{"href":"https:\/\/www.enerjigazetesi.ist\/en\/wp-json\/wp\/v2\/posts\/37836"}],"collection":[{"href":"https:\/\/www.enerjigazetesi.ist\/en\/wp-json\/wp\/v2\/posts"}],"about":[{"href":"https:\/\/www.enerjigazetesi.ist\/en\/wp-json\/wp\/v2\/types\/post"}],"author":[{"embeddable":true,"href":"https:\/\/www.enerjigazetesi.ist\/en\/wp-json\/wp\/v2\/users\/1"}],"replies":[{"embeddable":true,"href":"https:\/\/www.enerjigazetesi.ist\/en\/wp-json\/wp\/v2\/comments?post=37836"}],"version-history":[{"count":1,"href":"https:\/\/www.enerjigazetesi.ist\/en\/wp-json\/wp\/v2\/posts\/37836\/revisions"}],"predecessor-version":[{"id":37838,"href":"https:\/\/www.enerjigazetesi.ist\/en\/wp-json\/wp\/v2\/posts\/37836\/revisions\/37838"}],"wp:featuredmedia":[{"embeddable":true,"href":"https:\/\/www.enerjigazetesi.ist\/en\/wp-json\/wp\/v2\/media\/37837"}],"wp:attachment":[{"href":"https:\/\/www.enerjigazetesi.ist\/en\/wp-json\/wp\/v2\/media?parent=37836"}],"wp:term":[{"taxonomy":"category","embeddable":true,"href":"https:\/\/www.enerjigazetesi.ist\/en\/wp-json\/wp\/v2\/categories?post=37836"},{"taxonomy":"post_tag","embeddable":true,"href":"https:\/\/www.enerjigazetesi.ist\/en\/wp-json\/wp\/v2\/tags?post=37836"}],"curies":[{"name":"wp","href":"https:\/\/api.w.org\/{rel}","templated":true}]}}