{"id":37816,"date":"2015-04-02T13:22:35","date_gmt":"2015-04-02T10:22:35","guid":{"rendered":"https:\/\/www.enerjigazetesi.ist\/?p=37816"},"modified":"2015-04-02T13:22:35","modified_gmt":"2015-04-02T10:22:35","slug":"yildizdan-elektrik-kesintisiyle-ilgili-son-dakika-aciklamasi","status":"publish","type":"post","link":"https:\/\/www.enerjigazetesi.ist\/en\/yildizdan-elektrik-kesintisiyle-ilgili-son-dakika-aciklamasi\/","title":{"rendered":"(Turkish) Y\u0131ld\u0131z\u2019dan Elektrik Kesintisiyle \u0130lgili Son Dakika A\u00e7\u0131klamas\u0131&#8230;"},"content":{"rendered":"<p class=\"qtranxs-available-languages-message qtranxs-available-languages-message-en\">Sorry, this entry is only available in <a href=\"https:\/\/www.enerjigazetesi.ist\/tr\/wp-json\/wp\/v2\/posts\/37816\" class=\"qtranxs-available-language-link qtranxs-available-language-link-tr\" title=\"Turkish\">Turkish<\/a>. For the sake of viewer convenience, the content is shown below in the alternative language. You may click the link to switch the active language.<\/p><p><\/p>\n<p style=\"color: #000000;\"><strong>T\u00fcrkiye\u2019nin tamam\u0131na yak\u0131n\u0131n\u0131 etkileyen elektrik kesintileri ile ilgili Enerji Bakan\u0131 Taner Y\u0131ld\u0131z a\u00e7\u0131klama yap\u0131yor.<\/strong><\/p>\n<p style=\"color: #000000;\"><strong>\u0130\u015fte Bakan Y\u0131ld\u0131z\u2019\u0131n a\u00e7\u0131klamalar\u0131:<\/strong><\/p>\n<p style=\"color: #000000;\">\u0130zmir Aila\u011fa\u2019daki santrallar\u0131n \u00e7\u0131kmas\u0131 b\u00f6yle bir \u00e7\u00f6k\u00fc\u015fe neden oldu. Vakay\u0131 okuyoruz ama ara\u015ft\u0131rmalar\u0131m\u0131z devam ediyor. B\u00fct\u00fcn bu 3 tane olumsuzlu\u011fun ayn\u0131 ana denk gelmesi nedeni 33 y\u0131ld\u0131r i\u015fi iletim olan arkada\u015flarla konu\u015ftu\u011fumuzda b\u00f6yle bir olas\u0131l\u0131\u011f\u0131n \u015fu ana <a href=\"https:\/\/www.enerjigazetesi.ist\/wp-content\/uploads\/2015\/04\/yildizdan-elektrik-kesintisiyle-ilgili-son-dakika-aciklamasi.jpg\"><img loading=\"lazy\" class=\"alignleft wp-image-37817 size-medium\" src=\"https:\/\/www.enerjigazetesi.ist\/wp-content\/uploads\/2015\/04\/yildizdan-elektrik-kesintisiyle-ilgili-son-dakika-aciklamasi-300x203.jpg\" alt=\"yildizdan-elektrik-kesintisiyle-ilgili-son-dakika-aciklamasi\" width=\"300\" height=\"203\" srcset=\"https:\/\/www.enerjigazetesi.ist\/wp-content\/uploads\/2015\/04\/yildizdan-elektrik-kesintisiyle-ilgili-son-dakika-aciklamasi-300x203.jpg 300w, https:\/\/www.enerjigazetesi.ist\/wp-content\/uploads\/2015\/04\/yildizdan-elektrik-kesintisiyle-ilgili-son-dakika-aciklamasi-500x339.jpg 500w, https:\/\/www.enerjigazetesi.ist\/wp-content\/uploads\/2015\/04\/yildizdan-elektrik-kesintisiyle-ilgili-son-dakika-aciklamasi-73x50.jpg 73w, https:\/\/www.enerjigazetesi.ist\/wp-content\/uploads\/2015\/04\/yildizdan-elektrik-kesintisiyle-ilgili-son-dakika-aciklamasi.jpg 625w\" sizes=\"(max-width: 300px) 100vw, 300px\" \/><\/a>kadar olmad\u0131\u011f\u0131n\u0131 kast ettiler.<span id=\"more-70983\"><\/span><\/p>\n<p style=\"color: #000000;\">Depremle bir k\u0131s\u0131m \u00e7\u00f6kmeler olmu\u015ftu 1999\u2019da. Trafo merkezleriyle fiziken bir darbe olmu\u015ftu. Bu sistem Avrupa\u2019n\u0131n ikinci b\u00fcy\u00fck \u015febekesidir. Toplam 1.2 mliyon kilometrelik iletim ve da\u011f\u0131t\u0131m hatt\u0131 olan atmosferi a\u00e7\u0131k bir i\u015fletmedir. \u0130ster teknik gerek\u00e7elerle ne olursa olsun bunu\u2026<\/p>\n<p style=\"color: #000000;\">Sistem kendisi korumak i\u00e7in frekans seviyelerini gerilim sal\u0131n\u0131mlar\u0131n\u0131 g\u00f6zlemliyor. Ve bunu lokalize etmek i\u00e7in bu \u015fekliyle \u00e7al\u0131\u015f\u0131yor. T\u00fcrkiye\u2019nin geneline sirayet etmesin diye. ENSO-E kapsam\u0131nda senkron \u00e7al\u0131\u015fma da b\u00f6yle davran\u0131yor. Alia\u011fa B\u00f6lgesi\u2019ndeki yap\u0131nan frekansla birlikte oldu\u011funu g\u00f6zlemledik. Bunu tetikleyen nedenin ne oldu\u011funu bir m\u00fcdahale mi teknik gerek\u00e7emi manip\u00fclasyon mu oldu\u011funu s\u00f6ylemiyoruz \u015fu an.<\/p>\n<p style=\"color: #000000;\">Sistemin y\u00fczde 100\u2019\u00fc devreye al\u0131nd\u0131. Ben bu a\u00e7\u0131dan sanayicilerimizin ve b\u00fct\u00fcn kesimlerimizin bundan teshir alt\u0131nda kald\u0131\u011f\u0131n\u0131 biliyorum. B\u00fct\u00fcn kurumlar\u0131m\u0131z ad\u0131na sistem ad\u0131na da bunun bir kez daha tekrarlanmayaca\u011f\u0131n\u0131 s\u00f6ylemem laz\u0131m.<\/p>\n<p style=\"color: #000000;\">\u0130htimal dahilinde mi siber sald\u0131r\u0131 ihtimal haricinde de\u011fil. T\u00fcrkiye\u2019de bir kriptolama yapt\u0131\u011f\u0131n\u0131zda bunun de\u015fifresinin yan\u0131ba\u015f\u0131nda oldu\u011funu biliyoruz. M\u00fchendislikte bu bilinir. TE\u0130A\u015e sisteminin siber sald\u0131r\u0131ya a\u00e7\u0131k olup olmad\u0131\u011f\u0131n\u0131 bu c\u00fcmlelerle a\u00e7\u0131klayabilirim. 17-25 Aral\u0131k s\u00fcresinde bunlar\u0131 g\u00f6rd\u00fck. Biz sistemin koruma alt\u0131na al\u0131nmas\u0131yla ilgili ayr\u0131 bir ekibimiz \u00e7al\u0131\u015f\u0131yor. Bu siber sald\u0131r\u0131d\u0131r demem i\u00e7in \u015fu anda erken.<br \/>\nBiz bakanl\u0131\u011f\u0131m\u0131za b\u00fct\u00fcn konular\u0131 g\u00fcc\u00fcn\u00fc \u015feffafl\u0131ktan alan bir yap\u0131y\u0131z.<\/p>\n<p style=\"color: #000000;\">Tekrar s\u00f6yl\u00fcyorum. Bu teknik bir gerek\u00e7e olabilir. Ama bu kadar 3 tane b\u00fcy\u00fck ar\u0131zan\u0131n ve \u00fcretim santrallar\u0131n\u0131n y\u00fck atman\u0131n daha \u00f6tesinde sistemin \u00e7al\u0131\u015fmas\u0131 ve bunun birer saniye arayla tetikleyen sebep manip\u00fclasyon mu teknik gerek\u00e7eler mi? K\u00fc\u00e7\u00fck bir ihtimalin ger\u00e7ekle\u015fti\u011fi mi siber bir sald\u0131r\u0131 m\u0131 s\u00f6ylemem erken.<\/p>\n<p style=\"color: #000000;\">Saniyeden k\u00fc\u00e7\u00fck b\u00f6l\u00fcmlerde 17 salise arayla iki iletim hat\u0131n\u0131n a\u00e7\u0131ld\u0131\u011f\u0131 s\u00f6ylediler bana. Temkinli olaca\u011f\u0131z. Sakin olaca\u011f\u0131z.<\/p>\n<p style=\"color: #000000;\">Toplan\u0131n 350 milyon TL civar\u0131nda oldu\u011funu s\u00f6yleyen bir STK oldu. Sal\u0131 g\u00fcn\u00fc bu sistem toparlanm\u0131\u015ft\u0131r. Bununla ilgili \u00e7al\u0131\u015fmalar\u0131m\u0131z\u0131 yapaca\u011f\u0131z.<\/p>\n<p style=\"color: #000000;\">TE\u0130A\u015e\u2019ta 33 y\u0131ld\u0131r \u00e7al\u0131\u015fan 5 ayr\u0131 ki\u015fiyle g\u00f6r\u00fc\u015ft\u00fcm. \u0130lk kez b\u00f6yle bir \u015feyle kar\u015f\u0131la\u015famad\u0131klar\u0131n\u0131 s\u00f6ylediler. Bu bir \u00e7ok olumsuzlu\u011fun3-4 olumsuzlu\u011fun tersine sinerjiyle olan bir konu. Bunun yanl\u0131zca T\u00fcrkiye\u2019de olmu\u015f\u00e7as\u0131na bilgi verilmesini do\u011fru bulmuyoruz. 2003\u2019te ABD\u2019de 36 saatlik bir kesinti oldu. Onlarda oldu bir de de oldu demek do\u011fru de\u011fil. Ama bunun atmosfere a\u00e7\u0131k i\u015fletmelerde olabilece\u011fini bak\u0131n \u0130talya, \u0130svi\u00e7re, Avusturya ve Slovenya\u2019da 55 miylon insan 18 saat elektriksiz kald\u0131. 2011 y\u0131l\u0131nda Arizona\u2019da olu\u015fan elektrik kesintisi NGS\u2019yi devre d\u0131\u015f\u0131 b\u0131rakt\u0131.<\/p>\n<p style=\"color: #000000;\">Kaynak:\u00a0<a style=\"color: #c75615;\" href=\"http:\/\/www.hurriyet.com.tr\/ekonomi\/28625977.asp\" target=\"_blank\" rel=\"nofollow\">H\u00fcrriyet<\/a><\/p>\n<p><\/p>","protected":false},"excerpt":{"rendered":"<p>Sorry, this entry is only available in Turkish. For the sake of viewer convenience, the content is shown below in the alternative language. You may click the link to switch the active language. T\u00fcrkiye\u2019nin tamam\u0131na yak\u0131n\u0131n\u0131 etkileyen elektrik kesintileri ile ilgili Enerji Bakan\u0131 Taner Y\u0131ld\u0131z a\u00e7\u0131klama yap\u0131yor. \u0130\u015fte Bakan Y\u0131ld\u0131z\u2019\u0131n a\u00e7\u0131klamalar\u0131: \u0130zmir Aila\u011fa\u2019daki santrallar\u0131n \u00e7\u0131kmas\u0131 [&hellip;]<\/p>\n","protected":false},"author":1,"featured_media":37817,"comment_status":"open","ping_status":"open","sticky":false,"template":"","format":"standard","meta":[],"categories":[51,53],"tags":[22203,710,68,61,140,63,67,1009,2698,165,22204,667,22205,1582,22206],"views":723,"_links":{"self":[{"href":"https:\/\/www.enerjigazetesi.ist\/en\/wp-json\/wp\/v2\/posts\/37816"}],"collection":[{"href":"https:\/\/www.enerjigazetesi.ist\/en\/wp-json\/wp\/v2\/posts"}],"about":[{"href":"https:\/\/www.enerjigazetesi.ist\/en\/wp-json\/wp\/v2\/types\/post"}],"author":[{"embeddable":true,"href":"https:\/\/www.enerjigazetesi.ist\/en\/wp-json\/wp\/v2\/users\/1"}],"replies":[{"embeddable":true,"href":"https:\/\/www.enerjigazetesi.ist\/en\/wp-json\/wp\/v2\/comments?post=37816"}],"version-history":[{"count":1,"href":"https:\/\/www.enerjigazetesi.ist\/en\/wp-json\/wp\/v2\/posts\/37816\/revisions"}],"predecessor-version":[{"id":37818,"href":"https:\/\/www.enerjigazetesi.ist\/en\/wp-json\/wp\/v2\/posts\/37816\/revisions\/37818"}],"wp:featuredmedia":[{"embeddable":true,"href":"https:\/\/www.enerjigazetesi.ist\/en\/wp-json\/wp\/v2\/media\/37817"}],"wp:attachment":[{"href":"https:\/\/www.enerjigazetesi.ist\/en\/wp-json\/wp\/v2\/media?parent=37816"}],"wp:term":[{"taxonomy":"category","embeddable":true,"href":"https:\/\/www.enerjigazetesi.ist\/en\/wp-json\/wp\/v2\/categories?post=37816"},{"taxonomy":"post_tag","embeddable":true,"href":"https:\/\/www.enerjigazetesi.ist\/en\/wp-json\/wp\/v2\/tags?post=37816"}],"curies":[{"name":"wp","href":"https:\/\/api.w.org\/{rel}","templated":true}]}}