{"id":37810,"date":"2015-04-02T13:15:34","date_gmt":"2015-04-02T10:15:34","guid":{"rendered":"https:\/\/www.enerjigazetesi.ist\/?p=37810"},"modified":"2015-04-02T13:15:34","modified_gmt":"2015-04-02T10:15:34","slug":"iranin-petrol-ihracati-35-yilin-zirvesine-yukseldi","status":"publish","type":"post","link":"https:\/\/www.enerjigazetesi.ist\/en\/iranin-petrol-ihracati-35-yilin-zirvesine-yukseldi\/","title":{"rendered":"(Turkish) \u0130ran\u2019\u0131n Petrol \u0130hracat\u0131 35 Y\u0131l\u0131n Zirvesine Y\u00fckseldi&#8230;"},"content":{"rendered":"<p class=\"qtranxs-available-languages-message qtranxs-available-languages-message-en\">Sorry, this entry is only available in <a href=\"https:\/\/www.enerjigazetesi.ist\/tr\/wp-json\/wp\/v2\/posts\/37810\" class=\"qtranxs-available-language-link qtranxs-available-language-link-tr\" title=\"Turkish\">Turkish<\/a>. For the sake of viewer convenience, the content is shown below in the alternative language. You may click the link to switch the active language.<\/p><p><\/p>\n<p style=\"color: #000000;\"><strong>\u0130ran\u2019\u0131n petrol ihracat\u0131, Mart ay\u0131nda 35 y\u0131l\u0131n en y\u00fcksek seviyesine ula\u015ft\u0131. Petrol Bakan\u0131 Asim Jihad\u2019\u0131n a\u00e7\u0131klamas\u0131na g\u00f6re \u0130ran h\u00fck\u00fcmeti bu y\u0131l ba\u015f\u0131na ihracatlarda k\u00f6t\u00fc hava ko\u015fullar\u0131ndan kaynaklanan d\u00fc\u015f\u00fc\u015f\u00fc telafi etmeye \u00e7al\u0131\u015f\u0131yor.<\/strong><span id=\"more-70982\"><\/span><\/p>\n<p style=\"color: #000000;\">OPEC\u2019in en b\u00fcy\u00fck ikinci \u00fcreticisi olan \u0130ran, Mart ay\u0131nda 92.4 milyon varil veya g\u00fcnl\u00fck olarak 2.98 milyon varil petrol sevkiyat\u0131 ger\u00e7ekle\u015f<a href=\"https:\/\/www.enerjigazetesi.ist\/wp-content\/uploads\/2015\/04\/iranin-petrol-ihracati-35-yilin-zirvesine-yukseldi.png\"><img loading=\"lazy\" class=\"alignright size-medium wp-image-37811\" src=\"https:\/\/www.enerjigazetesi.ist\/wp-content\/uploads\/2015\/04\/iranin-petrol-ihracati-35-yilin-zirvesine-yukseldi-300x162.png\" alt=\"iranin-petrol-ihracati-35-yilin-zirvesine-yukseldi\" width=\"300\" height=\"162\" srcset=\"https:\/\/www.enerjigazetesi.ist\/wp-content\/uploads\/2015\/04\/iranin-petrol-ihracati-35-yilin-zirvesine-yukseldi-300x162.png 300w, https:\/\/www.enerjigazetesi.ist\/wp-content\/uploads\/2015\/04\/iranin-petrol-ihracati-35-yilin-zirvesine-yukseldi-500x270.png 500w, https:\/\/www.enerjigazetesi.ist\/wp-content\/uploads\/2015\/04\/iranin-petrol-ihracati-35-yilin-zirvesine-yukseldi-80x43.png 80w, https:\/\/www.enerjigazetesi.ist\/wp-content\/uploads\/2015\/04\/iranin-petrol-ihracati-35-yilin-zirvesine-yukseldi.png 870w\" sizes=\"(max-width: 300px) 100vw, 300px\" \/><\/a>tirdi. Ayl\u0131k ihracat \u015eubat ay\u0131ndan y\u00fczde 15 y\u00fckseldi. Petrol Bakanl\u0131\u011f\u0131\u2019na g\u00f6re \u015eubat\u2019ta g\u00f6r\u00fclen k\u00f6t\u00fc hava ko\u015fullar\u0131ndan dolay\u0131 \u00fclkenin g\u00fcney petrol terminallerinden sevkiyatlar g\u00fcnl\u00fck 2.59 milyon dolara gerilemi\u015fti.<\/p>\n<p style=\"color: #000000;\">Jihad, \u201cBakanl\u0131k elveri\u015fsiz hava ko\u015fullar\u0131ndan kaynakl\u0131 ertelemeleri telafi etmek i\u00e7in ola\u011fan \u00fcst\u00fc \u00e7aba g\u00f6sterdi\u201d a\u00e7\u0131klamas\u0131nda bulundu.<\/p>\n<p style=\"color: #000000;\">Bloomberg\u2019in derledi\u011fi verilere g\u00f6re \u0130ran ge\u00e7ti\u011fimiz y\u0131l g\u00fcnl\u00fck ortalama 3.3 milyon varil ile 1979\u2019dan bu yana en b\u00fcy\u00fck \u00fcretimi ger\u00e7ekle\u015ftirdi.<\/p>\n<p style=\"color: #000000;\">Kaynak:\u00a0<a style=\"color: #c75615;\" href=\"http:\/\/www.bloomberght.com\/haberler\/haber\/1756273-iranin-petrol-ihracati-35-yilin-zirvesine-yukseldi\" target=\"_blank\" rel=\"nofollow\">BloombergHT<\/a><\/p>\n<p><\/p>","protected":false},"excerpt":{"rendered":"<p>Sorry, this entry is only available in Turkish. For the sake of viewer convenience, the content is shown below in the alternative language. You may click the link to switch the active language. \u0130ran\u2019\u0131n petrol ihracat\u0131, Mart ay\u0131nda 35 y\u0131l\u0131n en y\u00fcksek seviyesine ula\u015ft\u0131. Petrol Bakan\u0131 Asim Jihad\u2019\u0131n a\u00e7\u0131klamas\u0131na g\u00f6re \u0130ran h\u00fck\u00fcmeti bu y\u0131l ba\u015f\u0131na [&hellip;]<\/p>\n","protected":false},"author":1,"featured_media":37811,"comment_status":"open","ping_status":"open","sticky":false,"template":"","format":"standard","meta":[],"categories":[53,44],"tags":[63,67,1009,2698,165,22200,1377,59,79,5791,1369],"views":687,"_links":{"self":[{"href":"https:\/\/www.enerjigazetesi.ist\/en\/wp-json\/wp\/v2\/posts\/37810"}],"collection":[{"href":"https:\/\/www.enerjigazetesi.ist\/en\/wp-json\/wp\/v2\/posts"}],"about":[{"href":"https:\/\/www.enerjigazetesi.ist\/en\/wp-json\/wp\/v2\/types\/post"}],"author":[{"embeddable":true,"href":"https:\/\/www.enerjigazetesi.ist\/en\/wp-json\/wp\/v2\/users\/1"}],"replies":[{"embeddable":true,"href":"https:\/\/www.enerjigazetesi.ist\/en\/wp-json\/wp\/v2\/comments?post=37810"}],"version-history":[{"count":1,"href":"https:\/\/www.enerjigazetesi.ist\/en\/wp-json\/wp\/v2\/posts\/37810\/revisions"}],"predecessor-version":[{"id":37812,"href":"https:\/\/www.enerjigazetesi.ist\/en\/wp-json\/wp\/v2\/posts\/37810\/revisions\/37812"}],"wp:featuredmedia":[{"embeddable":true,"href":"https:\/\/www.enerjigazetesi.ist\/en\/wp-json\/wp\/v2\/media\/37811"}],"wp:attachment":[{"href":"https:\/\/www.enerjigazetesi.ist\/en\/wp-json\/wp\/v2\/media?parent=37810"}],"wp:term":[{"taxonomy":"category","embeddable":true,"href":"https:\/\/www.enerjigazetesi.ist\/en\/wp-json\/wp\/v2\/categories?post=37810"},{"taxonomy":"post_tag","embeddable":true,"href":"https:\/\/www.enerjigazetesi.ist\/en\/wp-json\/wp\/v2\/tags?post=37810"}],"curies":[{"name":"wp","href":"https:\/\/api.w.org\/{rel}","templated":true}]}}