{"id":37807,"date":"2015-04-02T13:12:12","date_gmt":"2015-04-02T10:12:12","guid":{"rendered":"https:\/\/www.enerjigazetesi.ist\/?p=37807"},"modified":"2015-04-02T13:12:12","modified_gmt":"2015-04-02T10:12:12","slug":"elektrik-santrallarina-buyuk-gozalti","status":"publish","type":"post","link":"https:\/\/www.enerjigazetesi.ist\/en\/elektrik-santrallarina-buyuk-gozalti\/","title":{"rendered":"(Turkish) Elektrik Santrallar\u0131na B\u00fcy\u00fck G\u00f6zalt\u0131!"},"content":{"rendered":"<p class=\"qtranxs-available-languages-message qtranxs-available-languages-message-en\">Sorry, this entry is only available in <a href=\"https:\/\/www.enerjigazetesi.ist\/tr\/wp-json\/wp\/v2\/posts\/37807\" class=\"qtranxs-available-language-link qtranxs-available-language-link-tr\" title=\"Turkish\">Turkish<\/a>. For the sake of viewer convenience, the content is shown below in the alternative language. You may click the link to switch the active language.<\/p><p><\/p>\n<p style=\"color: #000000;\"><strong>T\u00fcrkiye genelinde g\u00fcnl\u00fck hayat\u0131 deyim yerindeyse fel\u00e7 eden elektrik kesintilerinin nedeni ara\u015ft\u0131r\u0131lmaya devam ediliyor. Peki bundan sonra benzer bir olay\u0131n ya\u015fanmamas\u0131 i\u00e7in neler yap\u0131lmal\u0131? Uzmanlar, enerjinin iletim ve \u00fcretimindeki iyile\u015ftirmeler kadar, g\u00fcvenlik konusunun da \u00f6nemine dikkat \u00e7ekiyor ve bir an \u00f6nce aksiyon plan\u0131 uygulanmas\u0131 gerekti\u011fi konusunda uyar\u0131da bulunuyor.<\/strong><span id=\"more-70981\"><\/span><\/p>\n<p style=\"color: #000000;\">T\u00fcrkiye, \u00f6nceki g\u00fcn \u00fclke \u00e7ap\u0131nda ya\u015fanan elektrik kesintileriyle sars\u0131ld\u0131. 8 saati a\u015fan elektrik kesintisi neredeyse t\u00fcm T\u00fcrkiye\u2019de hayat\u0131 fel\u00e7 etti. B\u00fcy\u00fck bir de ekonomik fatura \u00e7\u0131kard\u0131. Hayat\u0131 fel\u00e7 eden ele<a href=\"https:\/\/www.enerjigazetesi.ist\/wp-content\/uploads\/2015\/04\/elektrik-santrallarina-buyuk-gozalti.jpg\"><img loading=\"lazy\" class=\"alignleft wp-image-37808 size-medium\" src=\"https:\/\/www.enerjigazetesi.ist\/wp-content\/uploads\/2015\/04\/elektrik-santrallarina-buyuk-gozalti-300x191.jpg\" alt=\"elektrik-santrallarina-buyuk-gozalti\" width=\"300\" height=\"191\" srcset=\"https:\/\/www.enerjigazetesi.ist\/wp-content\/uploads\/2015\/04\/elektrik-santrallarina-buyuk-gozalti-300x191.jpg 300w, https:\/\/www.enerjigazetesi.ist\/wp-content\/uploads\/2015\/04\/elektrik-santrallarina-buyuk-gozalti-500x319.jpg 500w, https:\/\/www.enerjigazetesi.ist\/wp-content\/uploads\/2015\/04\/elektrik-santrallarina-buyuk-gozalti-78x50.jpg 78w, https:\/\/www.enerjigazetesi.ist\/wp-content\/uploads\/2015\/04\/elektrik-santrallarina-buyuk-gozalti.jpg 870w\" sizes=\"(max-width: 300px) 100vw, 300px\" \/><\/a>ktrik kesintisi kadar, g\u00fcn boyunca sorunun kayna\u011f\u0131n\u0131n bulunamamas\u0131 ve benzer bir olay\u0131n bir daha ya\u015fanmayaca\u011f\u0131na dair g\u00fcvence verilmemesi de kayg\u0131 uyand\u0131rd\u0131. Herhangi bir nedenden dolay\u0131 T\u00fcrkiye\u2019nin elektrik sisteminin tamam\u0131n\u0131n domino etkisiyle devre d\u0131\u015f\u0131 kalmas\u0131, stratejik a\u00e7\u0131dan da zafiyet olarak yorumland\u0131. T\u00fcrkiye, bir daha benzer bir tabloyla kar\u015f\u0131la\u015fmamak i\u00e7in nas\u0131l bir yol izlemeli?<\/p>\n<p style=\"color: #000000;\"><strong>AKS\u0130YON PLANI YOK<\/strong><\/p>\n<p style=\"color: #000000;\">Konunun uzmanlar\u0131, enerji \u00fcretimi ve iletimiyle alakal\u0131 sorunlar\u0131n yan\u0131s\u0131ra, kriz \u00f6nlem ve kontrol mekanizmalar\u0131n\u0131n da g\u00fc\u00e7lendirilmesi gerekti\u011fini vurguluyor. Ernst &amp; Young Operasyonel Teknolojiler Merkezi T\u00fcrkiye Lideri An\u0131l Sava\u015f K\u0131l\u0131\u00e7, Avrupa Birli\u011fi\u2019nde kritik altyap\u0131 tan\u0131mlanmas\u0131 yap\u0131ld\u0131\u011f\u0131n\u0131 ve buna y\u00f6nelik direktifler \u00e7\u0131kar\u0131ld\u0131\u011f\u0131n\u0131, T\u00fcrkiye\u2019de kritik enerji altyap\u0131lar\u0131na y\u00f6nelik hen\u00fcz net bir aksiyon plan\u0131 olmad\u0131\u011f\u0131n\u0131 kaydediyor. Kritik altyap\u0131 g\u00fcvenli\u011fine ili\u015fkin Enerji Bakanl\u0131\u011f\u0131 b\u00fcnyesinde bir birim olu\u015fturulmas\u0131 gerekti\u011fini dile getiren K\u0131l\u0131\u00e7, \u201cBir siber sald\u0131r\u0131 oldu demiyorum. Fakat bir siber sald\u0131r\u0131 oldu\u011funda olacaklar tam da budur\u201d yorumunu yap\u0131yor.<\/p>\n<p style=\"color: #000000;\">31 Mart, T\u00fcrkiye i\u00e7in tam anlam\u0131yla \u201ckaranl\u0131k\u201d bir g\u00fcn olarak tarihe ge\u00e7ti. Sabah 10 sular\u0131nda elektrik sistemi \u00e7\u00f6kt\u00fc, \u00e7ok say\u0131da kentte elektrik kesintisi ya\u015fand\u0131. Berkin Elvan davas\u0131na bakan Savc\u0131 Mehmet Selim Kiraz\u2019\u0131n odas\u0131nda rehin al\u0131nmas\u0131n\u0131n elektrik kesintileri ile ayn\u0131 g\u00fcne denk gelmesi ise ak\u0131llara \u201cbir ba\u011flant\u0131 m\u0131 var?\u201d sorusunu getirdi. Enerji Bakan\u0131 Taner Y\u0131ld\u0131z\u2019\u0131n yapt\u0131\u011f\u0131 a\u00e7\u0131klamada \u00fczerinde durdu\u011fu olas\u0131l\u0131klardan biri de siber sald\u0131r\u0131 oldu. Siber sald\u0131r\u0131lar, \u00f6zellikle son y\u0131llarda milyonlar\u0131 karanl\u0131\u011fa g\u00f6men senaryolar\u0131n \u00fcretildi\u011fi bir tehdit olarak alg\u0131lan\u0131yor ve enerji g\u00fcvenli\u011fi de ba\u015fl\u0131 ba\u015f\u0131na d\u00fcnyan\u0131n en \u00f6nemli g\u00fcndem maddelerinden biri haline geliyor. An\u0131l Sava\u015f K\u0131l\u0131\u00e7, \u00f6zellikle T\u00fcrkiye Elektrik \u0130letim A\u015e\u2019ye (TE\u0130A\u015e) yap\u0131labilecek bir siber sald\u0131r\u0131n\u0131n, elektrik kesintisinin olas\u0131 sebepleri aras\u0131nda say\u0131lmas\u0131n\u0131n mant\u0131kl\u0131 oldu\u011funu savunarak, \u201cAvrupa Birli\u011fi\u2019nin kritik altyap\u0131lar\u0131n korunmas\u0131na y\u00f6nelik program\u0131, kritik altyap\u0131lar\u0131n tan\u0131mlanmas\u0131 ve bunlar\u0131n g\u00fcvenli\u011fini sa\u011flamak i\u00e7in planlar yap\u0131lmas\u0131n\u0131 \u00f6ng\u00f6r\u00fcyor. Enerji Bakanl\u0131\u011f\u0131\u2019n\u0131n olu\u015fturaca\u011f\u0131 birim, bir makro plan \u00e7er\u00e7evesinde kritik enerji altyap\u0131 unsurlar\u0131n\u0131 nas\u0131l koruyaca\u011f\u0131n\u0131 tan\u0131mlamal\u0131 ve gerekli \u00f6nlemleri almal\u0131\u201d diyor.<\/p>\n<h2 style=\"color: #232323;\">S\u0130BER olsa bu kadar olur<\/h2>\n<p style=\"color: #000000;\">An\u0131l Sava\u015f K\u0131l\u0131\u00e7, elektrik kesintilerine y\u00f6nelik \u201cSiber sald\u0131r\u0131 oldu\u011funda olacaklar tam da budur\u201d yorumunu yaparak, \u015f\u00f6yle devam ediyor: \u201c\u015eebekelerde scada sistemleri var, u\u00e7 birimleri uzaktan takip etmeye ve kontrol etmeye yar\u0131yor. Genelde enerji \u015firketlerinin uzaktan m\u00fcdahale birimleri g\u00fcvenlik sebebiyle kullan\u0131ma a\u00e7\u0131k de\u011fil. Enerji \u015firketleri de \u015fimdilik \u2018Santralimizi uzaktan a\u00e7\u0131p kapayal\u0131m\u2019 gibi se\u00e7enekleri kullanm\u0131yorlar. Uzaktan takip verilerine y\u00f6nelik bir sald\u0131r\u0131 olursa, mesela masa ba\u015f\u0131ndan her \u015feyin do\u011fru gitti\u011fini san\u0131rs\u0131n\u0131z ama asl\u0131nda bir patlama olmu\u015ftur. Da\u011f\u0131t\u0131m \u015firketleri s\u00fcrekli \u015febeke yenilemeleri yap\u0131yorlar. Ak\u0131ll\u0131 \u015febeke i\u00e7in \u00e7al\u0131\u015fmalar devam ediyor. Ak\u0131ll\u0131 \u015febeke geldi\u011fi zaman sorunlar belki azalacak ama sistem siber sald\u0131r\u0131ya \u00e7ok daha a\u00e7\u0131k olacak. D\u00fcnya \u00e7ap\u0131nda her y\u0131l kritik altyap\u0131lara yap\u0131lan sald\u0131r\u0131lar\u0131n miktar\u0131 \u00e7ok artmaya ba\u015flad\u0131. E\u011fer ileride bir sald\u0131r\u0131 olursa, tam da d\u00fcnk\u00fc (\u00f6nceki g\u00fcn) olaylar olacak.\u00a0Bunun i\u00e7in yol haritas\u0131n\u0131 ortaya koymam\u0131z gerekiyor.\u201d<\/p>\n<h2 style=\"color: #232323;\">\u015eu ad\u0131mlar at\u0131lmal\u0131<\/h2>\n<p style=\"color: #000000;\">Ulusal kritik altyap\u0131 (enerji altyap\u0131s\u0131) g\u00fcvenli\u011fi planlar\u0131 geli\u015ftirilmeli<br \/>\nPlan kapsam\u0131nda \u00f6zel sekt\u00f6r ve kamu taraf\u0131ndaki rol ve sorumluluklar belirlenmeli<br \/>\nKritik enerji altyap\u0131s\u0131 g\u00fcvenlik seviyesi de\u011ferlendirilmeli<br \/>\nEnerji firmalar\u0131n\u0131n kritik altyap\u0131 olarak belirlenen altyap\u0131lar\u0131 i\u00e7in yapmas\u0131 gereken g\u00fcvenlik \u00e7al\u0131\u015fmalar\u0131 kanun\/mevzuatla belirlenmeli<\/p>\n<p style=\"color: #000000;\">Haberin Devam\u0131 i\u00e7in\u00a0<a style=\"color: #c75615;\" href=\"http:\/\/www.hurriyet.com.tr\/ekonomi\/28622645.asp\" target=\"_blank\" rel=\"nofollow\">T\u0131klay\u0131n\u0131z&gt;&gt;&gt;<\/a><\/p>\n<p><\/p>","protected":false},"excerpt":{"rendered":"<p>Sorry, this entry is only available in Turkish. For the sake of viewer convenience, the content is shown below in the alternative language. You may click the link to switch the active language. T\u00fcrkiye genelinde g\u00fcnl\u00fck hayat\u0131 deyim yerindeyse fel\u00e7 eden elektrik kesintilerinin nedeni ara\u015ft\u0131r\u0131lmaya devam ediliyor. Peki bundan sonra benzer bir olay\u0131n ya\u015fanmamas\u0131 i\u00e7in [&hellip;]<\/p>\n","protected":false},"author":1,"featured_media":37808,"comment_status":"open","ping_status":"open","sticky":false,"template":"","format":"standard","meta":[],"categories":[51,53],"tags":[780,4258,68,61,11276,22198,63,67,1009,2698,165,22199,19577,1582,3479],"views":715,"_links":{"self":[{"href":"https:\/\/www.enerjigazetesi.ist\/en\/wp-json\/wp\/v2\/posts\/37807"}],"collection":[{"href":"https:\/\/www.enerjigazetesi.ist\/en\/wp-json\/wp\/v2\/posts"}],"about":[{"href":"https:\/\/www.enerjigazetesi.ist\/en\/wp-json\/wp\/v2\/types\/post"}],"author":[{"embeddable":true,"href":"https:\/\/www.enerjigazetesi.ist\/en\/wp-json\/wp\/v2\/users\/1"}],"replies":[{"embeddable":true,"href":"https:\/\/www.enerjigazetesi.ist\/en\/wp-json\/wp\/v2\/comments?post=37807"}],"version-history":[{"count":1,"href":"https:\/\/www.enerjigazetesi.ist\/en\/wp-json\/wp\/v2\/posts\/37807\/revisions"}],"predecessor-version":[{"id":37809,"href":"https:\/\/www.enerjigazetesi.ist\/en\/wp-json\/wp\/v2\/posts\/37807\/revisions\/37809"}],"wp:featuredmedia":[{"embeddable":true,"href":"https:\/\/www.enerjigazetesi.ist\/en\/wp-json\/wp\/v2\/media\/37808"}],"wp:attachment":[{"href":"https:\/\/www.enerjigazetesi.ist\/en\/wp-json\/wp\/v2\/media?parent=37807"}],"wp:term":[{"taxonomy":"category","embeddable":true,"href":"https:\/\/www.enerjigazetesi.ist\/en\/wp-json\/wp\/v2\/categories?post=37807"},{"taxonomy":"post_tag","embeddable":true,"href":"https:\/\/www.enerjigazetesi.ist\/en\/wp-json\/wp\/v2\/tags?post=37807"}],"curies":[{"name":"wp","href":"https:\/\/api.w.org\/{rel}","templated":true}]}}