{"id":3780,"date":"2012-11-23T10:13:50","date_gmt":"2012-11-23T07:13:50","guid":{"rendered":"https:\/\/www.enerjigazetesi.ist\/?p=3780"},"modified":"2012-11-23T10:14:03","modified_gmt":"2012-11-23T07:14:03","slug":"cari-acigin-nedeni-enerji-ithalatinin-faturasi","status":"publish","type":"post","link":"https:\/\/www.enerjigazetesi.ist\/en\/cari-acigin-nedeni-enerji-ithalatinin-faturasi\/","title":{"rendered":"(Turkish) Cari A\u00e7\u0131\u011f\u0131n Nedeni Enerji \u0130thalat\u0131n\u0131n Faturas\u0131"},"content":{"rendered":"<p class=\"qtranxs-available-languages-message qtranxs-available-languages-message-en\">Sorry, this entry is only available in <a href=\"https:\/\/www.enerjigazetesi.ist\/tr\/wp-json\/wp\/v2\/posts\/3780\" class=\"qtranxs-available-language-link qtranxs-available-language-link-tr\" title=\"Turkish\">Turkish<\/a>. For the sake of viewer convenience, the content is shown below in the alternative language. You may click the link to switch the active language.<\/p><p><strong>T\u00fcrkiye\u2019nin b\u00fcy\u00fcme ve i\u015fsizlikle ba\u015fa \u00e7\u0131kt\u0131\u011f\u0131n\u0131 s\u00f6yleyen\u00a0 Bakan \u015eim\u015fek, enerji ithalat\u0131 olmasa 3.5 milyar dolarl\u0131k cari fazlam\u0131z oldu\u011funu s\u00f6yledi. Maliye Bakan\u0131 Mehmet \u015eim\u015fek, Maliye Bakanl\u0131\u011f\u0131 ev sahipli\u011finde, Karadeniz Ekonomik \u0130\u015fbirli\u011fi \u00d6rg\u00fct\u00fc (KE\u0130) b\u00fcnyesinde Antalya\u2019da d\u00fczenlenen \u201cK\u00fcresel E\u011filimler I\u015f\u0131\u011f\u0131nda KE\u0130 B\u00f6lgesinde Uluslararas\u0131 Vergi Uygulamalar\u0131\u201d konulu forumda konu\u015fma yapt\u0131.<\/strong><\/p>\n<p><img loading=\"lazy\" class=\"alignleft size-medium wp-image-3782\" title=\"bakan-simsek-enerji-faturasi\" src=\"https:\/\/www.enerjigazetesi.ist\/wp-content\/uploads\/2012\/11\/bakan-simsek-enerji-faturasi-300x199.jpg\" alt=\"\" width=\"300\" height=\"199\" srcset=\"https:\/\/www.enerjigazetesi.ist\/wp-content\/uploads\/2012\/11\/bakan-simsek-enerji-faturasi-300x199.jpg 300w, https:\/\/www.enerjigazetesi.ist\/wp-content\/uploads\/2012\/11\/bakan-simsek-enerji-faturasi-75x50.jpg 75w, https:\/\/www.enerjigazetesi.ist\/wp-content\/uploads\/2012\/11\/bakan-simsek-enerji-faturasi.jpg 400w\" sizes=\"(max-width: 300px) 100vw, 300px\" \/>Maliye Bakan\u0131 Mehmet \u015eim\u015fek, k\u00fcresel kriz ortam\u0131nda T\u00fcrkiye\u2019nin b\u00fcy\u00fcme ve i\u015fsizlikle m\u00fccadele konusunda \u00f6nemli ba\u015far\u0131lar elde etti\u011fini, en b\u00fcy\u00fck sorunlardan birinin ise cari denge problemi oldu\u011funu dile getirdi. Cari dengeye bak\u0131ld\u0131\u011f\u0131 zaman asl\u0131nda enerji hari\u00e7 fazla bulundu\u011funu kaydeden \u015eim\u015fek, \u201cSon 12 ayda enerji ithalat\u0131n\u0131 d\u0131\u015far\u0131da tutarsan\u0131z 3,5 milyar dolarl\u0131k cari fazla var. Fakat enerji a\u00e7\u0131s\u0131ndan fakir bir \u00fclkeyiz. O nedenle enerji ithalat faturam\u0131z olduk\u00e7a y\u00fcksek, son 12 ayda 58,8 milyar dolar civar\u0131nda\u201d dedi. T\u00fcrkiye\u2019nin enerji ithalat\u0131n\u0131 azaltmak i\u00e7in yerli ve yenilenebilir enerji kaynaklar\u0131 ile n\u00fckleer enerjiyi harekete ge\u00e7irmek i\u00e7in \u00e7al\u0131\u015ft\u0131\u011f\u0131n\u0131 belirten \u015eim\u015fek, daha da \u00f6nemli y\u00fcksek katma de\u011ferli \u00fcr\u00fcnler \u00fcretmeye \u00e7al\u0131\u015ft\u0131\u011f\u0131n\u0131, bu nedenle Ar-Ge\u2019ye b\u00fcy\u00fck \u00f6nem verdiklerini dile getirdi.<\/p>\n<p>Konu\u015fmas\u0131nda b\u00f6lgesel i\u015fbirliklerinin \u00f6nemine i\u015faret eden \u015eim\u015fek, \u201c2008 ve 2009 y\u0131llar\u0131nda ya\u015fananlar G20 d\u00fczeyinde ve di\u011fer platformlarda \u00e7ok g\u00fc\u00e7l\u00fc bir i\u015fbirli\u011fi olmasayd\u0131 \u2019k\u00fcresel buhran\u2019\u015feklinde geli\u015febilirdi. Yani, e\u011fer biz bug\u00fcn k\u00fcresel bir buhran\u0131 engelleyebildiysek asl\u0131nda bunu \u00f6nemli \u00f6l\u00e7\u00fcde k\u00fcresel i\u015fbirli\u011fine bor\u00e7luyuz\u201d dedi. O nedenle b\u00fct\u00fcn alanlarda hem b\u00f6lgesel hem de k\u00fcresel anlamda i\u015fbirli\u011finin art\u0131k bir zaruret oldu\u011funu anlatan \u015eim\u015fek, KE\u0130\u2019nin de bu ama\u00e7la kurulan b\u00f6lgesel bir birlik oldu\u011funu s\u00f6yledi. \u201cB\u00f6lgemizde istikrar istiyoruz, refah istiyoruz\u201d diyen \u015eim\u015fek, i\u015fbirliklerini sadece k\u00fclt\u00fcrel ve siyasi alanlarda s\u0131n\u0131rlamamak gerekti\u011fini, her alanda \u00fclkelerin birbirlerinden \u00f6\u011frenecekleri bir\u00e7ok \u015fey bulundu\u011funu dile getirdi. T\u00fcrkiye\u2019nin Karadeniz b\u00f6lgesindeki ticareti hakk\u0131nda bilgi veren \u015eim\u015fek, 10 y\u0131l \u00f6nce b\u00f6lge \u00fclkelere 3,5 milyar dolar civar\u0131nda olan ihracat\u0131n bug\u00fcn 17,7 milyar dolara kadar \u00e7\u0131kt\u0131\u011f\u0131n\u0131 ve bunun da toplam ihracat\u0131n y\u00fczde 13\u2019\u00fcne denk geldi\u011fini s\u00f6yledi. Bakan \u015eim\u015fek, b\u00f6lge \u00fclkelerinden 6,5 milyar dolar d\u00fczeyinde yap\u0131lan ithalat\u0131n ise bug\u00fcn 39 milyar dolara kadar \u00e7\u0131kt\u0131\u011f\u0131n\u0131 dile getirdi.<br \/>\n<strong>\u201c\u0130stihdamda kay\u0131td\u0131\u015f\u0131 % 38\u201d <\/strong>En \u00f6nemli sorun alanlar\u0131ndan birinin kay\u0131td\u0131\u015f\u0131l\u0131kla m\u00fccadele oldu\u011funu ve T\u00fcrkiye olarak bu alan\u0131 \u00e7ok \u00f6nemsediklerini belirten Maliye Bakan\u0131 Mehmet \u015eim\u015fek, T\u00fcrkiye\u2019nin son y\u0131llarda kay\u0131td\u0131\u015f\u0131l\u0131kla m\u00fccadelede \u00f6nemli ba\u015far\u0131 sa\u011flad\u0131\u011f\u0131n\u0131, fakat geldikleri noktadan hala memnun olmad\u0131klar\u0131n\u0131 ve kat edilecek daha \u00e7ok mesafe bulundu\u011funu s\u00f6yledi. Bakan \u015eim\u015fek, \u201cGenel ekonomide kay\u0131td\u0131\u015f\u0131l\u0131k oran\u0131 y\u00fczde 27\u2019ler civar\u0131nda, istihdam a\u00e7\u0131s\u0131ndan bakt\u0131\u011f\u0131m\u0131z zaman kay\u0131td\u0131\u015f\u0131l\u0131k y\u00fczde 38 civar\u0131nda. Onun i\u00e7in daha kat edece\u011fimiz \u00e7ok mesafe var, kay\u0131td\u0131\u015f\u0131l\u0131\u011f\u0131 daha azaltmam\u0131z laz\u0131m\u201d dedi.<br \/>\n<strong>Kay\u0131td\u0131\u015f\u0131 azal\u0131yor<\/strong> Ekonomideki kay\u0131td\u0131\u015f\u0131l\u0131\u011fa da de\u011finen Maliye Bakan\u0131 Mehmet \u015eim\u015fek, son uygulamalarla birlikte kira m\u00fckellefi olan ki\u015filerin de ortaya \u00e7\u0131kar\u0131ld\u0131\u011f\u0131n\u0131 belirtti. T\u00fcrkiye\u2019de bu y\u0131l yap\u0131lan bir uygulama ile 4,5 milyon civar\u0131nda olan kira m\u00fckellefi say\u0131s\u0131n\u0131n yakla\u015f\u0131k 370 bin art\u0131r\u0131ld\u0131\u011f\u0131n\u0131 anlatan \u015eim\u015fek, bu t\u00fcr deneyimlerin KE\u0130 \u00fclkelerinde bulundu\u011funa, bu forumda bu deneyimlerin de payla\u015f\u0131labilece\u011fine vurgu yapt\u0131. <strong>\u201cVergide i\u015fbirli\u011fi \u00f6nemli\u201d <\/strong>K\u00fcresel ekonomik krizle ilgili de de\u011ferlendirmelerde bulunan Bakan Mehmet \u015eim\u015fek, kriz sonras\u0131nda ABD, Japonya, AB \u00fclkeleri gibi b\u00fcy\u00fcmenin motoru say\u0131lan bir\u00e7ok \u00fclkenin b\u00fcy\u00fcmede kriz \u00f6ncesi seviyeleri hen\u00fcz yakalayamad\u0131\u011f\u0131n\u0131 kaydetti. \u015eim\u015fek, \u201cBu, \u00f6n\u00fcm\u00fczdeki 5-10 y\u0131l\u0131 tehdit eden bir unsur. O nedenle de vergi konusundaki i\u015fbirli\u011fi \u00e7ok daha \u00f6nemli. K\u00fcresel kriz sonras\u0131nda bir\u00e7ok alanda oldu\u011fu gibi bu alandaki i\u015fbirli\u011fi \u00e7ok \u00f6nemli\u201d diye konu\u015ftu.<\/p>\n<p>KE\u0130\u2019de 23 \u00fcye ve g\u00f6zlemci \u00fclke bulundu\u011funu, bu \u00fclkelerin 22\u2019si ile kar\u015f\u0131l\u0131kl\u0131 yat\u0131r\u0131mlar\u0131 ve ticareti te\u015fvik edecek nitelikte \u00e7ifte vergilendirmeyi engelleyici anla\u015fmalar oldu\u011funu belirten \u015eim\u015fek, \u00f6n\u00fcm\u00fczdeki d\u00f6nemde sadece mevcut vergi anla\u015fmalar\u0131 \u00e7er\u00e7evesinde de\u011fil, vergilendirmenin k\u00fcresel entegrasyonun gerektirdi\u011fi \u00e7er\u00e7evede yap\u0131labilecek yo\u011fun diyaloglara ihtiya\u00e7 bulundu\u011funu bildirdi. Fransa\u2019da son d\u00fczenlenen G20 zirvesinde OECD \u00fclkeleri aras\u0131nda \u00e7ok tarafl\u0131 bir anla\u015fma imzaland\u0131\u011f\u0131n\u0131 hat\u0131rlatan Bakan \u015eim\u015fek, bu anla\u015fmalar\u0131n sadece bilgi de\u011fi\u015fimi i\u00e7ermedi\u011fini, taraf \u00fclkelerde vergi denetimine de imkan k\u0131ld\u0131\u011f\u0131n\u0131 s\u00f6yledi.<\/p>\n<p>Kaynak: <a href=\"http:\/\/www.yenicaggazetesi.com.tr\/yg\/habergoster.php?haber=75801\" target=\"_blank\">Yeni\u00c7a\u011f<\/a><\/p>","protected":false},"excerpt":{"rendered":"<p>Sorry, this entry is only available in Turkish. For the sake of viewer convenience, the content is shown below in the alternative language. You may click the link to switch the active language.T\u00fcrkiye\u2019nin b\u00fcy\u00fcme ve i\u015fsizlikle ba\u015fa \u00e7\u0131kt\u0131\u011f\u0131n\u0131 s\u00f6yleyen\u00a0 Bakan \u015eim\u015fek, enerji ithalat\u0131 olmasa 3.5 milyar dolarl\u0131k cari fazlam\u0131z oldu\u011funu s\u00f6yledi. Maliye Bakan\u0131 Mehmet \u015eim\u015fek, [&hellip;]<\/p>\n","protected":false},"author":1,"featured_media":3782,"comment_status":"open","ping_status":"open","sticky":false,"template":"","format":"standard","meta":[],"categories":[53],"tags":[1081,719,67,320,1080,1082],"views":662,"_links":{"self":[{"href":"https:\/\/www.enerjigazetesi.ist\/en\/wp-json\/wp\/v2\/posts\/3780"}],"collection":[{"href":"https:\/\/www.enerjigazetesi.ist\/en\/wp-json\/wp\/v2\/posts"}],"about":[{"href":"https:\/\/www.enerjigazetesi.ist\/en\/wp-json\/wp\/v2\/types\/post"}],"author":[{"embeddable":true,"href":"https:\/\/www.enerjigazetesi.ist\/en\/wp-json\/wp\/v2\/users\/1"}],"replies":[{"embeddable":true,"href":"https:\/\/www.enerjigazetesi.ist\/en\/wp-json\/wp\/v2\/comments?post=3780"}],"version-history":[{"count":4,"href":"https:\/\/www.enerjigazetesi.ist\/en\/wp-json\/wp\/v2\/posts\/3780\/revisions"}],"predecessor-version":[{"id":3785,"href":"https:\/\/www.enerjigazetesi.ist\/en\/wp-json\/wp\/v2\/posts\/3780\/revisions\/3785"}],"wp:featuredmedia":[{"embeddable":true,"href":"https:\/\/www.enerjigazetesi.ist\/en\/wp-json\/wp\/v2\/media\/3782"}],"wp:attachment":[{"href":"https:\/\/www.enerjigazetesi.ist\/en\/wp-json\/wp\/v2\/media?parent=3780"}],"wp:term":[{"taxonomy":"category","embeddable":true,"href":"https:\/\/www.enerjigazetesi.ist\/en\/wp-json\/wp\/v2\/categories?post=3780"},{"taxonomy":"post_tag","embeddable":true,"href":"https:\/\/www.enerjigazetesi.ist\/en\/wp-json\/wp\/v2\/tags?post=3780"}],"curies":[{"name":"wp","href":"https:\/\/api.w.org\/{rel}","templated":true}]}}