{"id":37776,"date":"2015-04-01T10:49:18","date_gmt":"2015-04-01T07:49:18","guid":{"rendered":"https:\/\/www.enerjigazetesi.ist\/?p=37776"},"modified":"2015-04-01T10:49:18","modified_gmt":"2015-04-01T07:49:18","slug":"erdogan-3-nukleer-enerji-adimini-atacagiz","status":"publish","type":"post","link":"https:\/\/www.enerjigazetesi.ist\/en\/erdogan-3-nukleer-enerji-adimini-atacagiz\/","title":{"rendered":"(Turkish) Erdo\u011fan: \u201c3. N\u00fckleer Enerji Ad\u0131m\u0131n\u0131 Ataca\u011f\u0131z&#8230;\u201d"},"content":{"rendered":"<p class=\"qtranxs-available-languages-message qtranxs-available-languages-message-en\">Sorry, this entry is only available in <a href=\"https:\/\/www.enerjigazetesi.ist\/tr\/wp-json\/wp\/v2\/posts\/37776\" class=\"qtranxs-available-language-link qtranxs-available-language-link-tr\" title=\"Turkish\">Turkish<\/a>. For the sake of viewer convenience, the content is shown below in the alternative language. You may click the link to switch the active language.<\/p><p><\/p>\n<p style=\"color: #000000;\"><strong>Cumhurba\u015fkan\u0131 Erdo\u011fan, \u201dN\u00fckleer enerji noktas\u0131nda ad\u0131mlar\u0131m\u0131z\u0131 atm\u0131\u015f bulunuyoruz. \u00dclkemizin iki \u00f6nemli \u00e7al\u0131\u015fmas\u0131 s\u00f6z konusu. \u00dc\u00e7\u00fcnc\u00fc bir n\u00fckleer enerjinin de ad\u0131mlar\u0131n\u0131 ataca\u011f\u0131z\u201d dedi.\u00a0Cumhurba\u015fkan\u0131 Erdo\u011fan Slovakya \u0130\u015f Forumu\u2019nda konu\u015ftu.<\/strong><span id=\"more-70953\"><\/span><\/p>\n<p style=\"color: #000000;\">N\u00fckleer enerjide \u00e7e\u015fitli ad\u0131mlar at\u0131ld\u0131\u011f\u0131n\u0131 ifade eden Erdo\u011fan, \u015f\u00f6yle konu\u015ftu:<a href=\"https:\/\/www.enerjigazetesi.ist\/wp-content\/uploads\/2015\/04\/erdogan-3-nukleer-enerji-adimini-atacagiz.jpg\"><img loading=\"lazy\" class=\"alignright size-medium wp-image-37777\" src=\"https:\/\/www.enerjigazetesi.ist\/wp-content\/uploads\/2015\/04\/erdogan-3-nukleer-enerji-adimini-atacagiz-300x192.jpg\" alt=\"erdogan-3-nukleer-enerji-adimini-atacagiz\" width=\"300\" height=\"192\" srcset=\"https:\/\/www.enerjigazetesi.ist\/wp-content\/uploads\/2015\/04\/erdogan-3-nukleer-enerji-adimini-atacagiz-300x192.jpg 300w, https:\/\/www.enerjigazetesi.ist\/wp-content\/uploads\/2015\/04\/erdogan-3-nukleer-enerji-adimini-atacagiz-500x320.jpg 500w, https:\/\/www.enerjigazetesi.ist\/wp-content\/uploads\/2015\/04\/erdogan-3-nukleer-enerji-adimini-atacagiz-77x50.jpg 77w, https:\/\/www.enerjigazetesi.ist\/wp-content\/uploads\/2015\/04\/erdogan-3-nukleer-enerji-adimini-atacagiz.jpg 870w\" sizes=\"(max-width: 300px) 100vw, 300px\" \/><\/a><\/p>\n<p style=\"color: #000000;\">\u201cN\u00fckleer enerji noktas\u0131nda da ad\u0131mlar\u0131m\u0131z\u0131 atm\u0131\u015f bulunuyoruz. \u00dclkemizin birisi g\u00fcneyde birisi kuzeyde olmak \u00fczere \u015fu anda y\u00fcr\u00fcyen iki \u00f6nemli \u00e7al\u0131\u015fmas\u0131 s\u00f6z konusu. Tabii bunun devreye girmesi bizim i\u00e7in 7-8 y\u0131l\u0131 bulacak. Ard\u0131ndan \u00fc\u00e7\u00fcnc\u00fc bir n\u00fckleer enerjinin de ad\u0131mlar\u0131n\u0131 ataca\u011f\u0131z \u00e7\u00fcnk\u00fc T\u00fcrkiye\u2019nin enerji ihtiyac\u0131 her ge\u00e7en g\u00fcn artt\u0131\u011f\u0131 gibi bunlar\u0131 \u00e7e\u015fitlendirmekte de bir sorumlulu\u011fumuz var.\u201d<\/p>\n<p style=\"color: #000000;\">\u201cEnerji, en \u00f6nemli kaynak. Biz, tedarik\u00e7i bir \u00fclke de\u011filiz, biz ta\u015f\u0131y\u0131c\u0131 bir \u00fclkeyiz, ancak \u00e7ok \u00f6nemli bir noktada yer al\u0131yoruz. Enerjiye y\u00f6nelik boru hatt\u0131 projeleri \u00fczerinde \u00f6nemle duruyoruz. Sadece tedarik\u00e7i \u00fclkelerden enerjiyi almakla kalm\u0131yoruz, termik santrallerle hidro elektrik santralleri ile ilgili \u00f6nemli \u00e7al\u0131\u015fmalar yap\u0131yoruz. Enerji ve kaynaklar\u0131n, ihtilaf de\u011fil, bar\u0131\u015f kayna\u011f\u0131 olmas\u0131 i\u00e7in u\u011fra\u015f\u0131yoruz.\u201d<\/p>\n<p style=\"color: #000000;\">\u201cHedefimiz, 2023 y\u0131l\u0131na kadar, n\u00fckleer kaynaklar\u0131n enerjiye katk\u0131s\u0131n\u0131 y\u00fczde 20\u2019ye \u00e7\u0131karmakt\u0131r. Bu s\u00fcre\u00e7te, enerji ve elektrik ihtiyac\u0131n\u0131n b\u00fcy\u00fck \u00e7o\u011funlu\u011funu n\u00fckleer enerjiden sa\u011flayan Slovakya\u2019n\u0131n tecr\u00fcbelerinden faydalanmak istiyoruz.\u201d<\/p>\n<p style=\"color: #000000;\">Kaynak: Enerji Enstit\u00fcs\u00fc<\/p>\n<p><\/p>","protected":false},"excerpt":{"rendered":"<p>Sorry, this entry is only available in Turkish. For the sake of viewer convenience, the content is shown below in the alternative language. You may click the link to switch the active language. Cumhurba\u015fkan\u0131 Erdo\u011fan, \u201dN\u00fckleer enerji noktas\u0131nda ad\u0131mlar\u0131m\u0131z\u0131 atm\u0131\u015f bulunuyoruz. \u00dclkemizin iki \u00f6nemli \u00e7al\u0131\u015fmas\u0131 s\u00f6z konusu. \u00dc\u00e7\u00fcnc\u00fc bir n\u00fckleer enerjinin de ad\u0131mlar\u0131n\u0131 ataca\u011f\u0131z\u201d dedi.\u00a0Cumhurba\u015fkan\u0131 [&hellip;]<\/p>\n","protected":false},"author":1,"featured_media":37777,"comment_status":"open","ping_status":"open","sticky":false,"template":"","format":"standard","meta":[],"categories":[53,43],"tags":[22182,17841,63,67,1009,2698,165,71,21,22183,19552],"views":720,"_links":{"self":[{"href":"https:\/\/www.enerjigazetesi.ist\/en\/wp-json\/wp\/v2\/posts\/37776"}],"collection":[{"href":"https:\/\/www.enerjigazetesi.ist\/en\/wp-json\/wp\/v2\/posts"}],"about":[{"href":"https:\/\/www.enerjigazetesi.ist\/en\/wp-json\/wp\/v2\/types\/post"}],"author":[{"embeddable":true,"href":"https:\/\/www.enerjigazetesi.ist\/en\/wp-json\/wp\/v2\/users\/1"}],"replies":[{"embeddable":true,"href":"https:\/\/www.enerjigazetesi.ist\/en\/wp-json\/wp\/v2\/comments?post=37776"}],"version-history":[{"count":1,"href":"https:\/\/www.enerjigazetesi.ist\/en\/wp-json\/wp\/v2\/posts\/37776\/revisions"}],"predecessor-version":[{"id":37778,"href":"https:\/\/www.enerjigazetesi.ist\/en\/wp-json\/wp\/v2\/posts\/37776\/revisions\/37778"}],"wp:featuredmedia":[{"embeddable":true,"href":"https:\/\/www.enerjigazetesi.ist\/en\/wp-json\/wp\/v2\/media\/37777"}],"wp:attachment":[{"href":"https:\/\/www.enerjigazetesi.ist\/en\/wp-json\/wp\/v2\/media?parent=37776"}],"wp:term":[{"taxonomy":"category","embeddable":true,"href":"https:\/\/www.enerjigazetesi.ist\/en\/wp-json\/wp\/v2\/categories?post=37776"},{"taxonomy":"post_tag","embeddable":true,"href":"https:\/\/www.enerjigazetesi.ist\/en\/wp-json\/wp\/v2\/tags?post=37776"}],"curies":[{"name":"wp","href":"https:\/\/api.w.org\/{rel}","templated":true}]}}