{"id":37773,"date":"2015-04-01T10:45:49","date_gmt":"2015-04-01T07:45:49","guid":{"rendered":"https:\/\/www.enerjigazetesi.ist\/?p=37773"},"modified":"2015-04-01T10:45:49","modified_gmt":"2015-04-01T07:45:49","slug":"yildiz-elektrik-verilmeyen-yer-kalmadi","status":"publish","type":"post","link":"https:\/\/www.enerjigazetesi.ist\/en\/yildiz-elektrik-verilmeyen-yer-kalmadi\/","title":{"rendered":"(Turkish) Y\u0131ld\u0131z: \u201cElektrik Verilmeyen Yer Kalmad\u0131!\u201d"},"content":{"rendered":"<p class=\"qtranxs-available-languages-message qtranxs-available-languages-message-en\">Sorry, this entry is only available in <a href=\"https:\/\/www.enerjigazetesi.ist\/tr\/wp-json\/wp\/v2\/posts\/37773\" class=\"qtranxs-available-language-link qtranxs-available-language-link-tr\" title=\"Turkish\">Turkish<\/a>. For the sake of viewer convenience, the content is shown below in the alternative language. You may click the link to switch the active language.<\/p><p><\/p>\n<p style=\"color: #000000;\"><strong>Enerji ve Tabii Kaynaklar Bakan\u0131 Taner Y\u0131ld\u0131z, T\u00fcrkiye\u2019de iletim hatlar\u0131nda enerjisiz bir yerin kalmad\u0131\u011f\u0131n\u0131 bildirdi.<\/strong><\/p>\n<p style=\"color: #000000;\">Enerji ve Tabii Kaynaklar Bakan\u0131 Taner Y\u0131ld\u0131z, T\u00fcrkiye\u2019de iletim hatlar\u0131nda enerjisiz bir yerin kalmad\u0131\u011f\u0131n\u0131 belirterek, Sinop\u2019ta kurulacak n\u00fckleer tesis nedeniyle elektrik kesintisi ya\u015fand\u0131\u011f\u0131 iddialar\u0131na, \u201cYapt\u0131klar\u0131m\u0131z\u0131 anlatmakta g\u00fc\u00e7l\u00fck \u00e7ekti\u011fimiz bir ortamda, yapmad\u0131klar\u0131m\u0131z\u0131 savunma ihtiyac\u0131 bize hissettirilmemesi laz\u0131m. Bizim \u015fuanda konu, T\u00fcrkiye\u2019de<a href=\"https:\/\/www.enerjigazetesi.ist\/wp-content\/uploads\/2015\/04\/yildiz-elektrik-verilmeyen-yer-kalmadi.jpg\"><img loading=\"lazy\" class=\"alignleft wp-image-37774 size-medium\" src=\"https:\/\/www.enerjigazetesi.ist\/wp-content\/uploads\/2015\/04\/yildiz-elektrik-verilmeyen-yer-kalmadi-300x224.jpg\" alt=\"yildiz-elektrik-verilmeyen-yer-kalmadi\" width=\"300\" height=\"224\" srcset=\"https:\/\/www.enerjigazetesi.ist\/wp-content\/uploads\/2015\/04\/yildiz-elektrik-verilmeyen-yer-kalmadi-300x224.jpg 300w, https:\/\/www.enerjigazetesi.ist\/wp-content\/uploads\/2015\/04\/yildiz-elektrik-verilmeyen-yer-kalmadi-500x374.jpg 500w, https:\/\/www.enerjigazetesi.ist\/wp-content\/uploads\/2015\/04\/yildiz-elektrik-verilmeyen-yer-kalmadi-66x50.jpg 66w, https:\/\/www.enerjigazetesi.ist\/wp-content\/uploads\/2015\/04\/yildiz-elektrik-verilmeyen-yer-kalmadi.jpg 870w\" sizes=\"(max-width: 300px) 100vw, 300px\" \/><\/a> bir enerji ihtiyac\u0131ndan kaynaklanan bir problem de\u011fil\u201d diyerek cevap verdi.<span id=\"more-70955\"><\/span><\/p>\n<p style=\"color: #000000;\">Enerji ve Tabii Kaynaklar Bakan\u0131 Y\u0131ld\u0131z, Cumhurba\u015fkan\u0131 Recep Tayyip Erdo\u011fan\u2019\u0131n Slovakya temaslar\u0131na e\u015flik ediyordu. Y\u0131ld\u0131z, T\u00fcrkiye\u2019de ya\u015fanan elektrik kesintisi nedeniyle gezisini yar\u0131da keserek T\u00fcrkiye\u2019ye d\u00f6nme karar\u0131 ald\u0131. Y\u0131ld\u0131z, Bratislava Havaalan\u0131\u2019ndan gazetecilere a\u00e7\u0131klamalarda bulundu. T\u00fcrkiye\u2019nin bir\u00e7ok ilinde ya\u015fanan elektrik kesintisinin idari, siyasi veya hangi gerek\u00e7e ile ger\u00e7ekle\u015ftirildi\u011fini ara\u015ft\u0131rd\u0131klar\u0131n\u0131 belirten Y\u0131ld\u0131z, \u201cArkada\u015flar\u0131ma da bu y\u00f6nde talimat\u0131 verdim. Bu gece de olmak \u00fczere tamamen bunun \u00fczerine yo\u011funla\u015faca\u011f\u0131z. Bunu b\u00fct\u00fcn \u015feffafl\u0131\u011f\u0131yla beraber ortaya \u00e7\u0131karmam\u0131z gerekiyor\u201d dedi.<\/p>\n<p style=\"color: #000000;\">Cumhurba\u015fkan\u0131 Erdo\u011fan\u2019dan m\u00fcsaade isteyip, Ba\u015fbakan Ahmet Davuto\u011flu ile g\u00f6r\u00fc\u015ft\u00fc\u011f\u00fcn\u00fc belirten Y\u0131ld\u0131z, T\u00fcrkiye d\u00f6nece\u011fini kaydetti. Yetkililerle bir toplant\u0131 yapacaklar\u0131n\u0131 s\u00f6yleyen Y\u0131ld\u0131z, \u201cBunun sebebini net olarak bilmemiz laz\u0131m. Teknik bir sebeptense bunu yine kamuoyuyla payla\u015fmam\u0131z laz\u0131m. Bir yanl\u0131\u015f tasarruftan kaynaklan\u0131yorsa, manevra hatas\u0131ndan kaynaklan\u0131yorsa bunu mutlaka payla\u015fmam\u0131z laz\u0131m kamuoyuyla. \u015eunu duyuyorum, TBMM Genel Kurulu\u2019nda Sinop ile alakal\u0131 n\u00fckleer g\u00fc\u00e7 santralinin ev sahipli\u011fi anla\u015fmas\u0131 vard\u0131. Bug\u00fcn yar\u0131n g\u00f6r\u00fc\u015f\u00fclecek olan. Kalk\u0131yor bir ki\u015fi diyebiliyor ki, \u2018Santralleri yapt\u0131rmak i\u00e7in T\u00fcrkiye\u2019de enerji ihtiyac\u0131n\u0131n oldu\u011funa istinaden b\u00f6yle bir \u015feyi\u2019 yapt\u0131lar. Yapt\u0131klar\u0131m\u0131z\u0131 anlatmakta g\u00fc\u00e7l\u00fck \u00e7ekti\u011fimiz bir ortamda, yapmad\u0131klar\u0131m\u0131z\u0131 savunma ihtiyac\u0131 bize hissettirilmemesi laz\u0131m. Bizim \u015fuanda konu, T\u00fcrkiye\u2019de bir enerji ihtiyac\u0131ndan kaynaklanan bir problem de\u011fil. Enerji ihtiyac\u0131 ile alakal\u0131, enerji arz\u0131yla alakal\u0131 bir s\u0131k\u0131nt\u0131 yok. O anda ar\u0131zan\u0131n oldu\u011fu zamanda da enerji vard\u0131. \u015euanda da var. 32-33 bin megavatlar civar\u0131nda \u015fuanda pik. T\u00fcrkiye\u2019nin 43 bin megavatlar civar\u0131nda pik durumda, en y\u00fcksek \u00e7ekti\u011fi durumda bile enerji verebilece\u011fi kadar santrali var. Kurulu g\u00fcc\u00fc 70 bin megavatlara geldi. Konuyu sapt\u0131rtmamak laz\u0131m. Biz n\u00fckleer g\u00fc\u00e7 santrallerinin yap\u0131lmas\u0131yla alakal\u0131 b\u00f6yle bir gerek\u00e7e ne kadar vatanda\u015fa odakl\u0131 olmayan bir proje olur. B\u00f6yle bir \u015feyi nas\u0131l herhangi bir arkada\u015f\u0131m\u0131z tevess\u00fcl edebilir. O y\u00fczden oldu\u011fu gibi kamuoyuyla neyse problem onu payla\u015fmam\u0131z laz\u0131m. Bug\u00fcnk\u00fc adliyedeki olayla ba\u011flant\u0131land\u0131rmak isteyenlerin de yanl\u0131\u015f yolda oldu\u011funu s\u00f6ylemem laz\u0131m. O konuyla yak\u0131ndan uzaktan herhangi bir ilgisi yok\u201d ifadelerini kulland\u0131.<\/p>\n<p style=\"color: #000000;\"><strong>\u201cBA\u015eBAKAN\u2019I B\u0130LG\u0130LEND\u0130RECE\u011e\u0130M\u201d<\/strong><\/p>\n<p style=\"color: #000000;\">Sistemin yedeklenmesinin s\u00f6z konusu olup olmad\u0131\u011f\u0131n\u0131n sorulmas\u0131 \u00fczerine Y\u0131ld\u0131z, sistemin komple yedeklenmesinin s\u00f6z konusu olmad\u0131\u011f\u0131n\u0131 belirtti. Her santralin yan\u0131na bir santral daha yapmak gerekti\u011fini s\u00f6yleyen Y\u0131ld\u0131z, \u201c\u00d6yle bir \u015fey teknik olarak s\u00f6z konusu de\u011fil. Teknik olarak da m\u00fcmk\u00fcn de\u011fil. D\u00fcnyada uygulana sistem de o de\u011fil. Biz AB \u00fcyesi \u00fclkelerle birlikte senkron \u00e7al\u0131\u015fan bir \u00fclkeyiz. Enerji kalitemiz a\u00e7\u0131s\u0131ndan da bir s\u0131k\u0131nt\u0131m\u0131z yok. Ama bunun sebebini mutlaka bulup tekrar b\u00f6yle bir ar\u0131zan\u0131n olu\u015fmamas\u0131 laz\u0131m. Bu bir ar\u0131zam m\u0131d\u0131r ba\u015fka bir \u015fey midir, bu gece ve yar\u0131n yapaca\u011f\u0131m\u0131z toplant\u0131larla a\u00e7\u0131kl\u0131\u011fa kavu\u015fturmaya \u00e7al\u0131\u015faca\u011f\u0131z\u201d ifadelerini kulland\u0131.<\/p>\n<p style=\"color: #000000;\">Ba\u015fbakan Davuto\u011flu\u2019yla da g\u00f6r\u00fc\u015fece\u011fini s\u00f6yleyen Y\u0131ld\u0131z, \u201cGece bir de olsa fark etmez. Say\u0131n Ba\u015fbakan\u0131m\u0131z s\u00fcrekli \u00e7al\u0131\u015f\u0131yor. Genel Merkez\u2019de de takip ediyorum bir yandan programlar\u0131n\u0131\u201d \u015feklinde konu\u015ftu.<\/p>\n<p style=\"color: #000000;\">Elektrik gitti\u011finde \u00fcretim yap\u0131lamad\u0131\u011f\u0131 i\u00e7in ekonomik a\u00e7\u0131dan da s\u0131k\u0131nt\u0131lar oldu\u011funun an\u0131msat\u0131lmas\u0131 \u00fczerine Y\u0131ld\u0131z, \u201cD\u00fcn T\u00fcrkiye\u2019nin her tar\u0131nda elektrikler vard\u0131. Bunun bir haber de\u011feri yok. Bu bizim sanayicimizi, vatanda\u015f\u0131m\u0131z\u0131n en tabii hakk\u0131d\u0131r. Biz de bu hizmeti \u00fcretmek i\u00e7in yo\u011fun \u00e7aba sarf ediyoruz. Elektrik olmad\u0131\u011f\u0131nda, enerji olmad\u0131\u011f\u0131nda her birimizin hayat\u0131nda etkilenebilecek \u00e7ok nokta var. Bunun uzun s\u00fcrmesi halinde daha fazla bu konuda etkileniyoruz. Bu hizmeti 24 saat kesintisiz ve 365 g\u00fcn verebiliyor olmam\u0131z laz\u0131m\u201d diye konu\u015ftu.<\/p>\n<p style=\"color: #000000;\">Kaynak: Enerji Enstit\u00fcs\u00fc<\/p>\n<p><\/p>","protected":false},"excerpt":{"rendered":"<p>Sorry, this entry is only available in Turkish. For the sake of viewer convenience, the content is shown below in the alternative language. You may click the link to switch the active language. Enerji ve Tabii Kaynaklar Bakan\u0131 Taner Y\u0131ld\u0131z, T\u00fcrkiye\u2019de iletim hatlar\u0131nda enerjisiz bir yerin kalmad\u0131\u011f\u0131n\u0131 bildirdi. Enerji ve Tabii Kaynaklar Bakan\u0131 Taner Y\u0131ld\u0131z, [&hellip;]<\/p>\n","protected":false},"author":1,"featured_media":37774,"comment_status":"open","ping_status":"open","sticky":false,"template":"","format":"standard","meta":[],"categories":[51,53],"tags":[68,61,140,4201,63,67,1009,2698,165,2063,22181,667],"views":780,"_links":{"self":[{"href":"https:\/\/www.enerjigazetesi.ist\/en\/wp-json\/wp\/v2\/posts\/37773"}],"collection":[{"href":"https:\/\/www.enerjigazetesi.ist\/en\/wp-json\/wp\/v2\/posts"}],"about":[{"href":"https:\/\/www.enerjigazetesi.ist\/en\/wp-json\/wp\/v2\/types\/post"}],"author":[{"embeddable":true,"href":"https:\/\/www.enerjigazetesi.ist\/en\/wp-json\/wp\/v2\/users\/1"}],"replies":[{"embeddable":true,"href":"https:\/\/www.enerjigazetesi.ist\/en\/wp-json\/wp\/v2\/comments?post=37773"}],"version-history":[{"count":1,"href":"https:\/\/www.enerjigazetesi.ist\/en\/wp-json\/wp\/v2\/posts\/37773\/revisions"}],"predecessor-version":[{"id":37775,"href":"https:\/\/www.enerjigazetesi.ist\/en\/wp-json\/wp\/v2\/posts\/37773\/revisions\/37775"}],"wp:featuredmedia":[{"embeddable":true,"href":"https:\/\/www.enerjigazetesi.ist\/en\/wp-json\/wp\/v2\/media\/37774"}],"wp:attachment":[{"href":"https:\/\/www.enerjigazetesi.ist\/en\/wp-json\/wp\/v2\/media?parent=37773"}],"wp:term":[{"taxonomy":"category","embeddable":true,"href":"https:\/\/www.enerjigazetesi.ist\/en\/wp-json\/wp\/v2\/categories?post=37773"},{"taxonomy":"post_tag","embeddable":true,"href":"https:\/\/www.enerjigazetesi.ist\/en\/wp-json\/wp\/v2\/tags?post=37773"}],"curies":[{"name":"wp","href":"https:\/\/api.w.org\/{rel}","templated":true}]}}