{"id":37766,"date":"2015-04-01T10:39:46","date_gmt":"2015-04-01T07:39:46","guid":{"rendered":"https:\/\/www.enerjigazetesi.ist\/?p=37766"},"modified":"2015-04-01T10:39:46","modified_gmt":"2015-04-01T07:39:46","slug":"nukleer-santral-yapimini-ongoren-anlasma-tbmmde-kabul-edildi","status":"publish","type":"post","link":"https:\/\/www.enerjigazetesi.ist\/en\/nukleer-santral-yapimini-ongoren-anlasma-tbmmde-kabul-edildi\/","title":{"rendered":"(Turkish) N\u00fckleer Santral Yap\u0131m\u0131n\u0131 \u00d6ng\u00f6ren Anla\u015fma TBMM\u2019de Kabul Edildi!"},"content":{"rendered":"<p class=\"qtranxs-available-languages-message qtranxs-available-languages-message-en\">Sorry, this entry is only available in <a href=\"https:\/\/www.enerjigazetesi.ist\/tr\/wp-json\/wp\/v2\/posts\/37766\" class=\"qtranxs-available-language-link qtranxs-available-language-link-tr\" title=\"Turkish\">Turkish<\/a>. For the sake of viewer convenience, the content is shown below in the alternative language. You may click the link to switch the active language.<\/p><p><\/p>\n<p style=\"color: #000000;\"><strong>TBMM Genel Kurulu\u2019nda Japonya taraf\u0131ndan Sinop\u2019ta n\u00fckleer santral yap\u0131m\u0131n\u0131 \u00f6ng\u00f6ren uluslararas\u0131 anla\u015fma kabul edildi.<\/strong><\/p>\n<p style=\"color: #000000;\">Genel Kurul\u2019da, T\u00fcrkiye ile Japonya aras\u0131nda n\u00fckleer santral yap\u0131m\u0131 ve i\u015fbirli\u011fine ili\u015fkin anla\u015fmay\u0131 uygun bulan kanun tasar\u0131n\u0131n g\u00f6r\u00fc\u015fmelerine devam edildi.<span id=\"more-70950\"><\/span><\/p>\n<p style=\"color: #000000;\">CHP Mersin Milletvekili Aytu\u011f At\u0131c\u0131, n\u00fckleer santralin fay hatt\u0131na yap\u0131laca<a href=\"https:\/\/www.enerjigazetesi.ist\/wp-content\/uploads\/2015\/04\/nukleer-santral-yapimini-ongoren-anlasma-tbmmde-kabul-edildi.jpg\"><img loading=\"lazy\" class=\"alignleft wp-image-37767 size-medium\" src=\"https:\/\/www.enerjigazetesi.ist\/wp-content\/uploads\/2015\/04\/nukleer-santral-yapimini-ongoren-anlasma-tbmmde-kabul-edildi-300x198.jpg\" alt=\"nukleer-santral-yapimini-ongoren-anlasma-tbmmde-kabul-edildi\" width=\"300\" height=\"198\" srcset=\"https:\/\/www.enerjigazetesi.ist\/wp-content\/uploads\/2015\/04\/nukleer-santral-yapimini-ongoren-anlasma-tbmmde-kabul-edildi-300x198.jpg 300w, https:\/\/www.enerjigazetesi.ist\/wp-content\/uploads\/2015\/04\/nukleer-santral-yapimini-ongoren-anlasma-tbmmde-kabul-edildi-500x331.jpg 500w, https:\/\/www.enerjigazetesi.ist\/wp-content\/uploads\/2015\/04\/nukleer-santral-yapimini-ongoren-anlasma-tbmmde-kabul-edildi-75x50.jpg 75w, https:\/\/www.enerjigazetesi.ist\/wp-content\/uploads\/2015\/04\/nukleer-santral-yapimini-ongoren-anlasma-tbmmde-kabul-edildi.jpg 870w\" sizes=\"(max-width: 300px) 100vw, 300px\" \/><\/a>\u011f\u0131n\u0131 belirterek, Japonya\u2019daki Fuku\u015fima facias\u0131ndan ders al\u0131nmas\u0131 gerekti\u011fini s\u00f6yledi.<\/p>\n<p style=\"color: #000000;\">Fuku\u015fima\u2019daki n\u00fckleer santral facias\u0131 nedeniyle Japonya\u2019n\u0131n y\u00fczde 8\u2019lik alan\u0131n\u0131n radyoaktif zarar g\u00f6rd\u00fc\u011f\u00fcn\u00fc anlatan At\u0131c\u0131, Japonya\u2019n\u0131n 50\u2019nin \u00fczerindeki n\u00fckleer santrallerini susturmaya ba\u015flad\u0131\u011f\u0131n\u0131 belirtti. At\u0131c\u0131, n\u00fckleer santralin bar\u0131nd\u0131rd\u0131\u011f\u0131 riskler ve ekonomik a\u00e7\u0131dan do\u011fru olmad\u0131\u011f\u0131n\u0131 savunarak, yenilenebilir enerji potansiyelinin T\u00fcrkiye\u2019nin ihtiyac\u0131n\u0131n iki kat\u0131 oldu\u011funu dile getirdi.<\/p>\n<p style=\"color: #000000;\">Daha sonra T\u00fcrkiye ile Birle\u015fmi\u015f Milletler Kalk\u0131nma Program\u0131 Aras\u0131nda \u00dc\u00e7\u00fcnc\u00fc Taraf Maliyet Payla\u015f\u0131m\u0131 Anla\u015fmas\u0131n\u0131n Onaylanmas\u0131n\u0131n Uygun Bulundu\u011funa Dair Kanun Tasar\u0131s\u0131 kabul edildi.<\/p>\n<p style=\"color: #000000;\">Yasa uyar\u0131nca, \u0130stanbul\u2019un BM Kalk\u0131nma Program\u0131 Avrupa ve Ba\u011f\u0131ms\u0131z Devletler Toplulu\u011fu B\u00f6lgesel Merkezi olmas\u0131 dolay\u0131s\u0131yla T\u00fcrkiye 5 y\u0131l s\u00fcreyle y\u0131lda 3 milyon dolar katk\u0131 sa\u011flayacak.<\/p>\n<p style=\"color: #000000;\">Uluslararas\u0131 anla\u015fmalar\u0131n kabul edilmesinin ard\u0131ndan TBMM Ba\u015fkanvekili Sad\u0131k Yakut, birle\u015fimi saat 14.00\u2019te toplanmak \u00fczere kapatt\u0131.<\/p>\n<p style=\"color: #000000;\">Kaynak: Enerji Enstit\u00fcs\u00fc<\/p>\n<p><\/p>","protected":false},"excerpt":{"rendered":"<p>Sorry, this entry is only available in Turkish. For the sake of viewer convenience, the content is shown below in the alternative language. You may click the link to switch the active language. TBMM Genel Kurulu\u2019nda Japonya taraf\u0131ndan Sinop\u2019ta n\u00fckleer santral yap\u0131m\u0131n\u0131 \u00f6ng\u00f6ren uluslararas\u0131 anla\u015fma kabul edildi. Genel Kurul\u2019da, T\u00fcrkiye ile Japonya aras\u0131nda n\u00fckleer santral [&hellip;]<\/p>\n","protected":false},"author":1,"featured_media":37767,"comment_status":"open","ping_status":"open","sticky":false,"template":"","format":"standard","meta":[],"categories":[53,43],"tags":[63,67,1009,2698,165,1547,71,21,4858,22180,2805],"views":839,"_links":{"self":[{"href":"https:\/\/www.enerjigazetesi.ist\/en\/wp-json\/wp\/v2\/posts\/37766"}],"collection":[{"href":"https:\/\/www.enerjigazetesi.ist\/en\/wp-json\/wp\/v2\/posts"}],"about":[{"href":"https:\/\/www.enerjigazetesi.ist\/en\/wp-json\/wp\/v2\/types\/post"}],"author":[{"embeddable":true,"href":"https:\/\/www.enerjigazetesi.ist\/en\/wp-json\/wp\/v2\/users\/1"}],"replies":[{"embeddable":true,"href":"https:\/\/www.enerjigazetesi.ist\/en\/wp-json\/wp\/v2\/comments?post=37766"}],"version-history":[{"count":1,"href":"https:\/\/www.enerjigazetesi.ist\/en\/wp-json\/wp\/v2\/posts\/37766\/revisions"}],"predecessor-version":[{"id":37768,"href":"https:\/\/www.enerjigazetesi.ist\/en\/wp-json\/wp\/v2\/posts\/37766\/revisions\/37768"}],"wp:featuredmedia":[{"embeddable":true,"href":"https:\/\/www.enerjigazetesi.ist\/en\/wp-json\/wp\/v2\/media\/37767"}],"wp:attachment":[{"href":"https:\/\/www.enerjigazetesi.ist\/en\/wp-json\/wp\/v2\/media?parent=37766"}],"wp:term":[{"taxonomy":"category","embeddable":true,"href":"https:\/\/www.enerjigazetesi.ist\/en\/wp-json\/wp\/v2\/categories?post=37766"},{"taxonomy":"post_tag","embeddable":true,"href":"https:\/\/www.enerjigazetesi.ist\/en\/wp-json\/wp\/v2\/tags?post=37766"}],"curies":[{"name":"wp","href":"https:\/\/api.w.org\/{rel}","templated":true}]}}