{"id":37754,"date":"2015-03-31T20:06:20","date_gmt":"2015-03-31T17:06:20","guid":{"rendered":"https:\/\/www.enerjigazetesi.ist\/?p=37754"},"modified":"2015-03-31T20:56:42","modified_gmt":"2015-03-31T17:56:42","slug":"modan-iddia-bazi-santraller-dusuk-fiyat-nedeniyle-elektrik-vermedi","status":"publish","type":"post","link":"https:\/\/www.enerjigazetesi.ist\/en\/modan-iddia-bazi-santraller-dusuk-fiyat-nedeniyle-elektrik-vermedi\/","title":{"rendered":"(Turkish) MO: Baz\u0131 Santraller D\u00fc\u015f\u00fck Fiyat Nedeniyle Elektrik Vermedi&#8230;"},"content":{"rendered":"<p class=\"qtranxs-available-languages-message qtranxs-available-languages-message-en\">Sorry, this entry is only available in <a href=\"https:\/\/www.enerjigazetesi.ist\/tr\/wp-json\/wp\/v2\/posts\/37754\" class=\"qtranxs-available-language-link qtranxs-available-language-link-tr\" title=\"Turkish\">Turkish<\/a>. For the sake of viewer convenience, the content is shown below in the alternative language. You may click the link to switch the active language.<\/p><p><\/p>\n<p style=\"color: #000000;\"><strong>H\u00fcrriyet Gazetesi\u2019nden Alper Alp\u2019e de\u011ferlendirmelerde bulunan Elektrik M\u00fchendisleri Odas\u0131, T\u00fcrkiye genelinde bir\u00e7ok ilde meydana gelen elektrik kesintilerinin baz\u0131 \u00f6zel santrallerin \u2018fiyat d\u00fc\u015f\u00fckl\u00fc\u011f\u00fc\u2019 nedeniyle elektrik satmak istememesinden kaynaklanabilece\u011fi tahmininde bulundu. Bu arada elektrik ar\u0131zas\u0131na dair Ankara\u2019da konu\u015fulan bir di\u011fer iddia ise Avrupa Birli\u011fi, \u2018siz kaliteli elektrik sa\u011flayam\u0131yorsunuz\u2019 diyerek T\u00fcrkiye\u2019yi AB sisteminden \u00e7\u0131karmas\u0131\u2026<\/strong><span id=\"more-70914\"><\/span><\/p>\n<p style=\"color: #000000;\">EMO Genel Merkez M\u00fcd\u00fcr\u00fc Emre Metin, H\u00fcrriyet\u2019e yapt\u0131\u011f\u0131 de\u011ferlendirmede kesintilerin iki nedeni olabilece\u011fini s\u00f6yledi. Metin, \u201cFrekans kopmas\u0131 nedeniyle ger\u00e7ekle\u015fmi\u015f olabilir ki; d\u00fcn ya da 1 g\u00fcn \u00f6nce Avrupa \u015eebekesinde<a href=\"https:\/\/www.enerjigazetesi.ist\/wp-content\/uploads\/2013\/12\/kanada-akkor-ampulleri-yasakliyor.jpg\"><img loading=\"lazy\" class=\"alignright size-full wp-image-19412\" src=\"https:\/\/www.enerjigazetesi.ist\/wp-content\/uploads\/2013\/12\/kanada-akkor-ampulleri-yasakliyor.jpg\" alt=\"kanada-akkor-ampulleri-yasakliyor\" width=\"300\" height=\"225\" srcset=\"https:\/\/www.enerjigazetesi.ist\/wp-content\/uploads\/2013\/12\/kanada-akkor-ampulleri-yasakliyor.jpg 300w, https:\/\/www.enerjigazetesi.ist\/wp-content\/uploads\/2013\/12\/kanada-akkor-ampulleri-yasakliyor-66x50.jpg 66w\" sizes=\"(max-width: 300px) 100vw, 300px\" \/><\/a>n anl\u0131k olarak koptuk. TE\u0130A\u015e buna gerek\u00e7e olarak Adana\u2019da bir santralin devreye girmemesini g\u00f6sterdi\u201d dedi.<\/p>\n<p style=\"color: #000000;\">Metin, elektrik fiyatlar\u0131n\u0131n anl\u0131k olarak belirlenmesi nedeniyle elektrik \u00fcreten baz\u0131 \u00f6zel santrallerin \u2018d\u00fc\u015f\u00fck fiyat\u2019 saatlerinde elektrik satmak istemediklerine dikkat \u00e7ekti. 2007 y\u0131l\u0131nda Ege B\u00f6lgesinde 19 ilin karanl\u0131kta kald\u0131\u011f\u0131n\u0131 an\u0131msatan Metin, \u201c1 g\u00fcn boyunca karanl\u0131kta kalm\u0131\u015flard\u0131 \u00e7\u00fcnk\u00fc \u00f6zel santral devreden \u00e7\u0131km\u0131\u015ft\u0131. EP\u0130A\u015e fiyatlar\u0131 anl\u0131k belirleyince baz\u0131 santraller, \u2018ar\u0131za bildirimi\u2019 yaparak devreden \u00e7\u0131k\u0131yor. \u00c7\u00fcnk\u00fc zarar\u0131na \u00e7al\u0131\u015fmak istemiyor. Onlar\u0131n devreden \u00e7\u0131kmas\u0131 di\u011ferlerini de etkiliyor ve bir zincir halinde sistem hata veriyor\u201d dedi.<\/p>\n<p class=\"selectionShareable\" style=\"color: #000000;\"><strong>AB, T\u00dcRK\u0130YE\u2019Y\u0130 S\u0130STEMDEN M\u0130 \u00c7IKARDI?<\/strong><\/p>\n<p class=\"selectionShareable\" style=\"color: #000000;\">Elektrik ar\u0131zas\u0131na dair Ankara\u2019da konu\u015fulan bir ba\u015fka iddia ise, T\u00fcrkiye\u2019nin Avrupa\u2019n\u0131n enterkonnekte sisteminden \u00e7\u0131kar\u0131ld\u0131\u011f\u0131\u2026 Konuyla ilgili bir yetkili, \u201cD\u00fcn T\u00fcrkiye kaynakl\u0131 b\u00f6lgesel bir ar\u0131za meydana geldi ancak T\u00fcrkiye bu ar\u0131zay\u0131 gidermekte gecikti. Avrupa Birli\u011fi, \u2018siz kaliteli elektrik sa\u011flayam\u0131yorsunuz\u2019 diyerek T\u00fcrkiye\u2019yi AB sisteminden \u00e7\u0131kard\u0131. Bug\u00fcn ya\u015fanan s\u0131k\u0131nt\u0131 buradan kaynaklan\u0131yor. Sorunun giderilmesi 2-2.5 saatten \u00f6nce m\u00fcmk\u00fcn g\u00f6r\u00fcnm\u00fcyor. Bu daha da uzun s\u00fcrebilir\u201d iddias\u0131nda bulundu. Elektrik M\u00fchendisleri Odas\u0131 Genel Merkez M\u00fcd\u00fcr\u00fc Emre Metin, T\u00fcrkiye\u2019nin Avrupa sisteminden \u00e7\u0131kar\u0131ld\u0131\u011f\u0131 iddialar\u0131yla ilgili olarak H\u00fcrriyet\u2019e \u015f\u00f6yle konu\u015ftu:<\/p>\n<p class=\"selectionShareable\" style=\"color: #000000;\">\u201cT\u00fcrkiye Elektrik Sistemi, ENTSO-E ad\u0131 verilen a\u011f \u00fczerinden Avrupa Elektrik Sistemine ba\u011fl\u0131. Ancak T\u00fcrkiye, sistem ar\u0131zalar\u0131n\u0131n giderilmesinde ya\u015fanan gecikmeler nedeniyle s\u0131k s\u0131k Avrupa\u2019dan uyar\u0131 al\u0131yor. \u00d6nceki g\u00fcn de benzer bir ar\u0131zan\u0131n ya\u015fand\u0131\u011f\u0131n\u0131 an\u0131msatan Metin, \u201cE\u011fer Avrupa A\u011f\u0131ndan T\u00fcrkiye \u00e7\u0131kar\u0131lm\u0131\u015f ise; baz\u0131 santraller otomatik olarak devre d\u0131\u015f\u0131 kalm\u0131\u015f olabilir. Bu teknik bir ar\u0131zad\u0131r ki giderilmesi uzun s\u00fcrebilir\u201d<\/p>\n<p class=\"selectionShareable\" style=\"color: #000000;\">Kaynak: Enerji Enstit\u00fcs\u00fc<\/p>\n<p><\/p>","protected":false},"excerpt":{"rendered":"<p>Sorry, this entry is only available in Turkish. For the sake of viewer convenience, the content is shown below in the alternative language. You may click the link to switch the active language. H\u00fcrriyet Gazetesi\u2019nden Alper Alp\u2019e de\u011ferlendirmelerde bulunan Elektrik M\u00fchendisleri Odas\u0131, T\u00fcrkiye genelinde bir\u00e7ok ilde meydana gelen elektrik kesintilerinin baz\u0131 \u00f6zel santrallerin \u2018fiyat d\u00fc\u015f\u00fckl\u00fc\u011f\u00fc\u2019 [&hellip;]<\/p>\n","protected":false},"author":1,"featured_media":19412,"comment_status":"open","ping_status":"open","sticky":false,"template":"","format":"standard","meta":[],"categories":[51,53],"tags":[68,61,140,63,67,1009,2698,165,22170,22176],"views":620,"_links":{"self":[{"href":"https:\/\/www.enerjigazetesi.ist\/en\/wp-json\/wp\/v2\/posts\/37754"}],"collection":[{"href":"https:\/\/www.enerjigazetesi.ist\/en\/wp-json\/wp\/v2\/posts"}],"about":[{"href":"https:\/\/www.enerjigazetesi.ist\/en\/wp-json\/wp\/v2\/types\/post"}],"author":[{"embeddable":true,"href":"https:\/\/www.enerjigazetesi.ist\/en\/wp-json\/wp\/v2\/users\/1"}],"replies":[{"embeddable":true,"href":"https:\/\/www.enerjigazetesi.ist\/en\/wp-json\/wp\/v2\/comments?post=37754"}],"version-history":[{"count":3,"href":"https:\/\/www.enerjigazetesi.ist\/en\/wp-json\/wp\/v2\/posts\/37754\/revisions"}],"predecessor-version":[{"id":37762,"href":"https:\/\/www.enerjigazetesi.ist\/en\/wp-json\/wp\/v2\/posts\/37754\/revisions\/37762"}],"wp:featuredmedia":[{"embeddable":true,"href":"https:\/\/www.enerjigazetesi.ist\/en\/wp-json\/wp\/v2\/media\/19412"}],"wp:attachment":[{"href":"https:\/\/www.enerjigazetesi.ist\/en\/wp-json\/wp\/v2\/media?parent=37754"}],"wp:term":[{"taxonomy":"category","embeddable":true,"href":"https:\/\/www.enerjigazetesi.ist\/en\/wp-json\/wp\/v2\/categories?post=37754"},{"taxonomy":"post_tag","embeddable":true,"href":"https:\/\/www.enerjigazetesi.ist\/en\/wp-json\/wp\/v2\/tags?post=37754"}],"curies":[{"name":"wp","href":"https:\/\/api.w.org\/{rel}","templated":true}]}}