{"id":37725,"date":"2015-03-30T16:26:27","date_gmt":"2015-03-30T13:26:27","guid":{"rendered":"https:\/\/www.enerjigazetesi.ist\/?p=37725"},"modified":"2015-03-30T16:26:27","modified_gmt":"2015-03-30T13:26:27","slug":"enerji-verimliligi-ile-ihtiyac-yuzde-15-azaltilabilir","status":"publish","type":"post","link":"https:\/\/www.enerjigazetesi.ist\/en\/enerji-verimliligi-ile-ihtiyac-yuzde-15-azaltilabilir\/","title":{"rendered":"(Turkish) Enerji Verimlili\u011fi \u0130le \u0130htiya\u00e7 Y\u00fczde 15 Azalt\u0131labilir&#8230;"},"content":{"rendered":"<p class=\"qtranxs-available-languages-message qtranxs-available-languages-message-en\">Sorry, this entry is only available in <a href=\"https:\/\/www.enerjigazetesi.ist\/tr\/wp-json\/wp\/v2\/posts\/37725\" class=\"qtranxs-available-language-link qtranxs-available-language-link-tr\" title=\"Turkish\">Turkish<\/a>. For the sake of viewer convenience, the content is shown below in the alternative language. You may click the link to switch the active language.<\/p><p><strong>T\u00fcrkiye`de toplam enerji ihtiyac\u0131n\u0131n y\u00fczde 15 civar\u0131nda azalt\u0131labilece\u011fi ifade edildi.<\/strong><\/p>\n<p>\u00c7evre ve \u015eehircilik Bakanl\u0131\u011f\u0131 taraf\u0131ndan yap\u0131lan a\u00e7\u0131klamada, \u00fclkede kullan\u0131lan toplam enerjinin \u00fc\u00e7te birinin binalarda t\u00fcketildi\u011fi, bu enerjinin y\u00fczde 80`inin \u0131s\u0131tma ve so\u011futma ama\u00e7l\u0131 kullan\u0131ld\u0131\u011f\u0131 belirterek, enerji verimlili\u011fi \u00e7al\u0131\u015fmalar\u0131n\u0131n t\u00fcm binalara yay\u0131lmas\u0131 halind<a href=\"https:\/\/www.enerjigazetesi.ist\/wp-content\/uploads\/2015\/03\/enerji-verimliligi-ile-ihtiyac-yuzde-15-azaltilabilir.jpg\"><img loading=\"lazy\" class=\"alignright size-medium wp-image-37726\" src=\"https:\/\/www.enerjigazetesi.ist\/wp-content\/uploads\/2015\/03\/enerji-verimliligi-ile-ihtiyac-yuzde-15-azaltilabilir-300x167.jpg\" alt=\"enerji-verimliligi-ile-ihtiyac-yuzde-15-azaltilabilir\" width=\"300\" height=\"167\" srcset=\"https:\/\/www.enerjigazetesi.ist\/wp-content\/uploads\/2015\/03\/enerji-verimliligi-ile-ihtiyac-yuzde-15-azaltilabilir-300x167.jpg 300w, https:\/\/www.enerjigazetesi.ist\/wp-content\/uploads\/2015\/03\/enerji-verimliligi-ile-ihtiyac-yuzde-15-azaltilabilir-80x44.jpg 80w, https:\/\/www.enerjigazetesi.ist\/wp-content\/uploads\/2015\/03\/enerji-verimliligi-ile-ihtiyac-yuzde-15-azaltilabilir.jpg 480w\" sizes=\"(max-width: 300px) 100vw, 300px\" \/><\/a>e toplam enerji ihtiyac\u0131n\u0131n % 15 civar\u0131nda azalt\u0131labilece\u011fini bildirdi.<\/p>\n<p>Enerji talebinin % 70`ini ithalatla kar\u015f\u0131layan \u00dclkemizde enerjinin verimli kullan\u0131lmas\u0131n\u0131n b\u00fcy\u00fck \u00f6nem arz etti\u011fini belirten Bakanl\u0131k, yenilenebilir enerji kaynaklar\u0131n\u0131n binalarda kullan\u0131m\u0131nda \u00fclkemiz i\u00e7in \u00f6rnek ve \u00f6nc\u00fc kurum olmay\u0131 hedefliyor.<\/p>\n<p>Bakanl\u0131k bu hedef do\u011frultusunda y\u00fcr\u00fctt\u00fc\u011f\u00fc projeleriyle, Ankara G\u00f6lba\u015f\u0131 Laboratuvar Kamp\u00fcs\u00fcndeki binalar\u0131n\u0131 enerji verimli hale getirerek % 40 enerji tasarrufu sa\u011flad\u0131.<\/p>\n<p>Ayr\u0131ca, G\u00f6lba\u015f\u0131 Laboratuvar Kamp\u00fcs\u00fcnde 200 kilowatt, Antalya \u0130l M\u00fcd\u00fcrl\u00fc\u011f\u00fcnde 150 kilowatt kapasiteli fotovoltaik paneller ile yenilenebilir enerji sistemi kurularak, binalar\u0131n elektrik ihtiyac\u0131n\u0131n % 55`inin g\u00fcne\u015ften kar\u015f\u0131lanmas\u0131n\u0131 sa\u011flad\u0131.<\/p>\n<p>Kaynak: <a href=\"http:\/\/enerjigunlugu.net\/enerji-verimliligi-ile-ihtiyac-yuzde-15-azaltilabi_12941.html#.VRlN9_msV8E\" target=\"_blank\" rel=\"nofollow\">Enerji G\u00fcnl\u00fc\u011f\u00fc<\/a><\/p>","protected":false},"excerpt":{"rendered":"<p>Sorry, this entry is only available in Turkish. For the sake of viewer convenience, the content is shown below in the alternative language. You may click the link to switch the active language.T\u00fcrkiye`de toplam enerji ihtiyac\u0131n\u0131n y\u00fczde 15 civar\u0131nda azalt\u0131labilece\u011fi ifade edildi. \u00c7evre ve \u015eehircilik Bakanl\u0131\u011f\u0131 taraf\u0131ndan yap\u0131lan a\u00e7\u0131klamada, \u00fclkede kullan\u0131lan toplam enerjinin \u00fc\u00e7te birinin [&hellip;]<\/p>\n","protected":false},"author":1,"featured_media":37726,"comment_status":"open","ping_status":"open","sticky":false,"template":"","format":"standard","meta":[],"categories":[53,52],"tags":[2199,63,67,1009,93,2698,165,12,793],"views":1000,"_links":{"self":[{"href":"https:\/\/www.enerjigazetesi.ist\/en\/wp-json\/wp\/v2\/posts\/37725"}],"collection":[{"href":"https:\/\/www.enerjigazetesi.ist\/en\/wp-json\/wp\/v2\/posts"}],"about":[{"href":"https:\/\/www.enerjigazetesi.ist\/en\/wp-json\/wp\/v2\/types\/post"}],"author":[{"embeddable":true,"href":"https:\/\/www.enerjigazetesi.ist\/en\/wp-json\/wp\/v2\/users\/1"}],"replies":[{"embeddable":true,"href":"https:\/\/www.enerjigazetesi.ist\/en\/wp-json\/wp\/v2\/comments?post=37725"}],"version-history":[{"count":1,"href":"https:\/\/www.enerjigazetesi.ist\/en\/wp-json\/wp\/v2\/posts\/37725\/revisions"}],"predecessor-version":[{"id":37727,"href":"https:\/\/www.enerjigazetesi.ist\/en\/wp-json\/wp\/v2\/posts\/37725\/revisions\/37727"}],"wp:featuredmedia":[{"embeddable":true,"href":"https:\/\/www.enerjigazetesi.ist\/en\/wp-json\/wp\/v2\/media\/37726"}],"wp:attachment":[{"href":"https:\/\/www.enerjigazetesi.ist\/en\/wp-json\/wp\/v2\/media?parent=37725"}],"wp:term":[{"taxonomy":"category","embeddable":true,"href":"https:\/\/www.enerjigazetesi.ist\/en\/wp-json\/wp\/v2\/categories?post=37725"},{"taxonomy":"post_tag","embeddable":true,"href":"https:\/\/www.enerjigazetesi.ist\/en\/wp-json\/wp\/v2\/tags?post=37725"}],"curies":[{"name":"wp","href":"https:\/\/api.w.org\/{rel}","templated":true}]}}