{"id":37706,"date":"2015-03-30T10:54:18","date_gmt":"2015-03-30T07:54:18","guid":{"rendered":"https:\/\/www.enerjigazetesi.ist\/?p=37706"},"modified":"2015-03-30T10:54:18","modified_gmt":"2015-03-30T07:54:18","slug":"makale-yemende-yasanan-gelismeler","status":"publish","type":"post","link":"https:\/\/www.enerjigazetesi.ist\/en\/makale-yemende-yasanan-gelismeler\/","title":{"rendered":"(Turkish) Makale: Yemen\u2019de Ya\u015fanan Geli\u015fmeler!"},"content":{"rendered":"<p class=\"qtranxs-available-languages-message qtranxs-available-languages-message-en\">Sorry, this entry is only available in <a href=\"https:\/\/www.enerjigazetesi.ist\/tr\/wp-json\/wp\/v2\/posts\/37706\" class=\"qtranxs-available-language-link qtranxs-available-language-link-tr\" title=\"Turkish\">Turkish<\/a>. For the sake of viewer convenience, the content is shown below in the alternative language. You may click the link to switch the active language.<\/p><p><\/p>\n<p style=\"color: #000000;\"><strong>T\u00fcrkiye\u2019nin Arap \u00fclkelerinden ayr\u0131\u015ft\u0131\u011f\u0131 \u00f6nemli bir nokta, mezhep farkl\u0131l\u0131klar\u0131n\u0131n i\u00e7 sava\u015f boyutunda kullan\u0131lamad\u0131\u011f\u0131 ender \u00fclkelerden bir tanesi olmas\u0131. \u015e\u00fcphesiz b\u00fcy\u00fck \u00f6nder Mustafa Kemal Atat\u00fcrk\u2019e bor\u00e7lu oldu\u011fumuz sa\u011flam Cumhuriyet temelleri dolay\u0131s\u0131yla bu oyuna gelmemiz pek de m\u00fcmk\u00fcn de\u011fildi.<span id=\"more-70877\"><\/span>\u00a0<\/strong><\/p>\n<p style=\"color: #000000;\">Osmanl\u0131\u2019da durum farkl\u0131 m\u0131yd\u0131? Hay\u0131r, Anadolu o y\u0131llarda da D\u00fcnya\u2019n\u0131n di\u011fer b\u00f6lgelerinden ayr\u0131\u015f\u0131yordu. \u0130slam dini d\u0131\u015f\u0131nda ya\u015fanan mezhep \u00e7at\u0131\u015fmalar\u0131n\u0131n Avrupa\u2019da sava\u015f boyutlar\u0131na ula\u015ft\u0131\u011f\u0131 d\u00f6nemd<a href=\"https:\/\/www.enerjigazetesi.ist\/wp-content\/uploads\/2015\/03\/makale-yemende-yasanan-gelismeler.png\"><img loading=\"lazy\" class=\"alignright size-medium wp-image-37707\" src=\"https:\/\/www.enerjigazetesi.ist\/wp-content\/uploads\/2015\/03\/makale-yemende-yasanan-gelismeler-300x150.png\" alt=\"makale-yemende-yasanan-gelismeler\" width=\"300\" height=\"150\" srcset=\"https:\/\/www.enerjigazetesi.ist\/wp-content\/uploads\/2015\/03\/makale-yemende-yasanan-gelismeler-300x150.png 300w, https:\/\/www.enerjigazetesi.ist\/wp-content\/uploads\/2015\/03\/makale-yemende-yasanan-gelismeler-500x249.png 500w, https:\/\/www.enerjigazetesi.ist\/wp-content\/uploads\/2015\/03\/makale-yemende-yasanan-gelismeler-80x40.png 80w, https:\/\/www.enerjigazetesi.ist\/wp-content\/uploads\/2015\/03\/makale-yemende-yasanan-gelismeler.png 870w\" sizes=\"(max-width: 300px) 100vw, 300px\" \/><\/a>e, ho\u015fg\u00f6r\u00fcn\u00fcn yeri Osmanl\u0131 \u0130mparatorlu\u011fuydu. Akla gelebilecek bir ba\u015fka \u00f6nemli soru \u015fu olabilir: T\u00fcrkiye zengin petrol kaynaklar\u0131na sahip olmaya devam etseydi mezhep \u00e7at\u0131\u015fmalar\u0131na maruz kal\u0131r m\u0131yd\u0131? Bizlerin bu oyuna gelebilece\u011fi d\u00fc\u015f\u00fcncesine hi\u00e7bir durumda ihtimal vermek istemiyorum. Son 35 y\u0131lda bir tak\u0131m ba\u015fka ayr\u0131\u015fma oyunlar\u0131yla m\u00fccadele eden \u00fclkemizin, o meselelerin \u00fcstesinden de gelece\u011finden \u015f\u00fcphem yok. Atat\u00fcrk\u2019\u00fcn s\u00f6yledi\u011fi gibi;\u00a0<strong><em>\u201cEvvela, millete tarihini, asil bir millete mensup bulundu\u011funu, b\u00fct\u00fcn medeniyetlerin anas\u0131 olan ileri bir milletin \u00e7ocuklar\u0131 oldu\u011funu g\u00f6stermeliyiz<\/em><\/strong><strong><em>.\u201d<\/em><\/strong><\/p>\n<p style=\"color: #000000;\">Gelelim Yemen meselesine y\u00f6nelik geli\u015fmelere;<\/p>\n<p style=\"color: #000000;\">\u0130ran y\u00f6netiminin destekledi\u011fi Yemen\u2019li \u015eii Husiler, Sunni h\u00fck\u00fcmete y\u00f6nelik eylemleri sonucunda ba\u015fta Ba\u015fkent Sana olmak \u00fczere Yemen\u2019in bir\u00e7ok merkezini ele ge\u00e7irdi. Bu durumu gerek\u00e7e g\u00f6stererek,\u00a0Suudi Arabistan\u2019\u0131n \u00f6nc\u00fcl\u00fc\u011f\u00fcnde Katar, Birle\u015fik Arap Emirlikleri, Bahreyn, Kuveyt, M\u0131s\u0131r, \u00dcrd\u00fcn, Fas, Pakistan ve Sudan\u2019dan olu\u015fan K\u00f6rfez Arap \u00dclkeleri \u0130\u015fbirli\u011fi Konseyi \u00fcyesi koalisyon g\u00fc\u00e7leri, 25 Mart 2015 tarihinde, Yemen\u2019e yo\u011fun bir hava harekat\u0131 ba\u015flatt\u0131.\u00a0Suudi yetkililer, Kararl\u0131l\u0131k F\u0131rt\u0131nas\u0131 (Decisive Storm) ad\u0131 verilen bu harekat\u0131n ana amac\u0131n\u0131 \u201cYemen halk\u0131n\u0131 ve Yemen\u2019in me\u015fru h\u00fck\u00fcmetini korumak\u201d \u015feklinde a\u00e7\u0131klad\u0131. ABD kuvvetleri operasyonda yer almasa da, koalisyon g\u00fc\u00e7lerine lojistik ve istihbarat deste\u011fi sa\u011flayaca\u011f\u0131n\u0131 duyurdu. \u201cTer\u00f6rist gruplar\u0131n Yemen\u2019den ayr\u0131lmas\u0131\u201d gerekti\u011fini ifade ederek m\u00fcdahaleyi destekleyen T\u00fcrkiye, operasyona lojistik destek de sa\u011flayabilece\u011fi sinyalini verdi. Bununla birlikte en \u00fcst seviyeden yap\u0131lan a\u00e7\u0131klamalarla; \u201c\u0130ran\u2019\u0131n b\u00f6lgeyi domine etmeye \u00e7al\u0131\u015ft\u0131\u011f\u0131, Yemen, Suriye ve Irak\u2019tan \u00e7ekilmesi gerekti\u011fi\u201d y\u00f6n\u00fcnde \u00f6nemli ele\u015ftirilerde bulunuldu.<\/p>\n<p style=\"color: #000000;\">\u00d6te yandan, Kararl\u0131l\u0131k F\u0131rt\u0131nas\u0131 operasyonuna y\u00f6nelik en sert tepkiyi \u0130ran verirken; Rusya, \u00c7in ve Irak\u2019da bar\u0131\u015f ve diyalog yanl\u0131s\u0131 deme\u00e7ler vererek endi\u015felerini belirttiler. Bu ve benzeri konularda uluslararas\u0131 arenada b\u00fcy\u00fck yank\u0131lar uyand\u0131rmayan AB\u2019nin c\u0131l\u0131z s\u00f6ylemi de askeri m\u00fcdahalenin \u00e7\u00f6z\u00fcm olmayaca\u011f\u0131 y\u00f6n\u00fcnde oldu.<\/p>\n<p style=\"color: #000000;\">Geli\u015fmelerin gerek\u00e7esi ve Kararl\u0131l\u0131k F\u0131rt\u0131nas\u0131 operasyonuna y\u00f6nelik i\u00e7 ve d\u0131\u015f bas\u0131nda yer alan, pek \u00e7o\u011fu petrol eksenli yorumlar\u0131 ise \u015funlar olu\u015fturdu;<\/p>\n<p style=\"color: #000000;\">\u2013\u00a0\u00a0\u00a0\u00a0\u00a0\u00a0\u00a0\u00a0\u00a0 Yemen h\u00fck\u00fcmetini devirmeye y\u00f6nelik bir darbe ya da ter\u00f6r eylemi,<\/p>\n<p style=\"color: #000000;\">\u2013\u00a0\u00a0\u00a0\u00a0\u00a0\u00a0\u00a0\u00a0\u00a0 \u0130ran-Suudi Arabistan aras\u0131nda ya\u015fanan \u00e7eki\u015fme,<\/p>\n<p style=\"color: #000000;\">\u2013\u00a0\u00a0\u00a0\u00a0\u00a0\u00a0\u00a0\u00a0\u00a0 Di\u011fer devletlerin hesapla\u015fmas\u0131,<\/p>\n<p style=\"color: #000000;\">\u2013\u00a0\u00a0\u00a0\u00a0\u00a0\u00a0\u00a0\u00a0\u00a0 Sona ermesi hayal olan so\u011fuk sava\u015f\u0131n bir ba\u015fka tezah\u00fcr\u00fc,<\/p>\n<p style=\"color: #000000;\">\u2013\u00a0 \u00a0 \u00a0 \u00a0 \u00a0 Kelime anlam\u0131 \u201ch\u00fcz\u00fcn kap\u0131s\u0131\u201d olan \u201cBab\u2019\u00fcl Mendep\u201d Bo\u011faz\u0131n\u0131n \u0130ran destekli Husiler\u2019in eline ge\u00e7mesinin, K\u0131z\u0131ldeniz\u2019den Aden K\u00f6rfezine \u00e7\u0131kan petrol sevkiyat\u0131\u00a0(D\u00fcnya genelinde \u201cgemi ile ta\u015f\u0131nan\u201d petrol\u00fcn %8\u2019i buradan ge\u00e7iyor)\u00a0dolay\u0131s\u0131yla Suudi Arabistan \u00fczerinde \u00a0 \u00a0 \u00a0 \u00a0 \u00a0 \u00a0 \u00a0 \u00a0 \u00a0 \u00a0 \u00a0 \u00a0 \u00a0 \u00a0 \u00a0 \u00a0 \u00a0 \u00a0 \u00a0 \u00a0yaratt\u0131\u011f\u0131\/yaratabilece\u011fi olumsuzluklar,<\/p>\n<p style=\"color: #000000;\">\u2013\u00a0\u00a0\u00a0\u00a0\u00a0\u00a0\u00a0\u00a0\u00a0 Petrol g\u00fczergah\u0131n\u0131n yan\u0131 s\u0131ra \u00e7ok zengin olmasa da petrol kaynaklar\u0131na y\u00f6nelik payla\u015f\u0131m m\u00fccadelesi (petrol kaynaklar\u0131 ve g\u00fczergah\u0131n\u0131 kontrol etme \u00e7abalar\u0131na y\u00f6nelik tarihsel geli\u015fim i\u00e7in Say\u0131n Hikmet Ulu\u011fbay\u2019\u0131n 2010 y\u0131l\u0131nda yazm\u0131\u015f oldu\u011fu\u00a0<em>\u201c<a style=\"color: #c75615;\" href=\"http:\/\/www.ulugbay.com\/blog_hikmet\/?p=113\" target=\"_blank\" rel=\"nofollow\">Yemen T\u00fcrk\u00fcs\u00fc\u2019n\u00fcn Yak\u0131lmas\u0131nda Petrol \u00c7\u0131karlar\u0131n\u0131n Oynad\u0131\u011f\u0131 Rol<\/a>\u201d<\/em>\u00a0isimli makaleyi incelemenizi tavsiye ederim. S\u00f6z konusu yaz\u0131da Yemen T\u00fcrk\u00fcs\u00fc\u2019n\u00fcn ilgin\u00e7 hikayesinin detaylar\u0131n\u0131 da bulabilirsiniz),<\/p>\n<p style=\"color: #000000;\">\u2013\u00a0\u00a0\u00a0\u00a0\u00a0\u00a0\u00a0\u00a0\u00a0 Petrol fiyatlar\u0131nda ya\u015fanan \u00f6nemli d\u00fc\u015f\u00fc\u015f nedeniyle fiyatlar\u0131 yukar\u0131 y\u00f6ne \u00e7evirme ama\u00e7l\u0131 bir operasyon yapma gereklili\u011fi,<\/p>\n<p style=\"color: #000000;\">\u2013\u00a0\u00a0\u00a0\u00a0\u00a0\u00a0\u00a0\u00a0\u00a0 Hac ibadetinin \u00fccretsiz olmas\u0131n\u0131 savunan Yemen\u2019li Husiler\u2019in bu ibadetten \u00f6nemli gelir elde eden Suudi Arabistan y\u00f6netimini tedirgin etmesi\u2026<\/p>\n<p style=\"color: #000000;\">Ger\u00e7ek sebep(ler) ne olursa olsun, Yemen\u2019de de mezhep ayr\u0131\u015fmas\u0131 g\u00f6r\u00fcn\u00fcm\u00fc alt\u0131nda karma\u015f\u0131k \u00e7\u0131kar \u00e7at\u0131\u015fmalar\u0131n\u0131n oldu\u011fu ortada. Geli\u015fmelerin ABD-\u0130ran aras\u0131nda devam eden n\u00fckleer program pazarl\u0131klar\u0131na ve uluslararas\u0131 petrol fiyatlar\u0131na etkisi merak ediliyor. Son 5 senenin en d\u00fc\u015f\u00fck seviyelerinde olan petrol fiyatlar\u0131 operasyonla birlikte dalgalanmaya ba\u015flad\u0131 bile. 750 milyar dolar d\u00f6viz rezervine sahip Suudi Arabistan bir taraftan sava\u015f maliyetleri dolay\u0131s\u0131yla kaybederken, di\u011fer taraftan artan petrol fiyatlar\u0131 dolay\u0131s\u0131yla kazanabilecek mi bilinmez. Emin olabilece\u011fimiz tek husus, petrol fiyatlar\u0131nda ya\u015fanabilecek art\u0131\u015f\u0131n, \u00f6zellikle bu hassas g\u00fcnlerde \u00fclkemiz ekonomisini ciddi \u015fekilde etkileme riski.<\/p>\n<p style=\"color: #000000;\">\u00d6te yandan uzun y\u0131llard\u0131r\u00a0yoksullukla m\u00fccadele eden, ezilmi\u015f, bizim kadar \u015fansl\u0131 olmad\u0131klar\u0131ndan demokrasi kavram\u0131yla belki de hayatlar\u0131n\u0131n hi\u00e7bir d\u00f6neminde tan\u0131\u015famayacak olan ve son olarak b\u00fct\u00fcn bu \u00e7at\u0131\u015fmalar\u0131n ortas\u0131nda kalan Yemen \u00e7ocuklar\u0131, gen\u00e7leri, milleti, k\u0131sacas\u0131 birka\u00e7 Yemen nesli\u2026<\/p>\n<p style=\"color: #000000;\">Peki bir ba\u015fka soru; bizler i\u00e7in s\u00f6ylenmi\u015f en anlaml\u0131 s\u00f6z nedir sizce \u00e7ocuklar? Evet evet, medeniyetlerin anas\u0131 olan bu ileri milletin \u00e7ocuklar\u0131 i\u00e7in s\u00f6ylenmi\u015f en anlaml\u0131 s\u00f6z\u00fc soruyorum. \u015e\u00f6yle bir 5 saniye g\u00f6zlerinizi kapat\u0131p d\u00fc\u015f\u00fcn\u00fcn l\u00fctfen\u2026<\/p>\n<p style=\"color: #000000;\">Konforlu koltuklar\u0131m\u0131zda oturup, bilgisayar ya da cep telefonu ekranlar\u0131ndan olup bitenleri takip eden ya da hayat\u0131n ak\u0131\u015f\u0131na kendisini kapt\u0131r\u0131p D\u00fcnya\u2019da olup bitenleri takip edemeyen biz \u015fansl\u0131 \u00e7ocuklar i\u00e7in s\u00f6ylenmi\u015f en anlaml\u0131 s\u00f6z bana g\u00f6re; \u201cNe mutlu T\u00fcrk\u2019\u00fcm diyene!\u201d \u00d6zellikle o karma\u015f\u0131k co\u011frafyaya bir kez daha bak\u0131p hep birlikte k\u0131ymetini bilelim, ne dersiniz?<\/p>\n<p style=\"color: #000000;\"><em><strong>Okan YARDIMCI\u00a0<\/strong><\/em><br \/>\n<em><strong>Enerji Uzman\u0131<\/strong><\/em><\/p>\n<p><\/p>","protected":false},"excerpt":{"rendered":"<p>Sorry, this entry is only available in Turkish. For the sake of viewer convenience, the content is shown below in the alternative language. You may click the link to switch the active language. T\u00fcrkiye\u2019nin Arap \u00fclkelerinden ayr\u0131\u015ft\u0131\u011f\u0131 \u00f6nemli bir nokta, mezhep farkl\u0131l\u0131klar\u0131n\u0131n i\u00e7 sava\u015f boyutunda kullan\u0131lamad\u0131\u011f\u0131 ender \u00fclkelerden bir tanesi olmas\u0131. \u015e\u00fcphesiz b\u00fcy\u00fck \u00f6nder Mustafa [&hellip;]<\/p>\n","protected":false},"author":1,"featured_media":37707,"comment_status":"open","ping_status":"open","sticky":false,"template":"","format":"standard","meta":[],"categories":[53],"tags":[63,67,1009,2698,165,22146,9681,22147,846,22150,22148,22149],"views":796,"_links":{"self":[{"href":"https:\/\/www.enerjigazetesi.ist\/en\/wp-json\/wp\/v2\/posts\/37706"}],"collection":[{"href":"https:\/\/www.enerjigazetesi.ist\/en\/wp-json\/wp\/v2\/posts"}],"about":[{"href":"https:\/\/www.enerjigazetesi.ist\/en\/wp-json\/wp\/v2\/types\/post"}],"author":[{"embeddable":true,"href":"https:\/\/www.enerjigazetesi.ist\/en\/wp-json\/wp\/v2\/users\/1"}],"replies":[{"embeddable":true,"href":"https:\/\/www.enerjigazetesi.ist\/en\/wp-json\/wp\/v2\/comments?post=37706"}],"version-history":[{"count":1,"href":"https:\/\/www.enerjigazetesi.ist\/en\/wp-json\/wp\/v2\/posts\/37706\/revisions"}],"predecessor-version":[{"id":37708,"href":"https:\/\/www.enerjigazetesi.ist\/en\/wp-json\/wp\/v2\/posts\/37706\/revisions\/37708"}],"wp:featuredmedia":[{"embeddable":true,"href":"https:\/\/www.enerjigazetesi.ist\/en\/wp-json\/wp\/v2\/media\/37707"}],"wp:attachment":[{"href":"https:\/\/www.enerjigazetesi.ist\/en\/wp-json\/wp\/v2\/media?parent=37706"}],"wp:term":[{"taxonomy":"category","embeddable":true,"href":"https:\/\/www.enerjigazetesi.ist\/en\/wp-json\/wp\/v2\/categories?post=37706"},{"taxonomy":"post_tag","embeddable":true,"href":"https:\/\/www.enerjigazetesi.ist\/en\/wp-json\/wp\/v2\/tags?post=37706"}],"curies":[{"name":"wp","href":"https:\/\/api.w.org\/{rel}","templated":true}]}}