{"id":37696,"date":"2015-03-30T10:45:08","date_gmt":"2015-03-30T07:45:08","guid":{"rendered":"https:\/\/www.enerjigazetesi.ist\/?p=37696"},"modified":"2015-03-30T10:45:08","modified_gmt":"2015-03-30T07:45:08","slug":"bakan-yildiz-yemen-operasyonu-petrolu-arttirdi","status":"publish","type":"post","link":"https:\/\/www.enerjigazetesi.ist\/en\/bakan-yildiz-yemen-operasyonu-petrolu-arttirdi\/","title":{"rendered":"(Turkish) Bakan Y\u0131ld\u0131z: \u201cYemen Operasyonu Petrol\u00fc Artt\u0131rd\u0131&#8230;\u201d"},"content":{"rendered":"<p class=\"qtranxs-available-languages-message qtranxs-available-languages-message-en\">Sorry, this entry is only available in <a href=\"https:\/\/www.enerjigazetesi.ist\/tr\/wp-json\/wp\/v2\/posts\/37696\" class=\"qtranxs-available-language-link qtranxs-available-language-link-tr\" title=\"Turkish\">Turkish<\/a>. For the sake of viewer convenience, the content is shown below in the alternative language. You may click the link to switch the active language.<\/p><p><\/p>\n<p style=\"color: #000000;\"><strong>Enerji ve Tabii Kaynaklar Bakan\u0131 Taner Y\u0131ld\u0131z, petrol fiyatlar\u0131ndaki art\u0131\u015fa ili\u015fkin, \u201cYemen\u2019in d\u00fcnya petrol \u00fcretimindeki pay\u0131 binde 2 civar\u0131nda.\u00a0<\/strong><\/p>\n<p style=\"color: #000000;\">Bu da \u00e7ok ciddi bir miktar de\u011fil ama d\u00fcnyan\u0131n en b\u00fcy\u00fck petrol ihracat\u00e7\u0131s\u0131 olan Suudi Arabistan\u2019\u0131n ge\u00e7i\u015f yolu \u00fczerinde olmas\u0131, hatta Basra\u2019da bat\u0131ya giden b\u00fct\u00fcn petrol ihrac\u0131yla alakal\u0131 konular\u0131n her birisinin ge\u00e7i\u015f yolunda olmas\u0131, d\u00fcnya ham petrol fiyatlar\u0131n\u0131 y\u00fczde 5\u2019ler civar\u0131nda te<a href=\"https:\/\/www.enerjigazetesi.ist\/wp-content\/uploads\/2015\/03\/bakan-yildiz-yemen-operasyonu-petrolu-arttirdi.jpg\"><img loading=\"lazy\" class=\"alignleft wp-image-37697 size-medium\" src=\"https:\/\/www.enerjigazetesi.ist\/wp-content\/uploads\/2015\/03\/bakan-yildiz-yemen-operasyonu-petrolu-arttirdi-300x165.jpg\" alt=\"bakan-yildiz-yemen-operasyonu-petrolu-arttirdi\" width=\"300\" height=\"165\" srcset=\"https:\/\/www.enerjigazetesi.ist\/wp-content\/uploads\/2015\/03\/bakan-yildiz-yemen-operasyonu-petrolu-arttirdi-300x165.jpg 300w, https:\/\/www.enerjigazetesi.ist\/wp-content\/uploads\/2015\/03\/bakan-yildiz-yemen-operasyonu-petrolu-arttirdi-500x275.jpg 500w, https:\/\/www.enerjigazetesi.ist\/wp-content\/uploads\/2015\/03\/bakan-yildiz-yemen-operasyonu-petrolu-arttirdi-80x44.jpg 80w, https:\/\/www.enerjigazetesi.ist\/wp-content\/uploads\/2015\/03\/bakan-yildiz-yemen-operasyonu-petrolu-arttirdi.jpg 870w\" sizes=\"(max-width: 300px) 100vw, 300px\" \/><\/a>tikledi\u201d dedi.<span id=\"more-70879\"><\/span><\/p>\n<p style=\"color: #000000;\">Y\u0131ld\u0131z, Kayseri Milli E\u011fitim M\u00fcd\u00fcrl\u00fc\u011f\u00fc yeni hizmet binas\u0131 a\u00e7\u0131l\u0131\u015f t\u00f6reni \u00f6ncesinde, gazetecilerin Yemen\u2019deki olaylarla ilgili sorusu \u00fczerine, enerji sekt\u00f6r\u00fcn\u00fcn siyasi istikrars\u0131zl\u0131klar\u0131 hi\u00e7 sevmedi\u011fini belirtti. \u201cYemen\u2019in d\u00fcnya petrol \u00fcretimindeki pay\u0131 binde 2 civar\u0131nda.<\/p>\n<p style=\"color: #000000;\">Bu da \u00e7ok ciddi bir miktar de\u011fil\u201d diyen Y\u0131ld\u0131z, \u015f\u00f6yle devam etti: \u201cAma d\u00fcnyan\u0131n en b\u00fcy\u00fck petrol ihracat\u00e7\u0131s\u0131 olan Suudi Arabistan\u2019\u0131n ge\u00e7i\u015f yolu \u00fczerinde olmas\u0131, hatta Basra\u2019da bat\u0131ya giden b\u00fct\u00fcn petrol ihrac\u0131yla alakal\u0131 konular\u0131n her birisinin ge\u00e7i\u015f yolunda olmas\u0131 d\u00fcnya ham petrol fiyatlar\u0131n\u0131 y\u00fczde 5\u2019ler civar\u0131nda tetikledi. Her zaman s\u00f6yl\u00fcyoruz, \u2018bu yaln\u0131zca teknik konu olmaktan \u00e7\u0131kar, yaln\u0131zca petrol arz\u0131 ve talebi olmaktan \u00e7\u0131kar istikrars\u0131zl\u0131\u011f\u0131n getirece\u011fi kalemler olarak ortaya \u00e7\u0131kar\u2019 demi\u015ftik. Yemen\u2019de de \u00f6yle oldu.\u201d<\/p>\n<p style=\"color: #000000;\">Kaynak: Enerji Enstit\u00fcs\u00fc<\/p>\n<p><\/p>","protected":false},"excerpt":{"rendered":"<p>Sorry, this entry is only available in Turkish. For the sake of viewer convenience, the content is shown below in the alternative language. You may click the link to switch the active language. Enerji ve Tabii Kaynaklar Bakan\u0131 Taner Y\u0131ld\u0131z, petrol fiyatlar\u0131ndaki art\u0131\u015fa ili\u015fkin, \u201cYemen\u2019in d\u00fcnya petrol \u00fcretimindeki pay\u0131 binde 2 civar\u0131nda.\u00a0 Bu da \u00e7ok [&hellip;]<\/p>\n","protected":false},"author":1,"featured_media":37697,"comment_status":"open","ping_status":"open","sticky":false,"template":"","format":"standard","meta":[],"categories":[53,44],"tags":[22141,63,67,1009,2698,165,59,79,347,1463,667,22142,22143],"views":506,"_links":{"self":[{"href":"https:\/\/www.enerjigazetesi.ist\/en\/wp-json\/wp\/v2\/posts\/37696"}],"collection":[{"href":"https:\/\/www.enerjigazetesi.ist\/en\/wp-json\/wp\/v2\/posts"}],"about":[{"href":"https:\/\/www.enerjigazetesi.ist\/en\/wp-json\/wp\/v2\/types\/post"}],"author":[{"embeddable":true,"href":"https:\/\/www.enerjigazetesi.ist\/en\/wp-json\/wp\/v2\/users\/1"}],"replies":[{"embeddable":true,"href":"https:\/\/www.enerjigazetesi.ist\/en\/wp-json\/wp\/v2\/comments?post=37696"}],"version-history":[{"count":1,"href":"https:\/\/www.enerjigazetesi.ist\/en\/wp-json\/wp\/v2\/posts\/37696\/revisions"}],"predecessor-version":[{"id":37698,"href":"https:\/\/www.enerjigazetesi.ist\/en\/wp-json\/wp\/v2\/posts\/37696\/revisions\/37698"}],"wp:featuredmedia":[{"embeddable":true,"href":"https:\/\/www.enerjigazetesi.ist\/en\/wp-json\/wp\/v2\/media\/37697"}],"wp:attachment":[{"href":"https:\/\/www.enerjigazetesi.ist\/en\/wp-json\/wp\/v2\/media?parent=37696"}],"wp:term":[{"taxonomy":"category","embeddable":true,"href":"https:\/\/www.enerjigazetesi.ist\/en\/wp-json\/wp\/v2\/categories?post=37696"},{"taxonomy":"post_tag","embeddable":true,"href":"https:\/\/www.enerjigazetesi.ist\/en\/wp-json\/wp\/v2\/tags?post=37696"}],"curies":[{"name":"wp","href":"https:\/\/api.w.org\/{rel}","templated":true}]}}