{"id":37679,"date":"2015-03-29T14:57:02","date_gmt":"2015-03-29T11:57:02","guid":{"rendered":"https:\/\/www.enerjigazetesi.ist\/?p=37679"},"modified":"2015-03-29T14:57:02","modified_gmt":"2015-03-29T11:57:02","slug":"enerji-sektoru-istikrarsizligi-kabul-edemez","status":"publish","type":"post","link":"https:\/\/www.enerjigazetesi.ist\/en\/enerji-sektoru-istikrarsizligi-kabul-edemez\/","title":{"rendered":"(Turkish) &#8221;Enerji Sekt\u00f6r\u00fc \u0130stikrars\u0131zl\u0131\u011f\u0131 Kabul Edemez!&#8221;"},"content":{"rendered":"<p class=\"qtranxs-available-languages-message qtranxs-available-languages-message-en\">Sorry, this entry is only available in <a href=\"https:\/\/www.enerjigazetesi.ist\/tr\/wp-json\/wp\/v2\/posts\/37679\" class=\"qtranxs-available-language-link qtranxs-available-language-link-tr\" title=\"Turkish\">Turkish<\/a>. For the sake of viewer convenience, the content is shown below in the alternative language. You may click the link to switch the active language.<\/p><p><strong>Enerji ve Tabii Kaynaklar Bakan\u0131 Taner Y\u0131ld\u0131z ve Eyl\u00fcl ay\u0131ndan itibaren Uluslararas\u0131 Enerji Ajans\u0131 \u0130cra Direkt\u00f6rl\u00fc\u011f\u00fc g\u00f6revini devralacak Uluslararas\u0131 Enerji Ajans\u0131 Ba\u015fekonomisti Fatih Birol \u0130stanbul\u2019da bas\u0131n mensuplar\u0131yla bir araya geldi.<\/strong><\/p>\n<p>Enerji ve Tabii Kaynaklar Bakan\u0131 Taner Y\u0131ld\u0131z ve Uluslararas\u0131 Enerji Ajans\u0131 Ba\u015fekonomisti Fatih Birol \u0130stanbul\u2019da bas\u0131n mensuplar\u0131yla bir araya geldi.<a href=\"https:\/\/www.enerjigazetesi.ist\/wp-content\/uploads\/2015\/03\/enerji-sektoru-istikrarsizligi-kabul-edemez.jpg\"><img loading=\"lazy\" class=\"alignright size-medium wp-image-37680\" src=\"https:\/\/www.enerjigazetesi.ist\/wp-content\/uploads\/2015\/03\/enerji-sektoru-istikrarsizligi-kabul-edemez-300x158.jpg\" alt=\"enerji-sektoru-istikrarsizligi-kabul-edemez\" width=\"300\" height=\"158\" srcset=\"https:\/\/www.enerjigazetesi.ist\/wp-content\/uploads\/2015\/03\/enerji-sektoru-istikrarsizligi-kabul-edemez-300x158.jpg 300w, https:\/\/www.enerjigazetesi.ist\/wp-content\/uploads\/2015\/03\/enerji-sektoru-istikrarsizligi-kabul-edemez-80x42.jpg 80w, https:\/\/www.enerjigazetesi.ist\/wp-content\/uploads\/2015\/03\/enerji-sektoru-istikrarsizligi-kabul-edemez.jpg 311w\" sizes=\"(max-width: 300px) 100vw, 300px\" \/><\/a><\/p>\n<p>Enerji Bakan\u0131 Y\u0131ld\u0131z, Uluslararas\u0131 Enerji Ajans\u0131 (IEA) \u0130cra Direkt\u00f6rl\u00fc\u011f\u00fc g\u00f6revine se\u00e7ilen Fatih Birol&#8217;u tebrik etti.<\/p>\n<p>Y\u0131ld\u0131z hi\u00e7bir sekt\u00f6r\u00fcn siyasi istikrars\u0131zl\u0131k kabul etmeyece\u011fini ifade ederek, \u201c\u00d6zellikle enerji sekt\u00f6r\u00fc siyasi iktidars\u0131zl\u0131\u011f\u0131 hi\u00e7bir \u015fekilde kabul etmez&#8221; dedi. Taner Y\u0131ld\u0131z, Rusya ile olan do\u011falgaz fiyatlar\u0131na ili\u015fkin olarak Rusya Devlet Ba\u015fkan\u0131 Putin&#8217;in ilk olarak m\u00fczakerelere a\u00e7\u0131k y\u00fczde 6&#8217;lik bir indirim teklifiyle geldi\u011fini hat\u0131rlatt\u0131 ve \u015funlar\u0131 s\u00f6yledi: &#8220;T\u00fcrkiye\u2019nin maliyeti a\u00e7\u0131s\u0131ndan herhangi bir d\u00fc\u015f\u00fc\u015f ya\u015fanmad\u0131 ama dolar baz\u0131nda d\u00fc\u015ft\u00fc. Biz bunu fiyat art\u0131\u015f\u0131 seklinde vatanda\u015fa yans\u0131tamay\u0131z.&#8221;<\/p>\n<p>Taner Y\u0131ld\u0131z ayr\u0131ca do\u011falgazda \u00f6zel sekt\u00f6re zarar vermeyecek bir fiyat i\u00e7in Gazprom&#8217;dan bir taahh\u00fct ald\u0131klar\u0131n\u0131 da s\u00f6zlerine ekledi.<\/p>\n<p><strong>&#8220;T\u00fcrkiye NGS&#8217;lerden geri kalamaz&#8221;<\/strong><\/p>\n<p>Bakan Y\u0131ld\u0131z n\u00fckleer g\u00fc\u00e7 santrallerinin(NGS) elektrik \u00fcretiminin sa\u011flanmas\u0131yla beraber ayr\u0131ca iklim de\u011fi\u015fikli\u011fine olumlu katk\u0131lar sa\u011flayaca\u011f\u0131n\u0131 kaydederek &#8220;T\u00fcrkiye NGS&#8217;lerden geri kalamaz. NGS projeleri toplam 100 y\u0131la yak\u0131n bir sure devaml\u0131l\u0131\u011f\u0131 olan projeler. NGS&#8217;ler i\u00e7in mal \u00fcreten ve akredite olmu\u015f 450 firmam\u0131z var&#8221; diye konu\u015ftu. Y\u0131ld\u0131z Akkuyu NGS projesiyle ilgili olarak ise &#8220;\u00d6n\u00fcm\u00fczdeki ay liman ihalesini yaparak temel atma a\u015famas\u0131na gelmeyi planl\u0131yoruz&#8221; dedi.<\/p>\n<p><strong>&#8220;IEA&#8217;da bir ilk ya\u015fand\u0131&#8221;<\/strong><\/p>\n<p>Fatih Birol da T\u00fcrkiye\u2019nin enerji konusunda b\u00fcy\u00fck bir \u00f6neme sahip oldu\u011funu vurgulad\u0131. Birol ilk defa IEA&#8217;nin ilk defa kendi i\u00e7inden bir ki\u015fiyi se\u00e7ti\u011fini s\u00f6yleyerek,&#8221;Daha \u00f6nce eski bakanlar gibi ki\u015filer IEA&#8217;nin ba\u015f\u0131na se\u00e7iliyordu&#8221; dedi.\u00a0 Fatih Birol \u0130cra Direkt\u00f6r\u00fc olarak yeni g\u00f6revine 1 Eyl\u00fcl 2015&#8217;te ba\u015flayaca\u011f\u0131n\u0131 s\u00f6yledi ve yeni g\u00f6revinde g\u00fcndeminde tutaca\u011f\u0131 \u00f6nemli konu basl\u0131klar\u0131 hakk\u0131nda bilgileri bas\u0131n mensuplar\u0131yla payla\u015ft\u0131.<\/p>\n<p>Fatih Birol \u015funlar\u0131 kaydetti: &#8220;\u0130cra Direkt\u00f6r\u00fc olarak yeni g\u00f6revimde IEA&#8217;nin geni\u015flemesi \u00f6nemli bir konu. IEA&#8217;ya \u00fcye olmak isteyen her \u00fclkenin 90 g\u00fcnl\u00fck stoku olmas\u0131 laz\u0131m.\u00a0 Ayr\u0131ca enerji g\u00fcvenli\u011fi de ba\u015fka \u00f6nemli bir g\u00fcndem maddesi. D\u00fcnya tarihinde jeopolitika ile enerjinin b\u00f6ylesine i\u00e7\u00e7ice ge\u00e7ti\u011fi bir zaman \u00e7ok nadirdir. D\u00fcnyada Yemen. Irak, Rusya-Ukrayna gibi s\u0131cak noktalar var. 3. g\u00fcndem maddesi de iklim de\u011fi\u015fikli\u011fi. Bu \u00e7ok \u00f6nemli bir konu ve 2015&#8217;in sonunda Paris&#8217;te iklim de\u011fi\u015fikli\u011fi konferans\u0131n\u0131n da toplanacak.&#8221;<\/p>\n<p><strong>&#8220;TANAP Avrupa i\u00e7in bir f\u0131rsatt\u0131r&#8221;<\/strong><\/p>\n<p>IEA Ba\u015fekonomisti Birol T\u00fcrkiye\u2019nin G-20&#8217;ye ev sahipli\u011fi yapmas\u0131n\u0131 da son derece \u00f6nemli buldu\u011funu kaydederek, &#8220;\u0130klim de\u011fi\u015fikli\u011fi ve enerji g\u00fcvenli\u011fi bak\u0131m\u0131ndan da bu ev sahipli\u011fi \u00f6nemlidir&#8221; dedi. Birol ayr\u0131ca Afrika ve enerji konusuna da \u00f6nem verece\u011fini a\u00e7\u0131klad\u0131. Petrol fiyatlar\u0131yla ili\u015fkin olarak ise Fatih Birol, \u201cFiyatlar\u0131n d\u00fc\u015f\u00fck oldu\u011fu d\u00f6nem ge\u00e7icidir. Bakin dun Yemen&#8217;e yap\u0131lan askeri m\u00fcdahale ile fiyatlar bir anda 5-6 dolar f\u0131rlad\u0131&#8221; diye konu\u015ftu.<\/p>\n<p>Fatih Birol TANAP ile olarak, &#8220;TANAP&#8217;\u0131n temelinin at\u0131lmas\u0131 T\u00fcrkiye i\u00e7in \u00e7ok \u00f6nemli olmakla beraber ayr\u0131ca Avrupa i\u00e7in de son derece \u00f6nemlidir&#8221; dedi.<\/p>\n<p><strong>&#8220;NATO ve IEA aras\u0131nda s\u0131k\u0131 i\u015fbirli\u011fi olacak&#8221;<\/strong><\/p>\n<p>Birol enerji a\u00e7\u0131s\u0131ndan yat\u0131r\u0131m olursa \u00fcretim art\u0131\u015f\u0131n\u0131n da ya\u015fanaca\u011f\u0131na dikkat \u00e7ekerek, \u201c\u00dcretim artmaz ve talep artarsa ciddi sorunlar olu\u015fur. Enerji uzun sureli bir bak\u0131\u015fa sahip olunmas\u0131 gereken bir sekt\u00f6r&#8221; seklinde konu\u015ftu. Fatih Birol, NATO&#8217;ya yapt\u0131\u011f\u0131 ziyaretle ilgili gazetemiz ad\u0131na sorulan soruya da su \u015fekilde cevap verdi: &#8220;NATO&#8217;ya yapt\u0131\u011f\u0131m ziyarette k\u00fcresel enerji piyasas\u0131n\u0131 ve jeopolitik geli\u015fmeleri NATO \u00fcyesi B\u00fcy\u00fckel\u00e7ilerine anlat\u0131m. NATO Genel Sekterinin de s\u00f6yledi\u011fi gibi \u0131ra Direkt\u00f6r\u00fc olarak \u00f6zellikle enerji g\u00fcvenli\u011fi konusunda NATO ile Eyl\u00fcl ay\u0131ndan itibaren daha s\u0131k\u0131 bir i\u015fbirli\u011fini hedefliyoruz.&#8221;<\/p>\n<p>Kaynak: <a href=\"http:\/\/www.petroturk.com\/HaberGoster.aspx?id=12173&amp;aber=-Enerji-sektoru-istikrarsizligi-kabul-edemez\" target=\"_blank\" rel=\"nofollow\">Petroturk<\/a><\/p>","protected":false},"excerpt":{"rendered":"<p>Sorry, this entry is only available in Turkish. For the sake of viewer convenience, the content is shown below in the alternative language. You may click the link to switch the active language.Enerji ve Tabii Kaynaklar Bakan\u0131 Taner Y\u0131ld\u0131z ve Eyl\u00fcl ay\u0131ndan itibaren Uluslararas\u0131 Enerji Ajans\u0131 \u0130cra Direkt\u00f6rl\u00fc\u011f\u00fc g\u00f6revini devralacak Uluslararas\u0131 Enerji Ajans\u0131 Ba\u015fekonomisti Fatih [&hellip;]<\/p>\n","protected":false},"author":1,"featured_media":37680,"comment_status":"open","ping_status":"open","sticky":false,"template":"","format":"standard","meta":[],"categories":[53],"tags":[2289,710,22135,5291,92,68,63,67,1009,2698,165,22133,22134,35369,4631,22131,59,22132,22130,667],"views":507,"_links":{"self":[{"href":"https:\/\/www.enerjigazetesi.ist\/en\/wp-json\/wp\/v2\/posts\/37679"}],"collection":[{"href":"https:\/\/www.enerjigazetesi.ist\/en\/wp-json\/wp\/v2\/posts"}],"about":[{"href":"https:\/\/www.enerjigazetesi.ist\/en\/wp-json\/wp\/v2\/types\/post"}],"author":[{"embeddable":true,"href":"https:\/\/www.enerjigazetesi.ist\/en\/wp-json\/wp\/v2\/users\/1"}],"replies":[{"embeddable":true,"href":"https:\/\/www.enerjigazetesi.ist\/en\/wp-json\/wp\/v2\/comments?post=37679"}],"version-history":[{"count":1,"href":"https:\/\/www.enerjigazetesi.ist\/en\/wp-json\/wp\/v2\/posts\/37679\/revisions"}],"predecessor-version":[{"id":37681,"href":"https:\/\/www.enerjigazetesi.ist\/en\/wp-json\/wp\/v2\/posts\/37679\/revisions\/37681"}],"wp:featuredmedia":[{"embeddable":true,"href":"https:\/\/www.enerjigazetesi.ist\/en\/wp-json\/wp\/v2\/media\/37680"}],"wp:attachment":[{"href":"https:\/\/www.enerjigazetesi.ist\/en\/wp-json\/wp\/v2\/media?parent=37679"}],"wp:term":[{"taxonomy":"category","embeddable":true,"href":"https:\/\/www.enerjigazetesi.ist\/en\/wp-json\/wp\/v2\/categories?post=37679"},{"taxonomy":"post_tag","embeddable":true,"href":"https:\/\/www.enerjigazetesi.ist\/en\/wp-json\/wp\/v2\/tags?post=37679"}],"curies":[{"name":"wp","href":"https:\/\/api.w.org\/{rel}","templated":true}]}}