{"id":37667,"date":"2015-03-28T14:42:52","date_gmt":"2015-03-28T11:42:52","guid":{"rendered":"https:\/\/www.enerjigazetesi.ist\/?p=37667"},"modified":"2015-03-28T14:45:45","modified_gmt":"2015-03-28T11:45:45","slug":"makale-enerji-sektoru-iklim-degisikligi-ve-kuresel-isinma-sera-gazlari-ve-karbondioksit-salimi","status":"publish","type":"post","link":"https:\/\/www.enerjigazetesi.ist\/en\/makale-enerji-sektoru-iklim-degisikligi-ve-kuresel-isinma-sera-gazlari-ve-karbondioksit-salimi\/","title":{"rendered":"(Turkish) Makale: Enerji Sekt\u00f6r\u00fc, \u0130klim De\u011fi\u015fikli\u011fi ve K\u00fcresel Is\u0131nma, Sera Gazlar\u0131&#8230;"},"content":{"rendered":"<p class=\"qtranxs-available-languages-message qtranxs-available-languages-message-en\">Sorry, this entry is only available in <a href=\"https:\/\/www.enerjigazetesi.ist\/tr\/wp-json\/wp\/v2\/posts\/37667\" class=\"qtranxs-available-language-link qtranxs-available-language-link-tr\" title=\"Turkish\">Turkish<\/a>. For the sake of viewer convenience, the content is shown below in the alternative language. You may click the link to switch the active language.<\/p><p><strong>ENERJ\u0130 SEKT\u00d6R\u00dc &#8211; \u0130KL\u0130M DE\u011e\u0130\u015e\u0130KL\u0130\u011e\u0130 \u2013 K\u00dcRESEL ISINMA \u2013 SERA GAZLARI \u2013 KARBOND\u0130OKS\u0130T (CO<sub>2<\/sub> ) SALIMI ARASINDAK\u0130 \u0130L\u0130\u015eK\u0130 NED\u0130R ?<\/strong><\/p>\n<p><strong>Sera etkisi nedir ?<\/strong><\/p>\n<p>&#8211;\u00a0\u00a0\u00a0\u00a0\u00a0\u00a0\u00a0 Otomobil g\u00fcne\u015f alt\u0131nda b\u0131rak\u0131ld\u0131\u011f\u0131nda, <strong>\u00f6rne\u011fin d\u0131\u015f hava s\u0131cakl\u0131\u011f\u0131 30 \u00baC iken otomobilin i\u00e7in<a href=\"https:\/\/www.enerjigazetesi.ist\/wp-content\/uploads\/2015\/03\/makale-enerji-sektoru-iklim-degisikligi-ve-kuresel-isinma-sera-gazlari-ve-karbondioksit-salimi.jpg\"><img loading=\"lazy\" class=\"alignright size-medium wp-image-37669\" src=\"https:\/\/www.enerjigazetesi.ist\/wp-content\/uploads\/2015\/03\/makale-enerji-sektoru-iklim-degisikligi-ve-kuresel-isinma-sera-gazlari-ve-karbondioksit-salimi-300x180.jpg\" alt=\"makale-enerji-sektoru-iklim-degisikligi-ve-kuresel-isinma-sera-gazlari-ve-karbondioksit-salimi\" width=\"300\" height=\"180\" srcset=\"https:\/\/www.enerjigazetesi.ist\/wp-content\/uploads\/2015\/03\/makale-enerji-sektoru-iklim-degisikligi-ve-kuresel-isinma-sera-gazlari-ve-karbondioksit-salimi-300x180.jpg 300w, https:\/\/www.enerjigazetesi.ist\/wp-content\/uploads\/2015\/03\/makale-enerji-sektoru-iklim-degisikligi-ve-kuresel-isinma-sera-gazlari-ve-karbondioksit-salimi-1024x617.jpg 1024w, https:\/\/www.enerjigazetesi.ist\/wp-content\/uploads\/2015\/03\/makale-enerji-sektoru-iklim-degisikligi-ve-kuresel-isinma-sera-gazlari-ve-karbondioksit-salimi-500x301.jpg 500w, https:\/\/www.enerjigazetesi.ist\/wp-content\/uploads\/2015\/03\/makale-enerji-sektoru-iklim-degisikligi-ve-kuresel-isinma-sera-gazlari-ve-karbondioksit-salimi-80x48.jpg 80w, https:\/\/www.enerjigazetesi.ist\/wp-content\/uploads\/2015\/03\/makale-enerji-sektoru-iklim-degisikligi-ve-kuresel-isinma-sera-gazlari-ve-karbondioksit-salimi.jpg 1600w\" sizes=\"(max-width: 300px) 100vw, 300px\" \/><\/a>deki s\u0131cakl\u0131k yakla\u015f\u0131k 1 saat i\u00e7inde sauna s\u0131cakl\u0131klar\u0131na<\/strong> (80 \u2013 90 \u00baC) varabilmektedir.<\/p>\n<p>&#8211;\u00a0\u00a0\u00a0\u00a0\u00a0\u00a0\u00a0 Otomobilin i\u00e7inde <strong>\u00e7al\u0131\u015fan hi\u00e7bir cihaz olmad\u0131\u011f\u0131<\/strong> halde bu s\u0131cakl\u0131k art\u0131\u015f\u0131 nas\u0131l ger\u00e7ekle\u015fmekte ?<\/p>\n<p>&#8211;\u00a0\u00a0\u00a0\u00a0\u00a0\u00a0\u00a0 <strong>I\u015f\u0131k bir enerji t\u00fcr\u00fcd\u00fcr<\/strong>. D\u00fcnya\u2019m\u0131za g\u00fcne\u015ften enerji \u0131\u015f\u0131\u011f\u0131 vas\u0131tas\u0131yla gelir. D\u00fcnya\u2019n\u0131n g\u00fcne\u015f \u0131\u015f\u0131\u011f\u0131n\u0131 en iyi g\u00f6ren y\u00fcz\u00fc &gt;+50 \u00baC, hi\u00e7 g\u00f6rmeyen y\u00fcz\u00fc &lt; -50 \u00baC olabilmektedir.<\/p>\n<p>&#8211;\u00a0\u00a0\u00a0\u00a0\u00a0\u00a0\u00a0 I\u015f\u0131k ta\u015f\u0131d\u0131\u011f\u0131 enerjiyi otomobilin cam\u0131ndan, \u015feffaf oldu\u011fundan ge\u00e7irir, ancak i\u00e7erdeki konsoldan\/koltuktan ge\u00e7emedi\u011fi i\u00e7in <strong>enerjisinin b\u00fcy\u00fck k\u0131sm\u0131n\u0131 koltu\u011fa\/konsola vb. b\u0131rak\u0131r,<\/strong><\/p>\n<p>&#8211;\u00a0\u00a0\u00a0\u00a0\u00a0\u00a0\u00a0 Zamanla <strong>koltuk\/konsol \u0131s\u0131nmaya ba\u015flar ve araba i\u00e7indeki havay\u0131 \u0131s\u0131t\u0131r,<\/strong><\/p>\n<p>&#8211;\u00a0\u00a0\u00a0\u00a0\u00a0\u00a0\u00a0 Araban\u0131n i\u00e7inde <strong>\u0131s\u0131nan hava, \u0131\u015f\u0131k gibi camdan ge\u00e7ip d\u0131\u015far\u0131 \u00e7\u0131kamaz<\/strong>, i\u00e7erde hapsolur ve araba i\u00e7inde enerji\/\u0131s\u0131 birikmeye ba\u015flar,<\/p>\n<p>&#8211;\u00a0\u00a0\u00a0\u00a0\u00a0\u00a0\u00a0 Sonu\u00e7; 1 saat gibi k\u0131sa bir s\u00fcrede bile 90 \u00baC\u2019lere varan araba i\u00e7i s\u0131cakl\u0131k olu\u015fur.<\/p>\n<p>&#8211;\u00a0\u00a0\u00a0\u00a0\u00a0\u00a0\u00a0 Buna sera etkisi deniliyor ve <strong>s\u0131cak su (termal) g\u00fcne\u015f kolekt\u00f6rlerinde faydalan\u0131l\u0131yor<\/strong>. Kolekt\u00f6rde\u00a0 koyu renkli bir plaka ve \u00f6n\u00fcnde cam var. Camdan ge\u00e7en g\u00fcne\u015f \u0131\u015f\u0131\u011f\u0131 enerjisini koyu plakaya b\u0131rak\u0131yor. Koyu plaka ile cam aras\u0131ndaki hava \u0131s\u0131n\u0131yor ve \u0131s\u0131nan hava cam\u0131 ge\u00e7emedi\u011finden plaka arkas\u0131nda dola\u015fan suyu \u0131s\u0131tarak bize s\u0131cak su g\u00f6nderiyor. \u00d6rne\u011fin d\u0131\u015f hava s\u0131cakl\u0131\u011f\u0131 30 \u00baC iken g\u00fcne\u015f kolekt\u00f6r\u00fcnden gelen s\u0131cak su 90 \u00baC\u2019leri ge\u00e7ebiliyor (hatta buhar bile gelebiliyor). D\u0131\u015f ortam s\u0131cakl\u0131\u011f\u0131 0 \u00baC bile olsa g\u00fcn \u0131\u015f\u0131\u011f\u0131 oldu\u011funda<strong> g\u00fcne\u015f kolekt\u00f6rden 30-40 C \u0131l\u0131k su gelebiliyor.<\/strong><\/p>\n<p>&#8211;\u00a0\u00a0\u00a0\u00a0\u00a0\u00a0\u00a0 <strong>Meyve\/Sebze seralar\u0131<\/strong> da bu etkiden faydalan\u0131yor: Saydam sera \u00e7at\u0131s\u0131ndan\/duvar\u0131ndan ge\u00e7en g\u00fcne\u015f \u0131\u015f\u0131\u011f\u0131 enerjisini sera i\u00e7indeki topra\u011fa, bitkiye vb. b\u0131rak\u0131yor. Toprak &#8211; bitki, saydam \u00e7at\u0131\/duvar aras\u0131ndaki havay\u0131 \u0131s\u0131t\u0131yor ve \u0131s\u0131nan hava saydam \u00e7at\u0131\/duvar\u0131 ge\u00e7emedi\u011finden seran\u0131n i\u00e7inde \u0131s\u0131 birikmeye ba\u015fl\u0131yor. \u00d6rne\u011fin d\u0131\u015f ortam s\u0131cakl\u0131\u011f\u0131 0 \u00baC bile olsa g\u00fcn \u0131\u015f\u0131\u011f\u0131 oldu\u011funda seran\u0131n i\u00e7i (seran\u0131n kendi \u0131s\u0131tmas\u0131 devrede olmadan)<strong> 20-30 <\/strong>\u00ba<strong>C civar\u0131nda olabiliyor. <\/strong>Sera \u0131s\u0131tma devresi ne zaman \u00e7al\u0131\u015f\u0131yor ?: G\u00fcne\u015f \u0131\u015f\u0131\u011f\u0131 olmad\u0131\u011f\u0131nda, yani \u00e7o\u011funlukla k\u0131\u015f\u0131n geceleri.<\/p>\n<p><strong>Sera etkisinin k\u00fcresel \u0131s\u0131nma ile alakas\u0131 nedir ?<\/strong><\/p>\n<p>&#8211;\u00a0\u00a0\u00a0\u00a0\u00a0\u00a0\u00a0 Bilindi\u011fi gibi <strong>enerji sekt\u00f6r\u00fc y\u00fcksek oranda CO<sub>2<\/sub> salmakta,<\/strong><\/p>\n<p>&#8211;\u00a0\u00a0\u00a0\u00a0\u00a0\u00a0\u00a0 <strong>1 Ton petrol yand\u0131\u011f\u0131nda<\/strong>(yak\u0131t\u0131n karbonu, havan\u0131n a\u011f\u0131r olan 2 mol oksijenini \u00fczerine ald\u0131\u011f\u0131ndan a\u011f\u0131rla\u015fmakta) yakla\u015f\u0131k <strong>3 tonun \u00fczerinde CO<sub>2<\/sub> \u00e7\u0131kmakta<\/strong>, (C +O<sub>2<\/sub> = CO<sub>2<\/sub> + Enerji)<\/p>\n<p>&#8211;\u00a0\u00a0\u00a0\u00a0\u00a0\u00a0\u00a0 <strong>CO<sub>2<\/sub><\/strong><sub>,<\/sub> atmosferin \u00fcst tabakas\u0131nda yo\u011funla\u015farak (bir \u00e7e\u015fit <strong>\u015feffaf battaniye)<\/strong> <strong>enerji ta\u015f\u0131yan g\u00fcne\u015f \u0131\u015f\u0131\u011f\u0131n\u0131 ge\u00e7iren ama g\u00fcne\u015f \u0131\u015f\u0131\u011f\u0131n\u0131n \u0131s\u0131tt\u0131\u011f\u0131 D\u00fcnya atmosferindeki \u0131s\u0131n\u0131n uzaya yay\u0131lmas\u0131n\u0131 \u00f6nleyerek<\/strong> <strong>D\u00fcnya\u2019m\u0131z\u0131 bir \u00e7e\u015fit seraya d\u00f6n\u00fc\u015ft\u00fcrmekte<\/strong> ve bu nedenle en \u00f6nemli\/etkili sera gaz\u0131 olarak bilinmekte,<\/p>\n<p>&#8211;\u00a0\u00a0\u00a0\u00a0\u00a0\u00a0\u00a0 Uzaya at\u0131lamayan <strong>bu \u0131s\u0131, her ge\u00e7en y\u0131l k\u00fcresel \u0131s\u0131nmaya neden<\/strong>olmakta,<\/p>\n<p>&#8211;\u00a0\u00a0\u00a0\u00a0\u00a0\u00a0\u00a0 Son bir as\u0131rda <strong>atmosferdeki ortalama s\u0131cakl\u0131k art\u0131\u015f\u0131<\/strong> = yakla\u015f\u0131k <strong>1 \u00baC<\/strong> olmu\u015f. \u00c7ok mu y\u00fcksek ?<\/p>\n<p>&#8211;\u00a0\u00a0\u00a0\u00a0\u00a0\u00a0\u00a0 <strong>1 \u00baC art\u0131\u015f\u0131n etkisi nedir ?:<\/strong> \u00d6rne\u011fin; insan v\u00fccut s\u0131cakl\u0131\u011f\u0131 36.5 \u00baC, 1 \u00baC artar ise ne oluyor = <strong>37,5 \u00baC = hasta<\/strong>oluyor. <strong>D\u00fcnya\u2019n\u0131n da tepkisi<\/strong> hemen hemen ayn\u0131 \u015fekilde = <strong>t\u00fcm dengeleri bozuluyor<\/strong>,<\/p>\n<p>&#8211;\u00a0\u00a0\u00a0\u00a0\u00a0\u00a0\u00a0 Bu gidi\u015fle<strong> D\u00fcnya\u2019n\u0131n s\u0131cakl\u0131k art\u0131\u015f\u0131 nereye varacak ?<\/strong>: Bu as\u0131r i\u00e7inde s\u00fcrekli artarak toplamda<strong> 6 \u00baC\u2019e varaca\u011f\u0131 <\/strong>\u00f6ng\u00f6r\u00fcl\u00fcyor ?<\/p>\n<p>&#8211;\u00a0\u00a0\u00a0\u00a0\u00a0\u00a0\u00a0 <strong>\u0130nsan v\u00fccut s\u0131cakl\u0131\u011f\u0131 6 \u00baC artsa (42,5 \u00baC olsa) <\/strong><strong>ne olur ?<\/strong> Ayn\u0131 yan\u0131t D\u00fcnya i\u00e7in de ge\u00e7erli,<\/p>\n<p><strong>K\u00fcresel \u0131s\u0131nman\u0131n iklim de\u011fi\u015fikli\u011fi ile alakas\u0131 nedir ?<\/strong><\/p>\n<p>&#8211;\u00a0\u00a0\u00a0\u00a0\u00a0\u00a0\u00a0 Toplam k\u00fcrenin ortalama \u0131s\u0131nmas\u0131 1 \u00baC iken bu baz\u0131 yerlerde <strong>12 \u00baC\u2019e varan ilave s\u0131cakl\u0131k farkl\u0131l\u0131klar\u0131na neden<\/strong> olmakta,<\/p>\n<p>&#8211;\u00a0\u00a0\u00a0\u00a0\u00a0\u00a0\u00a0 B\u00f6lgeler aras\u0131 s\u0131cakl\u0131k farklar\u0131 nedeniyle <strong>hava ak\u0131mlar\u0131 (r\u00fczgarlar) olu\u015fmakta<\/strong>, r\u00fczgarlar\u0131n say\u0131s\u0131 ve \u015fiddeti artmakta,<\/p>\n<p>&#8211;\u00a0\u00a0\u00a0\u00a0\u00a0\u00a0\u00a0 <strong>R\u00fczgarlar bulutlar\u0131 s\u00fcr\u00fcklemekte<\/strong>, bir taraf\u0131 bulutsuz b\u0131rakmakta iken (kurakl\u0131k) di\u011fer taraf\u0131 seller g\u00f6t\u00fcrmekte,<\/p>\n<p><strong>Dolay\u0131s\u0131yla iklimde bir sertle\u015fme var<\/strong>, iklim kaynakl\u0131 afetlerin say\u0131s\u0131nda ve \u015fiddetinde her ge\u00e7en y\u0131l bir art\u0131\u015f g\u00f6zlemlenmekte;<\/p>\n<p>&#8211;\u00a0\u00a0\u00a0\u00a0\u00a0\u00a0\u00a0 Ge\u00e7mi\u015fte \u00fclkemizde olmu\u015f bir hortumu hat\u0131rlamaz iken \u015fimdi <strong>T\u00fcrkiye\u2019nin her yerinde hortumlar olu\u015fmaya ba\u015flad\u0131<\/strong>, (ge\u00e7en y\u0131l \u0130stanbul\u2019da 4 hortum haberi \u00e7\u0131kt\u0131, Antalya\u2019da art\u0131k hortumlara al\u0131\u015f\u0131lmaya ba\u015fland\u0131 )<\/p>\n<p>&#8211;\u00a0\u00a0\u00a0\u00a0\u00a0\u00a0\u00a0 Bir \u00e7ok baraj yap\u0131lmas\u0131na ra\u011fmen <strong>sellerden kurtulam\u0131yoruz<\/strong>,<\/p>\n<p>&#8211;\u00a0\u00a0\u00a0\u00a0\u00a0\u00a0\u00a0 Bir \u00e7ok yang\u0131n s\u00f6nd\u00fcrme u\u00e7a\u011f\u0131\/helikopteri al\u0131nmas\u0131na ra\u011fmen, geli\u015fmekte olan itfaiye sistemine ve bilince ra\u011fmen <strong>orman yang\u0131nlar\u0131 artmakta<\/strong>,<\/p>\n<p>&#8211;\u00a0\u00a0\u00a0\u00a0\u00a0\u00a0\u00a0 Ge\u00e7mi\u015fte sadece yaz aylar\u0131nda olu\u015ftu\u011funu hat\u0131rlad\u0131\u011f\u0131m\u0131z orman yang\u0131nlar\u0131 \u015fimdilerde <strong>Mart, Kas\u0131m aylar\u0131nda bile g\u00f6z\u00fckebilmekte<\/strong>,<\/p>\n<p>&#8211;\u00a0\u00a0\u00a0\u00a0\u00a0\u00a0\u00a0 Neredeyse, k\u0131\u015ftan yaza, yazdan k\u0131\u015fa direkt ge\u00e7er olduk, <strong>baharlar\u0131 eskisi gibi ya\u015famamaya ba\u015flad\u0131k,<\/strong><\/p>\n<p><strong>\u0130klimdeki de\u011fi\u015fikli\u011fin bize etkileri nelerdir ?<\/strong><\/p>\n<p>&#8211;\u00a0\u00a0\u00a0\u00a0\u00a0\u00a0\u00a0 <strong>\u0130klim kaynakl\u0131 afetlerin say\u0131s\u0131nda ve \u015fiddetinde art\u0131\u015f var: <\/strong>Bu afetlerin <strong>D\u00fcnya\u2019ya bedeli \u015fu anda y\u0131ll\u0131k 1.2 trilyon$ olarak hesaplan\u0131yor (6 milyar n\u00fcfusa b\u00f6lersek ki\u015fi ba\u015f\u0131na 200$) <\/strong>ve \u00f6n\u00fcm\u00fczdeki d\u00f6nemde bu bedelin 10 kat artmas\u0131 bekleniyor, (\u00d6rn.; sadece Katrina kas\u0131rgas\u0131n\u0131n ABD\u2019e maliyeti 50 milyar$)<\/p>\n<p>&#8211;\u00a0\u00a0\u00a0\u00a0\u00a0\u00a0\u00a0 Kurakl\u0131klar, seller ve orman yang\u0131nlar\u0131 sonucunda<strong> tar\u0131m, su ve g\u0131da g\u00fcvenli\u011fi tehlike alt\u0131na<\/strong> (halbuki D\u00fcnya n\u00fcfusu \u2013 dolay\u0131s\u0131yla ihtiya\u00e7lar\u0131 bu as\u0131r\u0131n sonunda 3 milyar daha artmas\u0131 bekleniyor)<\/p>\n<p>&#8211;\u00a0\u00a0\u00a0\u00a0\u00a0\u00a0\u00a0 <strong>Buzullar eriyor<\/strong>. D\u00fcnyadaki toplam buzul k\u00fctlesi yakla\u015f\u0131k bir k\u0131ta b\u00fcy\u00fckl\u00fc\u011f\u00fcnde, eridi\u011finde bir k\u0131ta batm\u0131\u015f gibi olacak. Sonu\u00e7; <strong>60 m. civar\u0131nda deniz suyunun y\u00fckselmesi<\/strong> bekleniyor, sonucunda <strong>D\u00fcnya\u2019n\u0131n en kalabal\u0131k\/geli\u015fmi\u015f kentlerinin<\/strong> (\u0130stanbul, \u0130zmir, Adana, Kocaeli, Antalya, Samsun, Trabzon gibi) bulundu\u011fu b\u00f6lgelerin <strong>sular alt\u0131nda kalma riski var<\/strong>,<\/p>\n<p>&#8211;\u00a0\u00a0\u00a0\u00a0\u00a0\u00a0\u00a0 <strong>Eko-sistem de\u011fi\u015fiyor:\u00a0<\/strong>Baz\u0131 canl\u0131lar\u0131n nesilleri t\u00fckeniyor, baz\u0131 yeni canl\u0131lar (mikroplar, vir\u00fcsler) t\u00fcr\u00fcyor, sonu\u00e7: yeni\/bilinmeyen <strong>salg\u0131n hastal\u0131klarda art\u0131\u015f<\/strong>. Nitekim, son y\u0131llarda s\u00fcrekli yeni salg\u0131n hastal\u0131klarla tan\u0131\u015f\u0131yoruz ve etkilerini direkt ya\u015f\u0131yoruz ve y\u00fcksek bedellerini \u00f6d\u00fcyoruz.<\/p>\n<p><strong>K\u00fcresel \u0131s\u0131nmay\u0131 nas\u0131l durdurabiliriz, sera gaz\u0131 sal\u0131m\u0131n\u0131 (en ba\u015fta CO<sub>2<\/sub>) nas\u0131l azaltabiliriz ?<\/strong><\/p>\n<p>&#8211;\u00a0\u00a0\u00a0\u00a0\u00a0\u00a0\u00a0 <strong>CO<sub>2<\/sub>\u2019yi azaltacak en etkili ara\u00e7: a\u011fa\u00e7lar:<\/strong> havadaki CO<sub>2<\/sub>\u2019yi fotosentez yolu ile emmekte ve g\u00f6vdesinde depolamakta. \u015eimdi 3 tane a\u011fa\u00e7 kesilince neden baz\u0131lar\u0131n\u0131n k\u0131yametleri kopard\u0131\u011f\u0131n\u0131 daha iyi anl\u0131yoruz. Bindi\u011fimiz dal\u0131 kesmeyelim.<\/p>\n<p>&#8211;\u00a0\u00a0\u00a0\u00a0\u00a0\u00a0\u00a0 <strong>CO<sub>2<\/sub>\u2019yi <\/strong>en \u00e7ok \u00fcreten sekt\u00f6r <strong>Enerji. Dolay\u0131s\u0131yla Enerji verimlili\u011fi;<\/strong> 300\u2019\u00fc a\u015fan enerji verimlili\u011fi tekniklerini etkin bir \u015fekilde kullanarak <strong>%50\u2019e varan enerji verimlili\u011fi<\/strong> yapman\u0131n olanakl\u0131 oldu\u011funu d\u00fc\u015f\u00fcn\u00fcyorum\/g\u00f6r\u00fcyorum.<\/p>\n<p>&#8211;\u00a0\u00a0\u00a0\u00a0\u00a0\u00a0\u00a0 <strong>Yenilenebilir enerjiler;<\/strong> r\u00fczgar, g\u00fcne\u015f, dalga, biyo-yak\u0131tlar sadece CO<sub>2<\/sub> salmamakla kalm\u0131yor ayr\u0131ca <strong>yerli enerji<\/strong> oldu\u011fundan uluslar\u0131n <strong>enerjide d\u0131\u015fa ba\u011f\u0131ml\u0131l\u0131\u011f\u0131n\u0131 azalt\u0131yor<\/strong>.<\/p>\n<p><strong>SON S\u00d6Z:<\/strong> Deprem ger\u00e7e\u011fini, maalesef ya\u015fayarak \u2013 y\u00fcksek bedeller \u00f6deyerek \u00f6\u011frendik. \u015eimdi \u00f6\u011frendik ve ev kiralarken\/al\u0131rken binan\u0131n deprem raporunu soruyor, ta\u015f\u0131y\u0131c\u0131 sistemini sorguluyor, gerekir ise <strong>ekonomik \u015fartlar\u0131m\u0131z\u0131 sonuna kadar zorlayarak yeni yap\u0131lm\u0131\u015f bir eve ge\u00e7meye \u00e7al\u0131\u015f\u0131yoruz<\/strong>. Neden, \u00e7\u00fcnk\u00fc <strong>\u00e7olu\u011fumuz\/\u00e7ocu\u011fumuzun, sevdiklerimizin g\u00fcvenli\u011fi.<\/strong> Fakat, depremin ne-zaman\/nerede\/ne-\u015fiddette olaca\u011f\u0131n\u0131 bilmiyoruz.<\/p>\n<p>Peki, ne-zaman\/nerede\/ne-\u015fiddette olaca\u011f\u0131n\u0131 bilmedi\u011fimiz deprem i\u00e7in \u015fartlar\u0131m\u0131z\u0131 zorlay\u0131p \u00e7\u00f6z\u00fcm ararken, <strong>ne-zaman\/nerede\/ne-\u015fiddette <\/strong>olaca\u011f\u0131n\u0131<strong> bildi\u011fimiz iklim de\u011fi\u015fikli\u011fine neden olan k\u00fcresel \u0131s\u0131nmay\u0131 \u00f6nlemek i\u00e7in ne yap\u0131yoruz ?<\/strong>\u00a0 \u0130klim de\u011fi\u015fkli\u011fi;<\/p>\n<p>&#8211;\u00a0\u00a0\u00a0\u00a0\u00a0\u00a0 <strong>Nerede ?: D\u00fcnya\u2019n\u0131n her yerinde<\/strong> (dolay\u0131s\u0131 ile \u00fclkemizde, oturdu\u011fumuz semtte),<\/p>\n<p>&#8211;\u00a0\u00a0\u00a0\u00a0\u00a0\u00a0 <strong>Ne zaman ?: Zaten oluyor<\/strong>, ya\u015famaya ba\u015flad\u0131k. D\u00fcnya s\u0131cakl\u0131\u011f\u0131n\u0131n h\u0131zlanarak 6 \u00baC\u2019e kadar artmas\u0131n\u0131 beklemeye gerek var m\u0131 ?<\/p>\n<p>&#8211;\u00a0\u00a0\u00a0\u00a0\u00a0\u00a0 <strong>Ne \u015fiddette ?:<\/strong> \u00d6n\u00fcm\u00fczdeki k\u0131sa d\u00f6nemde en az <strong>10 kat artmas\u0131<\/strong> (ki\u015fi ba\u015f\u0131 ekonomik maliyeti 2000$ olacak, insan zaiyat\u0131n\u0131n ise bedeli yok) bekleniyor.<\/p>\n<p>Sevdiklerimizin g\u00fcvenli\u011fi i\u00e7in depreme kar\u015f\u0131 \u00f6nlem almada ekonomik \u015fartlar\u0131m\u0131z\u0131 zorlar iken enaz o kadar risk i\u00e7eren iklim de\u011fi\u015fikli\u011fi i\u00e7in; <strong>a\u011fa\u00e7 dikmek\/kesimine kar\u015f\u0131 olmak, yenilenebilir enerjilere ve enerji verimlili\u011fine y\u00f6nelmek \u00e7ok mu daha zahmetli\/pahal\u0131<\/strong>, bir d\u00fc\u015f\u00fcnmemiz laz\u0131m ? Dedelerimiz bize 42,5 \u00baC vucut s\u0131cakl\u0131\u011f\u0131ndaki insan gibi olacak bir D\u00fcnya\u2019m\u0131 b\u0131rakt\u0131, biz de evlatlar\u0131m\u0131za\/torunlar\u0131m\u0131za b\u00f6yle bir D\u00fcnya\/\u00c7evre b\u0131rakaca\u011f\u0131z ?<\/p>\n<p><strong>\u00c7evre<\/strong> konusu, <strong>deprem gibi hepimizin derdi.<\/strong><\/p>\n<p>Sayg\u0131lar\u0131mla.<\/p>\n<p><strong>Ayhan Sar\u0131dikmen<\/strong><\/p>\n<p><strong>Enerji Verimlili\u011fi &#8211; E\u011fitim-Et\u00fct-Proje Y\u00f6neticisi<\/strong><\/p>\n<p><a href=\"mailto:ayhan@asdproje.com\">ayhan@asdproje.com<\/a><\/p>","protected":false},"excerpt":{"rendered":"<p>Sorry, this entry is only available in Turkish. For the sake of viewer convenience, the content is shown below in the alternative language. You may click the link to switch the active language.ENERJ\u0130 SEKT\u00d6R\u00dc &#8211; \u0130KL\u0130M DE\u011e\u0130\u015e\u0130KL\u0130\u011e\u0130 \u2013 K\u00dcRESEL ISINMA \u2013 SERA GAZLARI \u2013 KARBOND\u0130OKS\u0130T (CO2 ) SALIMI ARASINDAK\u0130 \u0130L\u0130\u015eK\u0130 NED\u0130R ? Sera etkisi nedir [&hellip;]<\/p>\n","protected":false},"author":1,"featured_media":37669,"comment_status":"open","ping_status":"open","sticky":false,"template":"","format":"standard","meta":[],"categories":[53,52],"tags":[63,67,1009,2698,165,12,1999,5872,1471,5034,793],"views":5849,"_links":{"self":[{"href":"https:\/\/www.enerjigazetesi.ist\/en\/wp-json\/wp\/v2\/posts\/37667"}],"collection":[{"href":"https:\/\/www.enerjigazetesi.ist\/en\/wp-json\/wp\/v2\/posts"}],"about":[{"href":"https:\/\/www.enerjigazetesi.ist\/en\/wp-json\/wp\/v2\/types\/post"}],"author":[{"embeddable":true,"href":"https:\/\/www.enerjigazetesi.ist\/en\/wp-json\/wp\/v2\/users\/1"}],"replies":[{"embeddable":true,"href":"https:\/\/www.enerjigazetesi.ist\/en\/wp-json\/wp\/v2\/comments?post=37667"}],"version-history":[{"count":4,"href":"https:\/\/www.enerjigazetesi.ist\/en\/wp-json\/wp\/v2\/posts\/37667\/revisions"}],"predecessor-version":[{"id":37672,"href":"https:\/\/www.enerjigazetesi.ist\/en\/wp-json\/wp\/v2\/posts\/37667\/revisions\/37672"}],"wp:featuredmedia":[{"embeddable":true,"href":"https:\/\/www.enerjigazetesi.ist\/en\/wp-json\/wp\/v2\/media\/37669"}],"wp:attachment":[{"href":"https:\/\/www.enerjigazetesi.ist\/en\/wp-json\/wp\/v2\/media?parent=37667"}],"wp:term":[{"taxonomy":"category","embeddable":true,"href":"https:\/\/www.enerjigazetesi.ist\/en\/wp-json\/wp\/v2\/categories?post=37667"},{"taxonomy":"post_tag","embeddable":true,"href":"https:\/\/www.enerjigazetesi.ist\/en\/wp-json\/wp\/v2\/tags?post=37667"}],"curies":[{"name":"wp","href":"https:\/\/api.w.org\/{rel}","templated":true}]}}