{"id":37635,"date":"2015-03-27T12:01:07","date_gmt":"2015-03-27T09:01:07","guid":{"rendered":"https:\/\/www.enerjigazetesi.ist\/?p=37635"},"modified":"2015-03-27T12:01:07","modified_gmt":"2015-03-27T09:01:07","slug":"yildiz-kandilde-petrol-arama-faaliyetleri-2016da-baslayacak","status":"publish","type":"post","link":"https:\/\/www.enerjigazetesi.ist\/en\/yildiz-kandilde-petrol-arama-faaliyetleri-2016da-baslayacak\/","title":{"rendered":"(Turkish) Y\u0131ld\u0131z: \u201cKandil\u2019de Petrol Arama Faaliyetleri 2016\u2019da Ba\u015flayacak&#8230;\u201d"},"content":{"rendered":"<p class=\"qtranxs-available-languages-message qtranxs-available-languages-message-en\">Sorry, this entry is only available in <a href=\"https:\/\/www.enerjigazetesi.ist\/tr\/wp-json\/wp\/v2\/posts\/37635\" class=\"qtranxs-available-language-link qtranxs-available-language-link-tr\" title=\"Turkish\">Turkish<\/a>. For the sake of viewer convenience, the content is shown below in the alternative language. You may click the link to switch the active language.<\/p><p><\/p>\n<p style=\"color: #000000;\"><strong>Enerji Bakan\u0131 Y\u0131ld\u0131z, Kandil\u2019de petrol arama faaliyetlerine 12 ay sonra ba\u015flayacaklar\u0131n\u0131 s\u00f6yledi.<\/strong><\/p>\n<p style=\"color: #000000;\">Enerji Bakan\u0131 Taner Y\u0131ld\u0131z, T\u00fcrkiye ve Irak aras\u0131ndaki enerji i\u015f birli\u011fi kapsam\u0131nda Irak\u2019tan T\u00fcrkiye\u2019ye 57 tankerle 47 milyon varillik petrol sevkiyat\u0131 oldu\u011funu ve bunun mali de\u011ferinin yakla\u015f\u0131k 3 milyar dolar oldu\u011funu s\u00f6yledi.<span id=\"more-70863\"><\/span>\u00a01 Eyl\u00fcl itibariyle Uluslararas\u0131 Enerj<a href=\"https:\/\/www.enerjigazetesi.ist\/wp-content\/uploads\/2015\/03\/yildiz-kandilde-petrol-arama-faaliyetleri-2016da-baslayacak.jpg\"><img loading=\"lazy\" class=\"alignright size-medium wp-image-37636\" src=\"https:\/\/www.enerjigazetesi.ist\/wp-content\/uploads\/2015\/03\/yildiz-kandilde-petrol-arama-faaliyetleri-2016da-baslayacak-300x193.jpg\" alt=\"yildiz-kandilde-petrol-arama-faaliyetleri-2016da-baslayacak\" width=\"300\" height=\"193\" srcset=\"https:\/\/www.enerjigazetesi.ist\/wp-content\/uploads\/2015\/03\/yildiz-kandilde-petrol-arama-faaliyetleri-2016da-baslayacak-300x193.jpg 300w, https:\/\/www.enerjigazetesi.ist\/wp-content\/uploads\/2015\/03\/yildiz-kandilde-petrol-arama-faaliyetleri-2016da-baslayacak-500x322.jpg 500w, https:\/\/www.enerjigazetesi.ist\/wp-content\/uploads\/2015\/03\/yildiz-kandilde-petrol-arama-faaliyetleri-2016da-baslayacak-77x50.jpg 77w, https:\/\/www.enerjigazetesi.ist\/wp-content\/uploads\/2015\/03\/yildiz-kandilde-petrol-arama-faaliyetleri-2016da-baslayacak.jpg 870w\" sizes=\"(max-width: 300px) 100vw, 300px\" \/><\/a>i Ajans\u0131 Direkt\u00f6rl\u00fc\u011f\u00fc g\u00f6revini \u00fcstlenecek olan Fatih Birol ile \u0130stanbul\u2019da gazetecilerin sorular\u0131n\u0131 cevapland\u0131ran Y\u0131ld\u0131z,<\/p>\n<p style=\"color: #000000;\">\u201c\u015eu ana kadar Irak\u2019tan 57 tankerle 47 milyon varil petrol sevkiyat\u0131 oldu, bunun mali de\u011feri 3 milyar dolar. T\u00fcrkiye b\u00fcy\u00fcme rakamlar\u0131 itibariyle rehavete kap\u0131lmayacak kadar \u00f6nemli bir b\u00fcy\u00fcme g\u00f6steriyor. Enerji sekt\u00f6r\u00fcnde y\u0131ll\u0131k y\u00fczde 9\u2019a ula\u015fan bir b\u00fcy\u00fcme yakaland\u0131.<\/p>\n<p style=\"color: #000000;\">Bar\u0131\u015f s\u00fcreci Kandil Da\u011f\u0131 eteklerinde 2016 sonunda petrol aranmas\u0131na olanak sa\u011flayacak.T\u00fcrkiye\u2019nin Irak\u2019ta 11 blokta petrol arama hakk\u0131 var. Cizre-Musul elektirik hatt\u0131 yak\u0131nda tamamlanacak. T\u00fcrkiye elektrik enerjisi fazlas\u0131n\u0131 Irak\u2019a satacak. TANAP\u2019la sevk edilecek do\u011falgaz\u2019a AB talebi artacak. T\u00fcrkmen gaz\u0131n\u0131n TANAP\u2019la Avrupa\u2019ya sevkiyat\u0131 i\u00e7in altyap\u0131 olu\u015fturuldu. Akkuyu Liman\u0131\u2019nda proje b\u00fcy\u00fckl\u00fc\u011f\u00fc 700-800 milyon dolar olacak\u201d dedi.<\/p>\n<p style=\"color: #000000;\">Kaynak: Enerji Enstit\u00fcs\u00fc<\/p>\n<p><\/p>","protected":false},"excerpt":{"rendered":"<p>Sorry, this entry is only available in Turkish. For the sake of viewer convenience, the content is shown below in the alternative language. You may click the link to switch the active language. Enerji Bakan\u0131 Y\u0131ld\u0131z, Kandil\u2019de petrol arama faaliyetlerine 12 ay sonra ba\u015flayacaklar\u0131n\u0131 s\u00f6yledi. Enerji Bakan\u0131 Taner Y\u0131ld\u0131z, T\u00fcrkiye ve Irak aras\u0131ndaki enerji i\u015f [&hellip;]<\/p>\n","protected":false},"author":1,"featured_media":37636,"comment_status":"open","ping_status":"open","sticky":false,"template":"","format":"standard","meta":[],"categories":[53,44],"tags":[710,22112,63,67,1009,22113,2698,165,22114,59,81,79,2297,667,10038],"views":711,"_links":{"self":[{"href":"https:\/\/www.enerjigazetesi.ist\/en\/wp-json\/wp\/v2\/posts\/37635"}],"collection":[{"href":"https:\/\/www.enerjigazetesi.ist\/en\/wp-json\/wp\/v2\/posts"}],"about":[{"href":"https:\/\/www.enerjigazetesi.ist\/en\/wp-json\/wp\/v2\/types\/post"}],"author":[{"embeddable":true,"href":"https:\/\/www.enerjigazetesi.ist\/en\/wp-json\/wp\/v2\/users\/1"}],"replies":[{"embeddable":true,"href":"https:\/\/www.enerjigazetesi.ist\/en\/wp-json\/wp\/v2\/comments?post=37635"}],"version-history":[{"count":1,"href":"https:\/\/www.enerjigazetesi.ist\/en\/wp-json\/wp\/v2\/posts\/37635\/revisions"}],"predecessor-version":[{"id":37637,"href":"https:\/\/www.enerjigazetesi.ist\/en\/wp-json\/wp\/v2\/posts\/37635\/revisions\/37637"}],"wp:featuredmedia":[{"embeddable":true,"href":"https:\/\/www.enerjigazetesi.ist\/en\/wp-json\/wp\/v2\/media\/37636"}],"wp:attachment":[{"href":"https:\/\/www.enerjigazetesi.ist\/en\/wp-json\/wp\/v2\/media?parent=37635"}],"wp:term":[{"taxonomy":"category","embeddable":true,"href":"https:\/\/www.enerjigazetesi.ist\/en\/wp-json\/wp\/v2\/categories?post=37635"},{"taxonomy":"post_tag","embeddable":true,"href":"https:\/\/www.enerjigazetesi.ist\/en\/wp-json\/wp\/v2\/tags?post=37635"}],"curies":[{"name":"wp","href":"https:\/\/api.w.org\/{rel}","templated":true}]}}