{"id":37583,"date":"2015-03-26T03:11:29","date_gmt":"2015-03-26T00:11:29","guid":{"rendered":"https:\/\/www.enerjigazetesi.ist\/?p=37583"},"modified":"2015-03-26T03:14:15","modified_gmt":"2015-03-26T00:14:15","slug":"buyuk-enerji-bulusmasi-icin-geri-sayim-basladi","status":"publish","type":"post","link":"https:\/\/www.enerjigazetesi.ist\/en\/buyuk-enerji-bulusmasi-icin-geri-sayim-basladi\/","title":{"rendered":"(Turkish) B\u00fcy\u00fck Enerji Bulu\u015fmas\u0131 \u0130\u00e7in GER\u0130 Say\u0131m Ba\u015flad\u0131!"},"content":{"rendered":"<p class=\"qtranxs-available-languages-message qtranxs-available-languages-message-en\">Sorry, this entry is only available in <a href=\"https:\/\/www.enerjigazetesi.ist\/tr\/wp-json\/wp\/v2\/posts\/37583\" class=\"qtranxs-available-language-link qtranxs-available-language-link-tr\" title=\"Turkish\">Turkish<\/a>. For the sake of viewer convenience, the content is shown below in the alternative language. You may click the link to switch the active language.<\/p><p><strong>Petrol ve LPG sekt\u00f6r\u00fc Eyl\u00fcl 2015\u2019te yenilenecek intifa anla\u015fmalar\u0131 \u00f6ncesi, Petroleum \u0130stanbul Fuar\u0131\u2019nda g\u00f6vde g\u00f6sterisi yapacak.<\/strong><\/p>\n<p>Alan\u0131nda d\u00fcnyan\u0131n en b\u00fcy\u00fck ve en \u00e7ok ziyaret edilen fuar\u0131 \u201c12. Uluslararas\u0131 Petrol, LPG, Madeni Ya\u011f, Ekipman, \u0130stasyon Market \u00dcr\u00fcnleri ve Teknoloji Fuar\u0131\u201d Petroleum \u0130stanbul 2015 i\u00e7in geri say\u0131m ba\u015flad\u0131.<a href=\"https:\/\/www.enerjigazetesi.ist\/wp-content\/uploads\/2015\/03\/buyuk-enerji-bulusmasi-icin-geri-sayim-basladi.jpg\"><img loading=\"lazy\" class=\"alignright size-medium wp-image-37584\" src=\"https:\/\/www.enerjigazetesi.ist\/wp-content\/uploads\/2015\/03\/buyuk-enerji-bulusmasi-icin-geri-sayim-basladi-300x200.jpg\" alt=\"buyuk-enerji-bulusmasi-icin-geri-sayim-basladi\" width=\"300\" height=\"200\" srcset=\"https:\/\/www.enerjigazetesi.ist\/wp-content\/uploads\/2015\/03\/buyuk-enerji-bulusmasi-icin-geri-sayim-basladi-300x200.jpg 300w, https:\/\/www.enerjigazetesi.ist\/wp-content\/uploads\/2015\/03\/buyuk-enerji-bulusmasi-icin-geri-sayim-basladi-500x334.jpg 500w, https:\/\/www.enerjigazetesi.ist\/wp-content\/uploads\/2015\/03\/buyuk-enerji-bulusmasi-icin-geri-sayim-basladi-74x50.jpg 74w, https:\/\/www.enerjigazetesi.ist\/wp-content\/uploads\/2015\/03\/buyuk-enerji-bulusmasi-icin-geri-sayim-basladi.jpg 929w\" sizes=\"(max-width: 300px) 100vw, 300px\" \/><\/a><\/p>\n<p>02-05 Nisan 2015 tarihleri aras\u0131nda T\u00fcyap Fuar ve Kongre Merkezi\u2019nde d\u00fczenlenecek Petroleum \u0130stanbul sekt\u00f6r\u00fcn \u00f6nemli oyuncular\u0131n\u0131, yeni \u00fcr\u00fcn ve hizmetler, benzersiz teknolojiler, yeni i\u015f ve ticaret modelleri ile bulu\u015fturuyor.<\/p>\n<p>Petroleum \u0130stanbul, Ortado\u011fu, Kuzey Afrika, Afrika, Avrupa ve Asya\u2019n\u0131n akaryak\u0131t, LPG, madeni ya\u011f, elektrik, do\u011falgaz ve alternatif enerji alan\u0131ndaki en b\u00fcy\u00fck ve en fazla ziyaret edilen ticaret fuar\u0131 olma \u00f6zelli\u011fi ta\u015f\u0131yor. Fuara sekt\u00f6r\u00fcn dev oyuncular\u0131 kat\u0131l\u0131yor. Bunun yan\u0131 s\u0131ra sekt\u00f6r\u00fcn yan \u00fcr\u00fcnlerinin yer ald\u0131\u011f\u0131 tedarik\u00e7i firmalarda da kat\u0131l\u0131mc\u0131lar aras\u0131nda yer alacak.<\/p>\n<p>2015 y\u0131l\u0131 Eyl\u00fcl ay\u0131nda binlerce bayinin da\u011f\u0131t\u0131m \u015firketi ile anla\u015fmas\u0131 sona erecek. Bu nedenle fuar, sekt\u00f6r\u00fcn dev firmalar\u0131n\u0131n bayileriyle bulu\u015faca\u011f\u0131 ve yeni anla\u015fmalara imza ataca\u011f\u0131 ideal bir platform olarak da ayr\u0131 bir \u00f6nem kazanacak. Ortado\u011fu, Afrika, Avrupa ve Asya\u2019n\u0131n akaryak\u0131t, LPG, madeni ya\u011f, elektrik, do\u011falgaz ve alternatif enerji alan\u0131ndaki en b\u00fcy\u00fck ve en fazla ziyaret edilen ticaret fuar\u0131 olma \u00f6zelli\u011fi ta\u015f\u0131yan Petroleum \u0130stanbul\u2019da firmalar, yeni \u00fcr\u00fcn, hizmet ve teknolojilerini tan\u0131tacaklar, yeni i\u015f ve ticaret modellerini sunacaklar.<\/p>\n<p><strong>4 piyasa Petroleum Istanbul&#8217;da \u201cEnerjik S\u00f6yle\u015filer\u201dde konu\u015fulacak!<\/strong><br \/>\n12. Petroleum \u0130stanbul Fuar\u0131 kapsam\u0131nda, 3 Nisan 2015 Cuma g\u00fcn\u00fc yap\u0131lacak \u201cEnerjik S\u00f6yle\u015filer\u201d Petrol, LPG, Do\u011fal Gaz ve Elektrik piyasalar\u0131n\u0131n g\u00fcndemine \u0131\u015f\u0131k tutacak. EPDK\u2019n\u0131n d\u00fczenlemek ve denetlemekle y\u00fck\u00fcml\u00fc oldu\u011fu bu 4 piyasan\u0131n ba\u011fl\u0131 oldu\u011fu Daire Ba\u015fkanlar\u0131, \u201cEnerjik S\u00f6yle\u015filer\u201dde sorular\u0131 yan\u0131tlayacak, g\u00fcndemdeki konulara ili\u015fkin a\u00e7\u0131klamalarda bulunacak. Toplant\u0131ya, EPDK Petrol Piyasas\u0131 Dairesi Ba\u015fkan\u0131 Abdullah \u0130nce, EPDK LPG Piyasas\u0131 Dairesi Ba\u015fkan\u0131 Bar\u0131\u015f Sanl\u0131, EPDK Do\u011fal Gaz Piyasas\u0131 Dairesi Ba\u015fkan\u0131 \u0130smail Karahan, EPDK Elektrik Piyasas\u0131 Dairesi Ba\u015fkan\u0131 U\u011fur Cingi konu\u015fmac\u0131 olarak kat\u0131lacak.<\/p>\n<p>Enerji Fuarc\u0131l\u0131k A.\u015e. CEO\u2019su Mustafa Ak\u0131nc\u0131 bu y\u0131l fuar\u0131n ticari \u00f6neminin yan\u0131 s\u0131ra, markalar\u0131n \u00e7ok \u00f6zel etkinlikleriyle olduk\u00e7a renkli ge\u00e7ece\u011fini belirtti. Konuyla ilgili g\u00f6r\u00fc\u015flerini, \u2018\u2018Fuarlar \u00fclke ekonomilerinin en \u00f6nemli g\u00f6stergeleridir. \u00dclkemizin jeopolitik konumu yan\u0131nda gen\u00e7 ve dinamik n\u00fcfusu T\u00fcrkiye\u2019yi Avrupa ve Asya\u2019n\u0131n en \u00f6nemli fuarc\u0131l\u0131k merkezi konumuna getirmi\u015ftir. Bu y\u0131l 12.\u2019cisi d\u00fczenlenmekte olan Petroleum \u0130stanbul Fuar\u0131 da d\u00fcnyan\u0131n en \u00f6nde gelen organizasyonlar\u0131 aras\u0131ndad\u0131r. Petroleum Istanbul Fuar\u0131n\u0131n kat\u0131l\u0131mc\u0131 ve ziyaret\u00e7i profiline bakt\u0131\u011f\u0131m\u0131zda \u00fclkemizde faaliyet g\u00f6stermekte olan yabanc\u0131 \u015firketler ve yerli distrib\u00fct\u00f6rl\u00fckler yan\u0131nda hen\u00fcz hi\u00e7bir faaliyeti bulunmayan yabanc\u0131 kat\u0131l\u0131mc\u0131 ve ziyaret\u00e7ilerin son derece \u00f6nemli yer tuttu\u011funu g\u00f6rmekteyiz. Bu durum \u00fclkemiz enerji sekt\u00f6r\u00fcne duyulan yabanc\u0131 yat\u0131r\u0131mc\u0131 ilgisinin bire bir g\u00f6stergesidir. Bu sene Gas&amp;Power Network fuar\u0131n\u0131n da Petroleum Istanbul Fuar\u0131 ile birlikte d\u00fczenleniyor olmas\u0131 da enerji sekt\u00f6r\u00fcn\u00fcn t\u00fcm payda\u015flar\u0131n\u0131n ayn\u0131 \u00e7at\u0131 alt\u0131nda toplanacak olmas\u0131 a\u00e7\u0131s\u0131ndan ayr\u0131 bir \u00f6nem ta\u015f\u0131maktad\u0131r.\u2019\u2019 diye a\u00e7\u0131klad\u0131.<\/p>\n<p><strong>B\u00fcy\u00fckl\u00fc\u011f\u00fc 100 milyar TL\u2019nin \u00fczerinde olan bir sekt\u00f6r\u00fcn bulu\u015fmas\u0131<\/strong><br \/>\nIstanbul Energy Week Ba\u015fkan\u0131 A. Serta\u00e7 Komsuo\u011flu; Akaryak\u0131t, LPG ve madeni ya\u011f piyasalar\u0131n\u0131n toplam b\u00fcy\u00fckl\u00fc\u011f\u00fcn\u00fcn 100 milyar TL\u2019yi a\u015ft\u0131\u011f\u0131n\u0131 belirterek \u2018\u2018Bu dev piyasan\u0131n en b\u00fcy\u00fck oyuncular\u0131 Petroleum Istanbul\u2019da bulu\u015facak\u2019\u2019 dedi. Komsuo\u011flu konu\u015fmas\u0131nda \u015funlar\u0131 s\u00f6yledi: \u2018\u2018Petroleum Istanbul Fuar\u0131 \u00fclke \u00e7ap\u0131ndaki 20 binden fazla akaryak\u0131t, otogaz, madeni ya\u011f ve t\u00fcpl\u00fc LPG bayileri i\u00e7in b\u00fcy\u00fck anlam ifade ediyor. Spesifik olarak bu bayilere hitap eden d\u00fcnyadaki tek fuar. Bu y\u00fczden bayiler i\u00e7in \u00f6nemi b\u00fcy\u00fck. Ancak bu y\u0131lki fuar, zamanlamas\u0131 itibariyle de ayr\u0131ca bir \u00f6nemi haiz. Rekabet Kurumu\u2019nun karar\u0131yla sekt\u00f6rde bayilik ve intifa s\u00f6zle\u015fmeleri 5 y\u0131lla s\u0131n\u0131rland\u0131r\u0131lm\u0131\u015f durumda. 18 Eyl\u00fcl 2015 itibariyle binlerce bayinin da\u011f\u0131t\u0131c\u0131s\u0131yla s\u00f6zle\u015fmesi sona eriyor. Dolay\u0131s\u0131yla bu y\u0131l akaryak\u0131t da\u011f\u0131t\u0131m sekt\u00f6r\u00fcnde bayi transferlerinin veya s\u00f6zle\u015fme yenilemelerinin olduk\u00e7a fazla g\u00fcndemde oldu\u011fu bir y\u0131l. Da\u011f\u0131t\u0131c\u0131s\u0131yla, bayisiyle, ekipmanc\u0131s\u0131yla sekt\u00f6r\u00fcn b\u00fct\u00fcn unsurlar\u0131n\u0131 ayn\u0131 \u00e7at\u0131 alt\u0131nda toplayacak Petroleum Istanbul Fuar\u0131\u2019n\u0131n b\u00f6ylesi bir d\u00f6nemde d\u00fczenlenmesi \u00f6nemini daha da artt\u0131r\u0131yor. Bayilere y\u00f6nelik etkinlikler Petroleum Istanbul Fuar\u0131\u2019nda her zaman \u00f6nemli bir yer te\u015fkil etmi\u015ftir. Bu y\u0131l da \u00f6yle olacak. Fuar kapsam\u0131nda 4 Nisan Cumartesi g\u00fcn\u00fc d\u00fczenlenecek bayi toplant\u0131s\u0131na T\u00fcrkiye\u2019nin her yerinden gelecek binlerce bayi kat\u0131lacak. T\u00fcrkiye\u2019nin iki b\u00fcy\u00fck bayi sendikas\u0131 P\u00dc\u0130S ve TABG\u0130S de hem bu bayi toplant\u0131s\u0131nda bayilerin sorunlar\u0131n\u0131 dile getirecek hem de fuardaki stantlar\u0131nda bayilerle bulu\u015facak.\u2019\u2019 Dedi.<\/p>\n<p><strong>\u201cIstanbul Energy Week\u201d<\/strong> ba\u015fl\u0131\u011f\u0131nda \u201c<strong>Petroleum Istanbul<\/strong>\u201dun yan\u0131 s\u0131ra \u201cGas &amp;Power Network\u201d fuarlar\u0131na yabanc\u0131lar\u0131n ilgisi b\u00fcy\u00fck!<\/p>\n<p>Petroleum \u0130stanbul Fuar\u0131 ile e\u015f zamanl\u0131 olarak, bu y\u0131l ilk kez \u201cGas&amp;Power Network, Elektrik, Do\u011fal Gaz ve Alternatif Enerji, Ekipman ve Teknoloji Fuar\u0131\u201d da yine T\u00fcyap Fuar ve Kongre Merkezi\u2019nde ger\u00e7ekle\u015fecek.<\/p>\n<p>Bu fuar ve yeni eklenen \u00fcr\u00fcn gruplar\u0131yla daha da g\u00fc\u00e7lenen etkinlik, Uzak Do\u011fu ve Avrupa \u00fclkeleri i\u00e7in y\u00fcr\u00fct\u00fclen \u00f6zel ziyaret\u00e7i etkinlikleri ile d\u00fcnyan\u0131n d\u00f6rt bir yan\u0131ndan gelen heyetleri \u201cIstanbul Energy Week\u201dte bulu\u015fturacak. 2015\u2019te, \u00f6zellikle \u00c7in, Finlandiya, \u0130talya, Almanya, Singapur, \u0130ngiltere, Romanya ve Macaristan fuara \u00f6zel ilgi g\u00f6steriyor. \u0130stanbul\u2019un merkez noktalar\u0131nda \u2018\u0130stanbul Enerji Doluyor\u2019 slogan\u0131yla tan\u0131t\u0131ma ba\u015flayan PETROLEUM ISTANBUL 2015 Fuar\u0131\u2019n\u0131 4 g\u00fcn boyunca 13.000\u2019i yabanc\u0131 olmak \u00fczere yakla\u015f\u0131k 46.000 ki\u015finin ziyaret etmesi bekleniyor. Ayr\u0131ca fuarda 400\u2019\u00fc a\u015fk\u0131n yerli ve yabanc\u0131 marka yer alacak.<\/p>\n<p><span style=\"font-family: 'Calibri','sans-serif'; font-size: 11pt;\"><a href=\"http:\/\/www.petroleumistanbul.com.tr\/\"><span style=\"color: #0563c1;\">ww.petroleumistanbul.com.tr<\/span><\/a><span style=\"color: #000000;\">\u00a0\u00a0\u00a0\u00a0\u00a0\u00a0\u00a0\u00a0\u00a0\u00a0\u00a0\u00a0\u00a0\u00a0\u00a0\u00a0\u00a0\u00a0\u00a0\u00a0\u00a0\u00a0\u00a0\u00a0\u00a0\u00a0\u00a0\u00a0\u00a0\u00a0 <\/span><\/span><\/p>\n<p style=\"margin: 0cm 0cm 0pt;\"><span style=\"font-family: 'Calibri','sans-serif'; font-size: 11pt;\"><a href=\"http:\/\/www.gaspowernetwork.com\/\"><span style=\"color: #0563c1;\">www.gaspowernetwork.com<\/span><\/a><\/span><\/p>\n<p style=\"margin: 0cm 0cm 0pt;\">\n<p style=\"margin: 0cm 0cm 0pt;\">Yay\u0131nc\u0131: <a href=\"https:\/\/www.enerjigazetesi.ist\" target=\"_blank\">Enerji Gazetesi<\/a><\/p>\n<p><\/p>","protected":false},"excerpt":{"rendered":"<p>Sorry, this entry is only available in Turkish. For the sake of viewer convenience, the content is shown below in the alternative language. You may click the link to switch the active language.Petrol ve LPG sekt\u00f6r\u00fc Eyl\u00fcl 2015\u2019te yenilenecek intifa anla\u015fmalar\u0131 \u00f6ncesi, Petroleum \u0130stanbul Fuar\u0131\u2019nda g\u00f6vde g\u00f6sterisi yapacak. Alan\u0131nda d\u00fcnyan\u0131n en b\u00fcy\u00fck ve en \u00e7ok [&hellip;]<\/p>\n","protected":false},"author":1,"featured_media":37584,"comment_status":"open","ping_status":"open","sticky":false,"template":"","format":"standard","meta":[],"categories":[53,44],"tags":[22086,20595,63,67,1009,2698,165,22085,22087,35369,4631,59,22084],"views":828,"_links":{"self":[{"href":"https:\/\/www.enerjigazetesi.ist\/en\/wp-json\/wp\/v2\/posts\/37583"}],"collection":[{"href":"https:\/\/www.enerjigazetesi.ist\/en\/wp-json\/wp\/v2\/posts"}],"about":[{"href":"https:\/\/www.enerjigazetesi.ist\/en\/wp-json\/wp\/v2\/types\/post"}],"author":[{"embeddable":true,"href":"https:\/\/www.enerjigazetesi.ist\/en\/wp-json\/wp\/v2\/users\/1"}],"replies":[{"embeddable":true,"href":"https:\/\/www.enerjigazetesi.ist\/en\/wp-json\/wp\/v2\/comments?post=37583"}],"version-history":[{"count":3,"href":"https:\/\/www.enerjigazetesi.ist\/en\/wp-json\/wp\/v2\/posts\/37583\/revisions"}],"predecessor-version":[{"id":37587,"href":"https:\/\/www.enerjigazetesi.ist\/en\/wp-json\/wp\/v2\/posts\/37583\/revisions\/37587"}],"wp:featuredmedia":[{"embeddable":true,"href":"https:\/\/www.enerjigazetesi.ist\/en\/wp-json\/wp\/v2\/media\/37584"}],"wp:attachment":[{"href":"https:\/\/www.enerjigazetesi.ist\/en\/wp-json\/wp\/v2\/media?parent=37583"}],"wp:term":[{"taxonomy":"category","embeddable":true,"href":"https:\/\/www.enerjigazetesi.ist\/en\/wp-json\/wp\/v2\/categories?post=37583"},{"taxonomy":"post_tag","embeddable":true,"href":"https:\/\/www.enerjigazetesi.ist\/en\/wp-json\/wp\/v2\/tags?post=37583"}],"curies":[{"name":"wp","href":"https:\/\/api.w.org\/{rel}","templated":true}]}}