{"id":37546,"date":"2015-03-24T15:48:28","date_gmt":"2015-03-24T12:48:28","guid":{"rendered":"https:\/\/www.enerjigazetesi.ist\/?p=37546"},"modified":"2015-03-24T15:48:28","modified_gmt":"2015-03-24T12:48:28","slug":"petrol-fiyatlari-mayistan-itibaren-yukselmeye-baslayacak","status":"publish","type":"post","link":"https:\/\/www.enerjigazetesi.ist\/en\/petrol-fiyatlari-mayistan-itibaren-yukselmeye-baslayacak\/","title":{"rendered":"(Turkish) \u201cPetrol Fiyatlar\u0131 May\u0131s\u2019tan \u0130tibaren Y\u00fckselmeye Ba\u015flayacak!\u201d"},"content":{"rendered":"<p class=\"qtranxs-available-languages-message qtranxs-available-languages-message-en\">Sorry, this entry is only available in <a href=\"https:\/\/www.enerjigazetesi.ist\/tr\/wp-json\/wp\/v2\/posts\/37546\" class=\"qtranxs-available-language-link qtranxs-available-language-link-tr\" title=\"Turkish\">Turkish<\/a>. For the sake of viewer convenience, the content is shown below in the alternative language. You may click the link to switch the active language.<\/p><p><\/p>\n<p style=\"color: #000000;\"><strong>JBC Enerji Ara\u015ft\u0131rma Merkezi Petrol Uzman\u0131 Julius Walker, mart ba\u015f\u0131nda yeniden 60 dolar\u0131n alt\u0131na d\u00fc\u015fen petrol fiyatlar\u0131n\u0131n, may\u0131stan itibaren y\u00fckselmeye ba\u015flayaca\u011f\u0131n\u0131 s\u00f6yledi. Walker, yapt\u0131\u011f\u0131 a\u00e7\u0131klamada, rafinerilerin yaz aylar\u0131na do\u011fru daha fazla ham petrol talep edece\u011fine i\u015faret ederek, bu nedenle y\u0131l\u0131n ikinci yar\u0131s\u0131nda global talepte art\u0131\u015f beklendi\u011fini belirtti.<\/strong><\/p>\n<p style=\"color: #000000;\">\n<p style=\"color: #000000;\">Petrol fiyatlar\u0131n\u0131n d\u00fc\u015fmesinde, Amerika\u2019daki \u00fcretim art\u0131\u015f\u0131n\u0131n ve \u0130ran ile bat\u0131l\u0131 \u00fclkelerin n\u00fckleer m\u00fczakerelerindeki anla\u015fma beklentisinin etkili oldu\u011funu anlatan Walker, arz fazlas\u0131 bulunan d\u00f6nemin sona erece\u011fini ve y\u0131l\u0131n<a href=\"https:\/\/www.enerjigazetesi.ist\/wp-content\/uploads\/2015\/03\/petrol-fiyatlari-mayistan-itibaren-yukselmeye-baslayacak.jpg\"><img loading=\"lazy\" class=\"alignright size-medium wp-image-37547\" src=\"https:\/\/www.enerjigazetesi.ist\/wp-content\/uploads\/2015\/03\/petrol-fiyatlari-mayistan-itibaren-yukselmeye-baslayacak-300x222.jpg\" alt=\"petrol-fiyatlari-mayistan-itibaren-yukselmeye-baslayacak\" width=\"300\" height=\"222\" srcset=\"https:\/\/www.enerjigazetesi.ist\/wp-content\/uploads\/2015\/03\/petrol-fiyatlari-mayistan-itibaren-yukselmeye-baslayacak-300x222.jpg 300w, https:\/\/www.enerjigazetesi.ist\/wp-content\/uploads\/2015\/03\/petrol-fiyatlari-mayistan-itibaren-yukselmeye-baslayacak-500x371.jpg 500w, https:\/\/www.enerjigazetesi.ist\/wp-content\/uploads\/2015\/03\/petrol-fiyatlari-mayistan-itibaren-yukselmeye-baslayacak-67x50.jpg 67w, https:\/\/www.enerjigazetesi.ist\/wp-content\/uploads\/2015\/03\/petrol-fiyatlari-mayistan-itibaren-yukselmeye-baslayacak.jpg 870w\" sizes=\"(max-width: 300px) 100vw, 300px\" \/><\/a> ikinci yar\u0131s\u0131nda daha g\u00fc\u00e7l\u00fc fiyatlar beklediklerini kaydetti.<\/p>\n<p style=\"color: #000000;\">Brent t\u00fcr\u00fc petrol\u00fcn yaza do\u011fru tekrar 60 dolar\u0131n \u00fcst\u00fcne \u00e7\u0131kmas\u0131n\u0131 \u00f6ng\u00f6rd\u00fcklerini ifade eden Walker, \u201cY\u0131l sonuna do\u011fru artan global taleple birlikte varil fiyat\u0131n\u0131n 65 dolar\u0131n \u00fcst\u00fcne y\u00fckselece\u011fini d\u00fc\u015f\u00fcn\u00fcyoruz\u201d diye konu\u015ftu.<\/p>\n<p style=\"color: #000000;\">Walker, Amerika\u2019daki petrol stoklar\u0131n\u0131n 80 y\u0131l\u0131n en y\u00fcksek seviyesine \u00e7\u0131kt\u0131\u011f\u0131na dikkati \u00e7ekerek, y\u0131l\u0131n ikinci yar\u0131s\u0131nda \u00fclkedeki petrol \u00fcretimi art\u0131\u015f\u0131n\u0131n durmas\u0131n\u0131 beklediklerini ve bu fakt\u00f6r\u00fcn de petrol fiyatlar\u0131n\u0131 yukar\u0131 \u00e7ekece\u011fini kaydetti.<\/p>\n<p style=\"color: #000000;\">Ge\u00e7en y\u0131l haziran ay\u0131ndan bu yana neredeyse yar\u0131 yar\u0131ya d\u00fc\u015fen petrol fiyatlar\u0131, \u015fubat ay\u0131nda ilk kez y\u00fckseli\u015f g\u00f6stermi\u015f ve Brent t\u00fcr\u00fc petrol fiyat\u0131 varil ba\u015f\u0131na 60 dolar\u0131n \u00fcst\u00fcne \u00e7\u0131km\u0131\u015ft\u0131.<\/p>\n<h2 style=\"color: #232323;\">\u201cPetrol 70 dolar\u0131 g\u00f6rebilir\u201d<\/h2>\n<p style=\"color: #000000;\">ABD merkezli uluslararas\u0131 dan\u0131\u015fmanl\u0131k \u015firketi IHS\u2019nin K\u0131demli Uzman\u0131 Jamie Webster da bu y\u0131l sonunda artacak talebin etkisiyle petrol fiyatlar\u0131n\u0131n 60 dolar\u0131 a\u015farak, 70 dolar seviyesine ula\u015fabilece\u011fini s\u00f6yledi.<\/p>\n<p style=\"color: #000000;\">Y\u0131l ortas\u0131na kadar ABD\u2019deki petrol \u00fcretim art\u0131\u015f h\u0131z\u0131n\u0131n en \u00fcst seviyeye ula\u015faca\u011f\u0131n\u0131 ancak k\u0131sa vadede bu art\u0131\u015f\u0131n durabilece\u011fini belirten Webster, petrol fiyatlar\u0131 \u00fczerindeki a\u015fa\u011f\u0131 y\u00f6nl\u00fc bask\u0131n\u0131n nisan-may\u0131s aylar\u0131nda sona erece\u011fini ifade etti.<\/p>\n<p style=\"color: #000000;\">Webster, yaz aylar\u0131na do\u011fru ABD\u2019deki \u00fcretimin azalmas\u0131n\u0131 beklediklerine i\u015faret ederek, \u201cStoklardaki petrol azalabilir. Yaz aylar\u0131nda rafinaj sezonuyla birlikte artan talep de fiyatlar\u0131n y\u00fckselmesini sa\u011flayacakt\u0131r\u201d ifadelerini kulland\u0131.<\/p>\n<p style=\"color: #000000;\">Kaynak:\u00a0<a style=\"color: #c75615;\" href=\"http:\/\/www.hurriyet.com.tr\/ekonomi\/28530726.asp\" target=\"_blank\" rel=\"nofollow\">H\u00fcrriyet<\/a><\/p>\n<p><\/p>","protected":false},"excerpt":{"rendered":"<p>Sorry, this entry is only available in Turkish. For the sake of viewer convenience, the content is shown below in the alternative language. You may click the link to switch the active language. JBC Enerji Ara\u015ft\u0131rma Merkezi Petrol Uzman\u0131 Julius Walker, mart ba\u015f\u0131nda yeniden 60 dolar\u0131n alt\u0131na d\u00fc\u015fen petrol fiyatlar\u0131n\u0131n, may\u0131stan itibaren y\u00fckselmeye ba\u015flayaca\u011f\u0131n\u0131 s\u00f6yledi. [&hellip;]<\/p>\n","protected":false},"author":1,"featured_media":37547,"comment_status":"open","ping_status":"open","sticky":false,"template":"","format":"standard","meta":[],"categories":[53,44],"tags":[22065,63,67,1009,2698,165,22063,22064,59,79,347],"views":595,"_links":{"self":[{"href":"https:\/\/www.enerjigazetesi.ist\/en\/wp-json\/wp\/v2\/posts\/37546"}],"collection":[{"href":"https:\/\/www.enerjigazetesi.ist\/en\/wp-json\/wp\/v2\/posts"}],"about":[{"href":"https:\/\/www.enerjigazetesi.ist\/en\/wp-json\/wp\/v2\/types\/post"}],"author":[{"embeddable":true,"href":"https:\/\/www.enerjigazetesi.ist\/en\/wp-json\/wp\/v2\/users\/1"}],"replies":[{"embeddable":true,"href":"https:\/\/www.enerjigazetesi.ist\/en\/wp-json\/wp\/v2\/comments?post=37546"}],"version-history":[{"count":1,"href":"https:\/\/www.enerjigazetesi.ist\/en\/wp-json\/wp\/v2\/posts\/37546\/revisions"}],"predecessor-version":[{"id":37548,"href":"https:\/\/www.enerjigazetesi.ist\/en\/wp-json\/wp\/v2\/posts\/37546\/revisions\/37548"}],"wp:featuredmedia":[{"embeddable":true,"href":"https:\/\/www.enerjigazetesi.ist\/en\/wp-json\/wp\/v2\/media\/37547"}],"wp:attachment":[{"href":"https:\/\/www.enerjigazetesi.ist\/en\/wp-json\/wp\/v2\/media?parent=37546"}],"wp:term":[{"taxonomy":"category","embeddable":true,"href":"https:\/\/www.enerjigazetesi.ist\/en\/wp-json\/wp\/v2\/categories?post=37546"},{"taxonomy":"post_tag","embeddable":true,"href":"https:\/\/www.enerjigazetesi.ist\/en\/wp-json\/wp\/v2\/tags?post=37546"}],"curies":[{"name":"wp","href":"https:\/\/api.w.org\/{rel}","templated":true}]}}