{"id":37471,"date":"2015-03-22T18:15:24","date_gmt":"2015-03-22T15:15:24","guid":{"rendered":"https:\/\/www.enerjigazetesi.ist\/?p=37471"},"modified":"2015-03-22T18:15:24","modified_gmt":"2015-03-22T15:15:24","slug":"gunes-enerjisiyle-calisan-muzik-karavani-yollarda","status":"publish","type":"post","link":"https:\/\/www.enerjigazetesi.ist\/en\/gunes-enerjisiyle-calisan-muzik-karavani-yollarda\/","title":{"rendered":"(Turkish) G\u00fcne\u015f Enerjisiyle \u00c7al\u0131\u015fan M\u00fczik Karavan\u0131 Yollarda&#8230;"},"content":{"rendered":"<p class=\"qtranxs-available-languages-message qtranxs-available-languages-message-en\">Sorry, this entry is only available in <a href=\"https:\/\/www.enerjigazetesi.ist\/tr\/wp-json\/wp\/v2\/posts\/37471\" class=\"qtranxs-available-language-link qtranxs-available-language-link-tr\" title=\"Turkish\">Turkish<\/a>. For the sake of viewer convenience, the content is shown below in the alternative language. You may click the link to switch the active language.<\/p><p><strong>D\u00fcnyan\u0131n ilk g\u00fcne\u015f enerjisi ile \u00e7al\u0131\u015fan mobil m\u00fczik st\u00fcdyosu &#8220;Jam in the Van&#8221; bu y\u0131l ABD`de 10 bin milin \u00fczerinde yol katedecek. G\u00fcne\u015f enerjisiyle \u00e7al\u0131\u015fan mobil bir m\u00fczik st\u00fcdyosu olan Jam in the Van, d\u00fcnyada t\u00fcr\u00fcn\u00fcn ilk \u00f6rne\u011fi olarak g\u00fczel m\u00fczi\u011fin kayna\u011f\u0131na gitmek i\u00e7in bu y\u0131l bilerce kilometre yol katederek Amerika\u2019y\u0131 ba\u015ftan ba\u015fa dola\u015facak.<\/strong><\/p>\n<p>2011\u2019de Dave Bell, Jake Cotler ve Louis Peek taraf\u0131ndan Kaliforniya\u2019da kurulan bu s\u0131rad\u0131\u015f\u0131 st\u00fcdyo,HD see ve g\u00f6r\u00fc<a href=\"https:\/\/www.enerjigazetesi.ist\/wp-content\/uploads\/2015\/03\/gunes-enerjisiyle-calisan-muzik-karavani-yollarda.jpg\"><img loading=\"lazy\" class=\"alignright size-medium wp-image-37472\" src=\"https:\/\/www.enerjigazetesi.ist\/wp-content\/uploads\/2015\/03\/gunes-enerjisiyle-calisan-muzik-karavani-yollarda-300x200.jpg\" alt=\"gunes-enerjisiyle-calisan-muzik-karavani-yollarda\" width=\"300\" height=\"200\" srcset=\"https:\/\/www.enerjigazetesi.ist\/wp-content\/uploads\/2015\/03\/gunes-enerjisiyle-calisan-muzik-karavani-yollarda-300x200.jpg 300w, https:\/\/www.enerjigazetesi.ist\/wp-content\/uploads\/2015\/03\/gunes-enerjisiyle-calisan-muzik-karavani-yollarda-74x50.jpg 74w, https:\/\/www.enerjigazetesi.ist\/wp-content\/uploads\/2015\/03\/gunes-enerjisiyle-calisan-muzik-karavani-yollarda.jpg 448w\" sizes=\"(max-width: 300px) 100vw, 300px\" \/><\/a>nt\u00fc kayd\u0131 alabiliyor. B\u00f6ylelikle \u00fclkenin herhangi bir yerinde bir canl\u0131 performans\u0131 en iyi \u015fekilde kaydedebiliyor. Bu y\u0131l karavan 200`den fazla konserre ev sahipli\u011fi yapacak.<\/p>\n<p>GQ sponsorlu\u011funda giri\u015ftikleri bir proje i\u00e7in de, 40\u2019\u0131n \u00fczerinde m\u00fczik grubunu tan\u0131tacak olan Jam in the Van, \u015fimdiye kadar aralar\u0131nda Gary Clark Jr., George Clinton, Matisyahu, Misterwives, Allen Stone, ZZ Ward, Robert DeLong ve The Orwells\u2019in de bulundu\u011fu, baz\u0131lar\u0131 yeni ke\u015fif, baz\u0131lar\u0131 oturmu\u015f gruplarla 500`den fazla konsere ev sahipli\u011fi yapt\u0131.<\/p>\n<p>Amerika`dainsanlar\u0131 konserlerle bulu\u015fturmaya devam eden Jam in the Van, yolda olmad\u0131\u011f\u0131 zamanlarda sanat\u00e7\u0131lar\u0131 misafir ediyor ve Youtube kanal\u0131nda yay\u0131nl\u0131yor.<\/p>\n<p>Kaynak: <a href=\"http:\/\/enerjigunlugu.net\/gunes-enerjisiyle-calisan-muzik-karavani-yollarda_12795.html\" target=\"_blank\" rel=\"nofollow\">Enerji G\u00fcnl\u00fc\u011f\u00fc<\/a><\/p>","protected":false},"excerpt":{"rendered":"<p>Sorry, this entry is only available in Turkish. For the sake of viewer convenience, the content is shown below in the alternative language. You may click the link to switch the active language.D\u00fcnyan\u0131n ilk g\u00fcne\u015f enerjisi ile \u00e7al\u0131\u015fan mobil m\u00fczik st\u00fcdyosu &#8220;Jam in the Van&#8221; bu y\u0131l ABD`de 10 bin milin \u00fczerinde yol katedecek. G\u00fcne\u015f [&hellip;]<\/p>\n","protected":false},"author":1,"featured_media":37472,"comment_status":"open","ping_status":"open","sticky":false,"template":"","format":"standard","meta":[],"categories":[53,49],"tags":[63,67,1009,2698,165,227,13,22020,22022,22021],"views":1655,"_links":{"self":[{"href":"https:\/\/www.enerjigazetesi.ist\/en\/wp-json\/wp\/v2\/posts\/37471"}],"collection":[{"href":"https:\/\/www.enerjigazetesi.ist\/en\/wp-json\/wp\/v2\/posts"}],"about":[{"href":"https:\/\/www.enerjigazetesi.ist\/en\/wp-json\/wp\/v2\/types\/post"}],"author":[{"embeddable":true,"href":"https:\/\/www.enerjigazetesi.ist\/en\/wp-json\/wp\/v2\/users\/1"}],"replies":[{"embeddable":true,"href":"https:\/\/www.enerjigazetesi.ist\/en\/wp-json\/wp\/v2\/comments?post=37471"}],"version-history":[{"count":1,"href":"https:\/\/www.enerjigazetesi.ist\/en\/wp-json\/wp\/v2\/posts\/37471\/revisions"}],"predecessor-version":[{"id":37473,"href":"https:\/\/www.enerjigazetesi.ist\/en\/wp-json\/wp\/v2\/posts\/37471\/revisions\/37473"}],"wp:featuredmedia":[{"embeddable":true,"href":"https:\/\/www.enerjigazetesi.ist\/en\/wp-json\/wp\/v2\/media\/37472"}],"wp:attachment":[{"href":"https:\/\/www.enerjigazetesi.ist\/en\/wp-json\/wp\/v2\/media?parent=37471"}],"wp:term":[{"taxonomy":"category","embeddable":true,"href":"https:\/\/www.enerjigazetesi.ist\/en\/wp-json\/wp\/v2\/categories?post=37471"},{"taxonomy":"post_tag","embeddable":true,"href":"https:\/\/www.enerjigazetesi.ist\/en\/wp-json\/wp\/v2\/tags?post=37471"}],"curies":[{"name":"wp","href":"https:\/\/api.w.org\/{rel}","templated":true}]}}