{"id":37429,"date":"2015-03-20T11:41:40","date_gmt":"2015-03-20T08:41:40","guid":{"rendered":"https:\/\/www.enerjigazetesi.ist\/?p=37429"},"modified":"2015-03-20T11:42:15","modified_gmt":"2015-03-20T08:42:15","slug":"iki-nukleer-santral-projesinde-turk-firmalarinin-16-milyar-dolarlik-is-kabiliyeti-olacak","status":"publish","type":"post","link":"https:\/\/www.enerjigazetesi.ist\/en\/iki-nukleer-santral-projesinde-turk-firmalarinin-16-milyar-dolarlik-is-kabiliyeti-olacak\/","title":{"rendered":"(Turkish) \u201c\u0130ki N\u00fckleer Santralde T\u00fcrk Firmalar\u0131n\u0131n 16 Milyar Dolarl\u0131k \u0130\u015f Kabiliyeti Olacak&#8221;"},"content":{"rendered":"<p class=\"qtranxs-available-languages-message qtranxs-available-languages-message-en\">Sorry, this entry is only available in <a href=\"https:\/\/www.enerjigazetesi.ist\/tr\/wp-json\/wp\/v2\/posts\/37429\" class=\"qtranxs-available-language-link qtranxs-available-language-link-tr\" title=\"Turkish\">Turkish<\/a>. For the sake of viewer convenience, the content is shown below in the alternative language. You may click the link to switch the active language.<\/p><p><\/p>\n<p style=\"color: #000000;\"><strong>Enerji ve Tabii Kaynaklar Bakanl\u0131\u011f\u0131 M\u00fcste\u015far Yard\u0131mc\u0131s\u0131 Necati Yama\u00e7, \u201cAkkuyu ve Sinop n\u00fckleer santral projelerinde T\u00fcrk firmalar\u0131n\u0131n en az 16 milyar dolarl\u0131k bir i\u015f kabiliyetine sahip olaca\u011f\u0131n\u0131 d\u00fc\u015f\u00fcn\u00fcyoruz\u201d dedi.<\/strong><span id=\"more-70785\"><\/span><\/p>\n<p style=\"color: #000000;\">Yama\u00e7, Enerji ve Tabii Kaynaklar Bakanl\u0131\u011f\u0131, N\u00fckleer M\u00fchendisler Derne\u011fi ve Ticari E\u015fle\u015ftirme Derne\u011fi\u2019nin ortakla\u015fa d\u00fczenledi\u011fi 2. \u0130stanbul N\u00fckleer Santraller Zirvesi\u2019nde, T\u00fcrkiye\u2019nin n\u00fckleer projelerini de\u011ferlendirdi.<\/p>\n<p style=\"color: #000000;\">T\u00fcrkiye\u2019nin ilk n\u00fckleer santral projesi anla\u015fmas\u0131n\u0131n, 2010 y\u0131l\u0131nda Ru<a href=\"https:\/\/www.enerjigazetesi.ist\/wp-content\/uploads\/2015\/03\/iki-nukleer-santral-projesinde-turk-firmalarinin-16-milyar-dolarlik-is-kabiliyeti-olacak.jpg\"><img loading=\"lazy\" class=\"alignright size-medium wp-image-37430\" src=\"https:\/\/www.enerjigazetesi.ist\/wp-content\/uploads\/2015\/03\/iki-nukleer-santral-projesinde-turk-firmalarinin-16-milyar-dolarlik-is-kabiliyeti-olacak-300x199.jpg\" alt=\"iki-nukleer-santral-projesinde-turk-firmalarinin-16-milyar-dolarlik-is-kabiliyeti-olacak\" width=\"300\" height=\"199\" srcset=\"https:\/\/www.enerjigazetesi.ist\/wp-content\/uploads\/2015\/03\/iki-nukleer-santral-projesinde-turk-firmalarinin-16-milyar-dolarlik-is-kabiliyeti-olacak-300x199.jpg 300w, https:\/\/www.enerjigazetesi.ist\/wp-content\/uploads\/2015\/03\/iki-nukleer-santral-projesinde-turk-firmalarinin-16-milyar-dolarlik-is-kabiliyeti-olacak-500x332.jpg 500w, https:\/\/www.enerjigazetesi.ist\/wp-content\/uploads\/2015\/03\/iki-nukleer-santral-projesinde-turk-firmalarinin-16-milyar-dolarlik-is-kabiliyeti-olacak-75x50.jpg 75w, https:\/\/www.enerjigazetesi.ist\/wp-content\/uploads\/2015\/03\/iki-nukleer-santral-projesinde-turk-firmalarinin-16-milyar-dolarlik-is-kabiliyeti-olacak.jpg 870w\" sizes=\"(max-width: 300px) 100vw, 300px\" \/><\/a>sya ile ikincisinin de 2013 y\u0131l\u0131nda Japonya ile imzaland\u0131\u011f\u0131n\u0131 an\u0131msatan Yama\u00e7, \u201cBiz n\u00fckleer santral projelerini sadece elektrik \u00fcretim tesisi olarak g\u00f6rm\u00fcyoruz. Ayn\u0131 zamanda sanayimizin, insan kaynaklar\u0131n\u0131n ve Ar-Ge kabiliyetimizin de artt\u0131r\u0131lmas\u0131 projesi olarak g\u00f6r\u00fcyoruz\u201d diye konu\u015ftu.<\/p>\n<p style=\"color: #000000;\">Yama\u00e7, T\u00fcrk firmalar\u0131n\u0131n n\u00fckleer alan\u0131nda kabiliyetlerinin artt\u0131r\u0131lmas\u0131 gerekti\u011fine dikkati \u00e7ekerek, \u201cAkkuyu ve Sinop n\u00fckleer santral projelerinde T\u00fcrk firmalar\u0131n\u0131n en az 16 milyar dolarl\u0131k bir i\u015f kabiliyetine sahip olaca\u011f\u0131n\u0131 d\u00fc\u015f\u00fcn\u00fcyoruz\u201d de\u011ferlendirmesinde bulundu.<br \/>\nT\u00fcrk firmalarla yabanc\u0131 firmalar\u0131n i\u015fbirliklerinin sa\u011flanmas\u0131n\u0131n \u00f6nemine de\u011finen Yama\u00e7, \u201cBug\u00fcn d\u00fczenlenen zirve T\u00fcrk firmalarla yabanc\u0131 firmalar\u0131n i\u015fbirli\u011fi ortam\u0131n\u0131 haz\u0131rlayan \u00f6nemli bir platform olmu\u015ftur\u201d dedi.<\/p>\n<p style=\"color: #000000;\">Yama\u00e7, zirvede di\u011fer \u00f6nemli bir noktan\u0131n \u00fcniversiteler aras\u0131 i\u015fbirli\u011fi oldu\u011funa dikkati \u00e7ekerek, s\u00f6zlerine \u015f\u00f6yle devam etti:<br \/>\n\u201cBurada T\u00fcrk \u00fcniversiteler ve yabanc\u0131 \u00fcniversiteler aras\u0131nda i\u015fbirli\u011fi ara\u015ft\u0131r\u0131l\u0131yor. Master, doktora ve \u00f6\u011frenci de\u011fi\u015fim programlar\u0131 kadar Ar-Ge merkezlerinin i\u015fbirli\u011fi imkanlar\u0131 da de\u011ferlendiriliyor. \u0130nsan kaynaklar\u0131 kabiliyetinin artt\u0131r\u0131lmas\u0131na y\u00f6nelik g\u00f6r\u00fc\u015fmeler yap\u0131l\u0131yor. Bu zirve bunlara uygun bir ortam sa\u011fl\u0131yor.\u201d<\/p>\n<p style=\"color: #000000;\">Yay\u0131nc\u0131: <a href=\"https:\/\/www.enerjigazetesi.ist\" target=\"_blank\">Enerji Gazetesi<\/a><\/p>\n<p><\/p>","protected":false},"excerpt":{"rendered":"<p>Sorry, this entry is only available in Turkish. For the sake of viewer convenience, the content is shown below in the alternative language. You may click the link to switch the active language. Enerji ve Tabii Kaynaklar Bakanl\u0131\u011f\u0131 M\u00fcste\u015far Yard\u0131mc\u0131s\u0131 Necati Yama\u00e7, \u201cAkkuyu ve Sinop n\u00fckleer santral projelerinde T\u00fcrk firmalar\u0131n\u0131n en az 16 milyar dolarl\u0131k [&hellip;]<\/p>\n","protected":false},"author":1,"featured_media":37430,"comment_status":"open","ping_status":"open","sticky":false,"template":"","format":"standard","meta":[],"categories":[53,43],"tags":[21998,21999,63,67,1009,2698,165,22000,22001,71,21,3586],"views":604,"_links":{"self":[{"href":"https:\/\/www.enerjigazetesi.ist\/en\/wp-json\/wp\/v2\/posts\/37429"}],"collection":[{"href":"https:\/\/www.enerjigazetesi.ist\/en\/wp-json\/wp\/v2\/posts"}],"about":[{"href":"https:\/\/www.enerjigazetesi.ist\/en\/wp-json\/wp\/v2\/types\/post"}],"author":[{"embeddable":true,"href":"https:\/\/www.enerjigazetesi.ist\/en\/wp-json\/wp\/v2\/users\/1"}],"replies":[{"embeddable":true,"href":"https:\/\/www.enerjigazetesi.ist\/en\/wp-json\/wp\/v2\/comments?post=37429"}],"version-history":[{"count":2,"href":"https:\/\/www.enerjigazetesi.ist\/en\/wp-json\/wp\/v2\/posts\/37429\/revisions"}],"predecessor-version":[{"id":37433,"href":"https:\/\/www.enerjigazetesi.ist\/en\/wp-json\/wp\/v2\/posts\/37429\/revisions\/37433"}],"wp:featuredmedia":[{"embeddable":true,"href":"https:\/\/www.enerjigazetesi.ist\/en\/wp-json\/wp\/v2\/media\/37430"}],"wp:attachment":[{"href":"https:\/\/www.enerjigazetesi.ist\/en\/wp-json\/wp\/v2\/media?parent=37429"}],"wp:term":[{"taxonomy":"category","embeddable":true,"href":"https:\/\/www.enerjigazetesi.ist\/en\/wp-json\/wp\/v2\/categories?post=37429"},{"taxonomy":"post_tag","embeddable":true,"href":"https:\/\/www.enerjigazetesi.ist\/en\/wp-json\/wp\/v2\/tags?post=37429"}],"curies":[{"name":"wp","href":"https:\/\/api.w.org\/{rel}","templated":true}]}}