{"id":37399,"date":"2015-03-19T11:04:06","date_gmt":"2015-03-19T08:04:06","guid":{"rendered":"https:\/\/www.enerjigazetesi.ist\/?p=37399"},"modified":"2015-03-19T11:04:06","modified_gmt":"2015-03-19T08:04:06","slug":"elektrikte-yepyeni-bir-marka-220plus","status":"publish","type":"post","link":"https:\/\/www.enerjigazetesi.ist\/en\/elektrikte-yepyeni-bir-marka-220plus\/","title":{"rendered":"(Turkish) Elektrikte Yepyeni Bir Marka 220PLUS&#8230;"},"content":{"rendered":"<p class=\"qtranxs-available-languages-message qtranxs-available-languages-message-en\">Sorry, this entry is only available in <a href=\"https:\/\/www.enerjigazetesi.ist\/tr\/wp-json\/wp\/v2\/posts\/37399\" class=\"qtranxs-available-language-link qtranxs-available-language-link-tr\" title=\"Turkish\">Turkish<\/a>. For the sake of viewer convenience, the content is shown below in the alternative language. You may click the link to switch the active language.<\/p><p><\/p>\n<p style=\"color: #000000;\"><strong>DOEN | Do\u011fu\u015f Enerji, \u00a0\u00a0220PLUS markas\u0131 \u00a0ile elektrik ticareti sekt\u00f6r\u00fcne iddial\u0131 girdi!<\/strong><\/p>\n<p style=\"color: #000000;\">Do\u011fu\u015f Grubu \u015firketlerinden DOEN|Do\u011fu\u015f Enerji, i\u015fyerleri ve meskenlerin enerji ihtiya\u00e7lar\u0131n\u0131 uzun d\u00f6nemli ve verimli \u015fekilde kar\u015f\u0131lamak \u00fczere 220PLUS markas\u0131 ile elektrik ticaret hizmeti vermeye ba\u015flad\u0131.<\/p>\n<p style=\"color: #000000;\">220PLUS, Serbest T\u00fcketici stat\u00fcs\u00fcne sahip olan ticarethane, sanayi kurulu\u015fl<a href=\"https:\/\/www.enerjigazetesi.ist\/wp-content\/uploads\/2015\/03\/elektrikte-yepyeni-bir-marka-220plus.jpg\"><img loading=\"lazy\" class=\"alignleft wp-image-37400 size-medium\" src=\"https:\/\/www.enerjigazetesi.ist\/wp-content\/uploads\/2015\/03\/elektrikte-yepyeni-bir-marka-220plus-300x117.jpg\" alt=\"elektrikte-yepyeni-bir-marka-220plus\" width=\"300\" height=\"117\" srcset=\"https:\/\/www.enerjigazetesi.ist\/wp-content\/uploads\/2015\/03\/elektrikte-yepyeni-bir-marka-220plus-300x117.jpg 300w, https:\/\/www.enerjigazetesi.ist\/wp-content\/uploads\/2015\/03\/elektrikte-yepyeni-bir-marka-220plus-500x196.jpg 500w, https:\/\/www.enerjigazetesi.ist\/wp-content\/uploads\/2015\/03\/elektrikte-yepyeni-bir-marka-220plus-80x31.jpg 80w, https:\/\/www.enerjigazetesi.ist\/wp-content\/uploads\/2015\/03\/elektrikte-yepyeni-bir-marka-220plus.jpg 870w\" sizes=\"(max-width: 300px) 100vw, 300px\" \/><\/a>ar\u0131 ve meskenlere, elektrik ihtiya\u00e7lar\u0131 konusunda avantajlar sunmaktad\u0131r. Ayl\u0131k 150 TL \u00fczerinde\u00a0elektrik faturas\u0131\u00f6deyen herkes serbest t\u00fcketici haklar\u0131n\u0131n \u00f6ng\u00f6rd\u00fc\u011f\u00fc \u00fczere tedarik\u00e7isini kendi se\u00e7me hakk\u0131na sahiptir.<\/p>\n<p style=\"color: #000000;\">220PLUS yani art\u0131s\u0131 en bol elektrik d\u00f6neminde, abonelerine en tasarruflu tarifelerden, farkl\u0131la\u015fan hizmetlerden, avantajlar\u0131 katlanarak b\u00fcy\u00fcyen art\u0131 faydalar\u0131na kadar her t\u00fcrl\u00fc detay \u00e7al\u0131\u015f\u0131lm\u0131\u015f.<\/p>\n<p style=\"color: #000000;\">220Plus\u00a0m\u00fc\u015fterileri 220PLUS.com.tr adresinde t\u00fcm detaylar\u0131n g\u00f6r\u00fclebilece\u011fi gibi\u00a0elektrik abonelik\u00a0s\u00fcreci de tamamlanabiliyor.<\/p>\n<p style=\"color: #000000;\">Hemen 220PLUS ile tan\u0131\u015fmak i\u00e7in www.220plus.com.tr yi ziyaret edin, siz de elektrik faturalar\u0131n\u0131zda tasarruf d\u00f6nemine ba\u015flay\u0131n!<\/p>\n<p style=\"color: #000000;\">Yay\u0131nc\u0131: <a href=\"https:\/\/www.enerjigazetesi.ist\" target=\"_blank\">Enerji Gazetesi<\/a><\/p>\n<p><\/p>","protected":false},"excerpt":{"rendered":"<p>Sorry, this entry is only available in Turkish. For the sake of viewer convenience, the content is shown below in the alternative language. You may click the link to switch the active language. DOEN | Do\u011fu\u015f Enerji, \u00a0\u00a0220PLUS markas\u0131 \u00a0ile elektrik ticareti sekt\u00f6r\u00fcne iddial\u0131 girdi! Do\u011fu\u015f Grubu \u015firketlerinden DOEN|Do\u011fu\u015f Enerji, i\u015fyerleri ve meskenlerin enerji ihtiya\u00e7lar\u0131n\u0131 [&hellip;]<\/p>\n","protected":false},"author":1,"featured_media":37400,"comment_status":"open","ping_status":"open","sticky":false,"template":"","format":"standard","meta":[],"categories":[51,53],"tags":[21979,21980,21981,68,61,63,67,1009,2698,165],"views":950,"_links":{"self":[{"href":"https:\/\/www.enerjigazetesi.ist\/en\/wp-json\/wp\/v2\/posts\/37399"}],"collection":[{"href":"https:\/\/www.enerjigazetesi.ist\/en\/wp-json\/wp\/v2\/posts"}],"about":[{"href":"https:\/\/www.enerjigazetesi.ist\/en\/wp-json\/wp\/v2\/types\/post"}],"author":[{"embeddable":true,"href":"https:\/\/www.enerjigazetesi.ist\/en\/wp-json\/wp\/v2\/users\/1"}],"replies":[{"embeddable":true,"href":"https:\/\/www.enerjigazetesi.ist\/en\/wp-json\/wp\/v2\/comments?post=37399"}],"version-history":[{"count":1,"href":"https:\/\/www.enerjigazetesi.ist\/en\/wp-json\/wp\/v2\/posts\/37399\/revisions"}],"predecessor-version":[{"id":37401,"href":"https:\/\/www.enerjigazetesi.ist\/en\/wp-json\/wp\/v2\/posts\/37399\/revisions\/37401"}],"wp:featuredmedia":[{"embeddable":true,"href":"https:\/\/www.enerjigazetesi.ist\/en\/wp-json\/wp\/v2\/media\/37400"}],"wp:attachment":[{"href":"https:\/\/www.enerjigazetesi.ist\/en\/wp-json\/wp\/v2\/media?parent=37399"}],"wp:term":[{"taxonomy":"category","embeddable":true,"href":"https:\/\/www.enerjigazetesi.ist\/en\/wp-json\/wp\/v2\/categories?post=37399"},{"taxonomy":"post_tag","embeddable":true,"href":"https:\/\/www.enerjigazetesi.ist\/en\/wp-json\/wp\/v2\/tags?post=37399"}],"curies":[{"name":"wp","href":"https:\/\/api.w.org\/{rel}","templated":true}]}}