{"id":37395,"date":"2015-03-19T11:01:04","date_gmt":"2015-03-19T08:01:04","guid":{"rendered":"https:\/\/www.enerjigazetesi.ist\/?p=37395"},"modified":"2015-03-19T11:01:23","modified_gmt":"2015-03-19T08:01:23","slug":"turkiye-ve-avrupa-birliginden-yuksek-duzeyli-enerji-diyalogu-baslatma-karari","status":"publish","type":"post","link":"https:\/\/www.enerjigazetesi.ist\/en\/turkiye-ve-avrupa-birliginden-yuksek-duzeyli-enerji-diyalogu-baslatma-karari\/","title":{"rendered":"(Turkish) T\u00fcrkiye ve Avrupa Birli\u011fi&#8217;nden, \u201cEnerji Diyalo\u011fu\u201d Ba\u015flatma Karar\u0131!"},"content":{"rendered":"<p class=\"qtranxs-available-languages-message qtranxs-available-languages-message-en\">Sorry, this entry is only available in <a href=\"https:\/\/www.enerjigazetesi.ist\/tr\/wp-json\/wp\/v2\/posts\/37395\" class=\"qtranxs-available-language-link qtranxs-available-language-link-tr\" title=\"Turkish\">Turkish<\/a>. For the sake of viewer convenience, the content is shown below in the alternative language. You may click the link to switch the active language.<\/p><p><\/p>\n<p style=\"color: #000000;\"><strong>Enerji ve Tabi Kaynaklar Bakanl\u0131\u011f\u0131ndan yap\u0131lan a\u00e7\u0131klamada, Enerji ve Tabii Kaynaklar Bakan\u0131 Taner Y\u0131ld\u0131z taraf\u0131ndan temsil edilen T\u00fcrkiye ile Avrupa Komisyonu Enerji Birli\u011finden Sorumlu Ba\u015fkan Yard\u0131mc\u0131s\u0131 Maro\u015f \u015eef\u00e7ovi\u00e7 taraf\u0131ndan temsil edilen AB\u2019nin, Y\u00fcksek D\u00fczeyli Enerji Diyalo\u011funu ba\u015flatt\u0131\u011f\u0131 bildirildi.<\/strong><span id=\"more-70762\"><\/span><\/p>\n<p style=\"color: #000000;\">Taraflar\u0131n ili\u015fkileri a\u00e7\u0131s\u0131ndan kilit \u00f6nem ta\u015f\u0131yan enerji konusunda i\u015fbirli\u011finin geli\u015ftirilmesine karar verildi\u011fi belirtilen ortak deklarasyonda \u201cT\u00fcrkiye ve AB, enerji tedarik kaynaklar\u0131n\u0131 g\u00fcvence alt\u0131na almaya, \u00e7e\u015fitlendirmeye ve rekabet\u00e7i enerji pazar<a href=\"https:\/\/www.enerjigazetesi.ist\/wp-content\/uploads\/2015\/03\/turkiye-ve-avrupa-birliginden-yuksek-duzeyli-enerji-diyalogu-baslatma-karari.jpg\"><img loading=\"lazy\" class=\"alignright size-medium wp-image-37396\" src=\"https:\/\/www.enerjigazetesi.ist\/wp-content\/uploads\/2015\/03\/turkiye-ve-avrupa-birliginden-yuksek-duzeyli-enerji-diyalogu-baslatma-karari-300x150.jpg\" alt=\"turkiye-ve-avrupa-birliginden-yuksek-duzeyli-enerji-diyalogu-baslatma-karari\" width=\"300\" height=\"150\" srcset=\"https:\/\/www.enerjigazetesi.ist\/wp-content\/uploads\/2015\/03\/turkiye-ve-avrupa-birliginden-yuksek-duzeyli-enerji-diyalogu-baslatma-karari-300x150.jpg 300w, https:\/\/www.enerjigazetesi.ist\/wp-content\/uploads\/2015\/03\/turkiye-ve-avrupa-birliginden-yuksek-duzeyli-enerji-diyalogu-baslatma-karari-500x250.jpg 500w, https:\/\/www.enerjigazetesi.ist\/wp-content\/uploads\/2015\/03\/turkiye-ve-avrupa-birliginden-yuksek-duzeyli-enerji-diyalogu-baslatma-karari-80x40.jpg 80w, https:\/\/www.enerjigazetesi.ist\/wp-content\/uploads\/2015\/03\/turkiye-ve-avrupa-birliginden-yuksek-duzeyli-enerji-diyalogu-baslatma-karari.jpg 800w\" sizes=\"(max-width: 300px) 100vw, 300px\" \/><\/a>lar\u0131 olu\u015fturmaya y\u00f6nelik daha fazla i\u015fbirli\u011fi yapmak i\u00e7in \u00e7aba g\u00f6sterecekleri\u201d ifadesine yer verildi.<\/p>\n<p style=\"color: #000000;\">T\u00fcrkiye\u2019nin Ortado\u011fu ve Hazar B\u00f6lgesi\u2019ndeki enerji kaynaklar\u0131 ile AB enerji pazar\u0131 aras\u0131nda do\u011fal bir enerji k\u00f6pr\u00fcs\u00fc ve merkezi oldu\u011fu belirtilen a\u00e7\u0131klamada, T\u00fcrkiye\u2019nin bu y\u00f6nde geli\u015fmesinin iki taraf\u0131n da menfaatine olaca\u011f\u0131 kaydedildi.<\/p>\n<p style=\"color: #000000;\">A\u00e7\u0131klamaya g\u00f6re, T\u00fcrkiye ve AB yetkilileri y\u0131lda en az bir kez olmak \u00fczere bakan seviyesinde Y\u00fcksek D\u00fczeyli Enerji Diyalo\u011fu toplant\u0131lar\u0131 yapma karar\u0131 ald\u0131. Bir sonraki toplant\u0131da do\u011falgaz, elektrik, n\u00fckleer enerji, yenilenebilir enerji, enerji verimlili\u011fi gibi b\u00fct\u00fcn ilgili enerji alt sekt\u00f6rlerini ve \u00f6zellikle BM \u0130klim De\u011fi\u015fikli\u011fi S\u00f6zle\u015fmesi Taraflar Konferans\u0131\u2019n\u0131n Paris\u2019te ger\u00e7ekle\u015ftirilecek 21. toplant\u0131s\u0131na (COP21) haz\u0131rl\u0131k mahiyetinde iklim de\u011fi\u015fikli\u011fi konular\u0131 ele al\u0131nacak.<\/p>\n<p style=\"color: #000000;\">Temeli d\u00fcn at\u0131lan ve her iki taraf\u0131n arz g\u00fcvenli\u011fi a\u00e7\u0131s\u0131ndan hayati \u00f6nem ta\u015f\u0131d\u0131\u011f\u0131 belirtilen Trans Anadolu Do\u011fal Gaz Boru Hatt\u0131 (TANAP) Projesinin ger\u00e7ekle\u015ftirilmesi konusunda da i\u015fbirli\u011fine devam edilecek.<\/p>\n<p style=\"color: #000000;\">Kaynak:\u00a0<a style=\"color: #c75615;\" href=\"http:\/\/www.trthaber.com\/haber\/ekonomi\/yuksek-duzeyli-enerji-diyalogu-baslatildi-173800.html\" target=\"_blank\" rel=\"nofollow\">TRT Haber<\/a><\/p>\n<p><\/p>","protected":false},"excerpt":{"rendered":"<p>Sorry, this entry is only available in Turkish. For the sake of viewer convenience, the content is shown below in the alternative language. You may click the link to switch the active language. Enerji ve Tabi Kaynaklar Bakanl\u0131\u011f\u0131ndan yap\u0131lan a\u00e7\u0131klamada, Enerji ve Tabii Kaynaklar Bakan\u0131 Taner Y\u0131ld\u0131z taraf\u0131ndan temsil edilen T\u00fcrkiye ile Avrupa Komisyonu Enerji [&hellip;]<\/p>\n","protected":false},"author":1,"featured_media":37396,"comment_status":"open","ping_status":"open","sticky":false,"template":"","format":"standard","meta":[],"categories":[53],"tags":[21973,21974,63,14009,67,1009,2698,165,21975,19607,21976,2297,667,2296,21977,21978],"views":711,"_links":{"self":[{"href":"https:\/\/www.enerjigazetesi.ist\/en\/wp-json\/wp\/v2\/posts\/37395"}],"collection":[{"href":"https:\/\/www.enerjigazetesi.ist\/en\/wp-json\/wp\/v2\/posts"}],"about":[{"href":"https:\/\/www.enerjigazetesi.ist\/en\/wp-json\/wp\/v2\/types\/post"}],"author":[{"embeddable":true,"href":"https:\/\/www.enerjigazetesi.ist\/en\/wp-json\/wp\/v2\/users\/1"}],"replies":[{"embeddable":true,"href":"https:\/\/www.enerjigazetesi.ist\/en\/wp-json\/wp\/v2\/comments?post=37395"}],"version-history":[{"count":2,"href":"https:\/\/www.enerjigazetesi.ist\/en\/wp-json\/wp\/v2\/posts\/37395\/revisions"}],"predecessor-version":[{"id":37398,"href":"https:\/\/www.enerjigazetesi.ist\/en\/wp-json\/wp\/v2\/posts\/37395\/revisions\/37398"}],"wp:featuredmedia":[{"embeddable":true,"href":"https:\/\/www.enerjigazetesi.ist\/en\/wp-json\/wp\/v2\/media\/37396"}],"wp:attachment":[{"href":"https:\/\/www.enerjigazetesi.ist\/en\/wp-json\/wp\/v2\/media?parent=37395"}],"wp:term":[{"taxonomy":"category","embeddable":true,"href":"https:\/\/www.enerjigazetesi.ist\/en\/wp-json\/wp\/v2\/categories?post=37395"},{"taxonomy":"post_tag","embeddable":true,"href":"https:\/\/www.enerjigazetesi.ist\/en\/wp-json\/wp\/v2\/tags?post=37395"}],"curies":[{"name":"wp","href":"https:\/\/api.w.org\/{rel}","templated":true}]}}