{"id":37389,"date":"2015-03-19T10:55:03","date_gmt":"2015-03-19T07:55:03","guid":{"rendered":"https:\/\/www.enerjigazetesi.ist\/?p=37389"},"modified":"2015-03-19T10:55:04","modified_gmt":"2015-03-19T07:55:04","slug":"abnin-enerji-birligi-projesi-neden-onemli","status":"publish","type":"post","link":"https:\/\/www.enerjigazetesi.ist\/en\/abnin-enerji-birligi-projesi-neden-onemli\/","title":{"rendered":"(Turkish) AB\u2019nin Enerji Birli\u011fi Projesi Neden \u00d6nemli?"},"content":{"rendered":"<p class=\"qtranxs-available-languages-message qtranxs-available-languages-message-en\">Sorry, this entry is only available in <a href=\"https:\/\/www.enerjigazetesi.ist\/tr\/wp-json\/wp\/v2\/posts\/37389\" class=\"qtranxs-available-language-link qtranxs-available-language-link-tr\" title=\"Turkish\">Turkish<\/a>. For the sake of viewer convenience, the content is shown below in the alternative language. You may click the link to switch the active language.<\/p><p><\/p>\n<p style=\"color: #000000;\"><strong>Avrupa Birli\u011fi\u2019nin enerji birli\u011fi projesi jeopolitik, ekonomik ve \u00e7evresel sebeplerden dolay\u0131 b\u00fcy\u00fck \u00f6nem ta\u015f\u0131yor. Avrupa Birli\u011fi Y\u0131lda 400 milyar euro \u00f6deyerek enerji ihtiyac\u0131n\u0131n y\u00fczde 53\u2019\u00fcn\u00fc ithal ediyor.<\/strong><\/p>\n<p style=\"color: #000000;\">\n<p style=\"color: #000000;\">Ukrayna\u2019daki sava\u015f, Rusya\u2019dan yap\u0131lan ithalat\u0131n g\u00fcvenilirli\u011fi ile ilgili endi\u015feleri tetikledi.<\/p>\n<p style=\"color: #000000;\">G\u00fcney Gaz Koridoru\u2019nun geli\u015fmesinde Azerbaycan\u2019\u0131n b\u00fcy\u00fck bir rol\u00fc var. G\u00fcney Gaz Koridoru\u2019ndan do\u011falgaz sevkiyat\u0131n\u0131n 2020\u2019de ba\u015flamas\u0131 bekleniyor.<a href=\"https:\/\/www.enerjigazetesi.ist\/wp-content\/uploads\/2015\/03\/abnin-enerji-birligi-projesi-neden-onemli.jpg\"><img loading=\"lazy\" class=\"alignleft wp-image-37390 size-medium\" src=\"https:\/\/www.enerjigazetesi.ist\/wp-content\/uploads\/2015\/03\/abnin-enerji-birligi-projesi-neden-onemli-300x171.jpg\" alt=\"abnin-enerji-birligi-projesi-neden-onemli\" width=\"300\" height=\"171\" srcset=\"https:\/\/www.enerjigazetesi.ist\/wp-content\/uploads\/2015\/03\/abnin-enerji-birligi-projesi-neden-onemli-300x171.jpg 300w, https:\/\/www.enerjigazetesi.ist\/wp-content\/uploads\/2015\/03\/abnin-enerji-birligi-projesi-neden-onemli-500x285.jpg 500w, https:\/\/www.enerjigazetesi.ist\/wp-content\/uploads\/2015\/03\/abnin-enerji-birligi-projesi-neden-onemli-80x45.jpg 80w, https:\/\/www.enerjigazetesi.ist\/wp-content\/uploads\/2015\/03\/abnin-enerji-birligi-projesi-neden-onemli.jpg 870w\" sizes=\"(max-width: 300px) 100vw, 300px\" \/><\/a><\/p>\n<p style=\"color: #000000;\">Rusya ile ili\u015fkileri k\u00f6t\u00fcye giden Avrupa Birli\u011fi, Cezayir, T\u00fcrkmenistan ve T\u00fcrkiye ile i\u015fbirli\u011fini g\u00fc\u00e7lendirmeyi hedefliyor.<\/p>\n<p style=\"color: #000000;\">Uluslararas\u0131 Af \u00d6rg\u00fct\u00fc istikrars\u0131z veya otoriter rejimler ile ticari anla\u015fma imzalanmas\u0131n\u0131n do\u011fru olmayaca\u011f\u0131 uyar\u0131s\u0131nda bulunuyor.<\/p>\n<p style=\"color: #000000;\">AB Komisyonu, enerji devlerinin olu\u015fturdu\u011fu tekele son verip, piyasan\u0131n daha fazla rekabete a\u00e7\u0131lmas\u0131n\u0131 istiyor.<\/p>\n<p style=\"color: #000000;\">Avrupa Birli\u011fi t\u00fcketicilere y\u00fcksek kalitede hizmet sa\u011flamak istiyor. Ancak baz\u0131 \u00fclkelerin milli \u00e7\u0131karlar\u0131n\u0131 \u00f6n planda tutmas\u0131, enerji piyasalar\u0131nda gerilimin y\u00fckselmesine neden oluyor.<\/p>\n<p style=\"color: #000000;\">Kaynak:\u00a0<a style=\"color: #c75615;\" href=\"http:\/\/tr.euronews.com\/2015\/03\/17\/ab-nin-enerji-birligi-projesi-neden-onemli\/\" target=\"_blank\" rel=\"nofollow\">euronews<\/a><\/p>\n<p><\/p>","protected":false},"excerpt":{"rendered":"<p>Sorry, this entry is only available in Turkish. For the sake of viewer convenience, the content is shown below in the alternative language. You may click the link to switch the active language. Avrupa Birli\u011fi\u2019nin enerji birli\u011fi projesi jeopolitik, ekonomik ve \u00e7evresel sebeplerden dolay\u0131 b\u00fcy\u00fck \u00f6nem ta\u015f\u0131yor. Avrupa Birli\u011fi Y\u0131lda 400 milyar euro \u00f6deyerek enerji [&hellip;]<\/p>\n","protected":false},"author":1,"featured_media":37390,"comment_status":"open","ping_status":"open","sticky":false,"template":"","format":"standard","meta":[],"categories":[53],"tags":[21968,2132,3051,63,67,1009,93,2698,165,8686,21969],"views":529,"_links":{"self":[{"href":"https:\/\/www.enerjigazetesi.ist\/en\/wp-json\/wp\/v2\/posts\/37389"}],"collection":[{"href":"https:\/\/www.enerjigazetesi.ist\/en\/wp-json\/wp\/v2\/posts"}],"about":[{"href":"https:\/\/www.enerjigazetesi.ist\/en\/wp-json\/wp\/v2\/types\/post"}],"author":[{"embeddable":true,"href":"https:\/\/www.enerjigazetesi.ist\/en\/wp-json\/wp\/v2\/users\/1"}],"replies":[{"embeddable":true,"href":"https:\/\/www.enerjigazetesi.ist\/en\/wp-json\/wp\/v2\/comments?post=37389"}],"version-history":[{"count":1,"href":"https:\/\/www.enerjigazetesi.ist\/en\/wp-json\/wp\/v2\/posts\/37389\/revisions"}],"predecessor-version":[{"id":37391,"href":"https:\/\/www.enerjigazetesi.ist\/en\/wp-json\/wp\/v2\/posts\/37389\/revisions\/37391"}],"wp:featuredmedia":[{"embeddable":true,"href":"https:\/\/www.enerjigazetesi.ist\/en\/wp-json\/wp\/v2\/media\/37390"}],"wp:attachment":[{"href":"https:\/\/www.enerjigazetesi.ist\/en\/wp-json\/wp\/v2\/media?parent=37389"}],"wp:term":[{"taxonomy":"category","embeddable":true,"href":"https:\/\/www.enerjigazetesi.ist\/en\/wp-json\/wp\/v2\/categories?post=37389"},{"taxonomy":"post_tag","embeddable":true,"href":"https:\/\/www.enerjigazetesi.ist\/en\/wp-json\/wp\/v2\/tags?post=37389"}],"curies":[{"name":"wp","href":"https:\/\/api.w.org\/{rel}","templated":true}]}}