{"id":37364,"date":"2015-03-18T01:34:07","date_gmt":"2015-03-17T22:34:07","guid":{"rendered":"https:\/\/www.enerjigazetesi.ist\/?p=37364"},"modified":"2015-03-18T01:34:17","modified_gmt":"2015-03-17T22:34:17","slug":"icsg-istanbul-2015-e-geri-sayim-basladi","status":"publish","type":"post","link":"https:\/\/www.enerjigazetesi.ist\/en\/icsg-istanbul-2015-e-geri-sayim-basladi\/","title":{"rendered":"(Turkish) Icsg \u0130stanbul 2015\u2019 e Geri Say\u0131m Ba\u015flad\u0131&#8230;"},"content":{"rendered":"<p class=\"qtranxs-available-languages-message qtranxs-available-languages-message-en\">Sorry, this entry is only available in <a href=\"https:\/\/www.enerjigazetesi.ist\/tr\/wp-json\/wp\/v2\/posts\/37364\" class=\"qtranxs-available-language-link qtranxs-available-language-link-tr\" title=\"Turkish\">Turkish<\/a>. For the sake of viewer convenience, the content is shown below in the alternative language. You may click the link to switch the active language.<\/p><p>\u201cT.C. Bilim, Sanayi ve Teknoloji Bakanl\u0131\u011f\u0131, T.C. Enerji ve Tabii Kaynaklar Bakanl\u0131\u011f\u0131 ve UGETAM\u2019\u0131n (\u0130stanbul <a href=\"https:\/\/www.enerjigazetesi.ist\/wp-content\/uploads\/2015\/03\/icsg-istanbul-2015-e-geri-sayim-basladi.jpg\"><img loading=\"lazy\" class=\"alignleft wp-image-37365 size-medium\" src=\"https:\/\/www.enerjigazetesi.ist\/wp-content\/uploads\/2015\/03\/icsg-istanbul-2015-e-geri-sayim-basladi-300x198.jpg\" alt=\"icsg-istanbul-2015-e-geri-sayim-basladi\" width=\"300\" height=\"198\" srcset=\"https:\/\/www.enerjigazetesi.ist\/wp-content\/uploads\/2015\/03\/icsg-istanbul-2015-e-geri-sayim-basladi-300x198.jpg 300w, https:\/\/www.enerjigazetesi.ist\/wp-content\/uploads\/2015\/03\/icsg-istanbul-2015-e-geri-sayim-basladi-500x331.jpg 500w, https:\/\/www.enerjigazetesi.ist\/wp-content\/uploads\/2015\/03\/icsg-istanbul-2015-e-geri-sayim-basladi-75x50.jpg 75w, https:\/\/www.enerjigazetesi.ist\/wp-content\/uploads\/2015\/03\/icsg-istanbul-2015-e-geri-sayim-basladi.jpg 887w\" sizes=\"(max-width: 300px) 100vw, 300px\" \/><\/a>Uygulamal\u0131 Gaz ve Enerji Teknolojileri Ara\u015ft\u0131rma M\u00fchendislik Sanayi ve Ticaret A\u015e.) himayesinde, TRT, Sabah Gazetesi, Turkcell ve Vodafone\u2019un ana sponsorluklar\u0131n da ve bunun yan\u0131 s\u0131ra sekt\u00f6r\u00fcn \u00f6nde gelen firmalar\u0131n\u0131n yer ald\u0131\u011f\u0131, HHB Expo fuar sirketi taraf\u0131ndan organize edilen <strong>\u201c3. Uluslararas\u0131 \u0130stanbul Ak\u0131ll\u0131 \u015eebekeler Kongre ve Fuar\u0131\u201dn\u0131n<\/strong> 6. Y\u00fcr\u00fctme Kurulu Toplant\u0131s\u0131, ICSG \u0130stanbul 2015 Kongre Ba\u015fkan\u0131 olan ayn\u0131 zamanda UGETAM Y\u00f6netim Kurulu Ba\u015fkan\u0131 Say\u0131n Prof.Dr. \u00dcmit Do\u011fay Ar\u0131n\u00e7 ba\u015fta olmak \u00fczere, Kongre Ba\u015fkan Yard\u0131mc\u0131lar\u0131 T.C. Bilim Sanayi ve Teknoloji Bakanl\u0131\u011f\u0131 Metroloji ve Standardizasyon Genel M\u00fcd\u00fcr\u00fc Say\u0131n Prof. Dr. Necip Camu\u015fcu ve T\u00fcrkiye Enerji Vakf\u0131 Ba\u015fkan\u0131 Say\u0131n Hasan K\u00f6kta\u015f\u2019\u0131n yan\u0131 s\u0131ra kurumlardan, derneklerden ve firmalardan bir \u00e7ok \u00fcst d\u00fczey kat\u0131l\u0131mc\u0131n\u0131n te\u015frifleriyle 6 Mart 2015 tarihinde, <strong>\u201cTurkcell<\/strong> \u201din\u00a0 ev sahipli\u011finde ger\u00e7ekle\u015fmi\u015ftir.\u201d<\/p>\n<p>Gerceklesen toplant\u0131da, ICSG \u0130stanbul 2015 Kongre ve Fuar\u0131nda yer alacak olan uluslararas\u0131 konusmac\u0131lar ve ana kongre program\u0131 belirlenmistir.<\/p>\n<p><strong>\u00a0<\/strong><strong>3. Uluslararas\u0131 \u0130stanbul Ak\u0131ll\u0131 \u015eebekeler Kongre ve Fuar\u0131na\u00a0 50 \u00fclkeden yakla\u015f\u0131k 5.000 sekt\u00f6r temsilcisinin kat\u0131l\u0131m\u0131 beklenmektedir. Bu uluslararas\u0131 kongrenin; d\u00fcnyada ve \u00fclkemizde giderek artan enerji talebinin daha rasyonel kar\u015f\u0131lanmas\u0131na, ak\u0131ll\u0131 \u015febekeler ve ak\u0131ll\u0131 saya\u00e7lar ile ilgili politika ve stratejilere, ak\u0131ll\u0131 \u015fehirler ile ak\u0131ll\u0131 binalar\u0131n otomasyon sistemlerine b\u00fcy\u00fck katk\u0131 sa\u011flayaca\u011f\u0131 d\u00fc\u015f\u00fcn\u00fclmektedir.\u00a0\u00a0 <\/strong><\/p>\n<p><strong>A\u00e7\u0131l\u0131\u015f Konu\u015fmalar\u0131<\/strong><\/p>\n<p><strong>\u00a0<\/strong>Prof. Dr. \u00dcmit Do\u011fay ARIN\u00c7, ICSG \u0130stanbul 2015 Kongre ve Fuar\u0131 Ba\u015fkan\u0131<\/p>\n<p>Mustafa YILMAZ, EPDK Ba\u015fkan\u0131<\/p>\n<p>Fikri I\u015eIK, T.C. Bilim, Sanayi ve Teknoloji Bakan\u0131<\/p>\n<p>Taner YILDIZ, T.C. Enerji ve Tabii Kaynaklar Bakan\u0131<\/p>\n<p>Recep Tayyip ERDO\u011eAN &#8211; T.C. CUMHURBA\u015eKANI (*)<\/p>\n<p><em>*Te\u015frifleri Halinde<\/em><\/p>\n<p><em>\u00a0<\/em><strong>Yurtd\u0131\u015f\u0131ndan Enerji Bakanlar\u0131 bir araya geliyor.<\/strong><\/p>\n<p>\u0130ngiltere Enerji Bakan\u0131, \u0130rlanda Enerji Bakan\u0131, \u00dcrd\u00fcn Enerji Bakan\u0131, Azerbaycan Enerji Bakan\u0131 ve Almanya Enerji Bakan\u0131, T.C. Enerji ve Tabii Kaynaklar Bakan\u0131 Say\u0131n Taner Y\u0131ld\u0131z taraf\u0131ndan davet edilmi\u015ftir.<\/p>\n<p><strong>H\u00fck\u00fcmet Heyetleri ICSG \u0130stanbul 2015\u2019de <\/strong><\/p>\n<p>ICSG \u0130stanbul 2015 i\u00e7in \u00f6zellikle, <strong>Amerika, \u0130ngiltere, Fransa, Danimarka, Hindistan, Hollanda, Almanya<\/strong> \u00fclkelerinden heyetler fuara kat\u0131lacak ve \u00fccretsiz ikili g\u00f6r\u00fc\u015fmeler ger\u00e7ekle\u015fecektir. S\u00f6z konusu ikili g\u00f6r\u00fc\u015fmeler fuara kat\u0131lan \u015firketlere, yabanc\u0131 \u015firketlerle i\u015f birliklerini art\u0131rma imk\u00e2n\u0131 sunacakt\u0131r. T.C. Ekonomi Bakanl\u0131\u011f\u0131 ayn\u0131 zamanda ICSG 2015\u2019e \u201cAl\u0131m Heyeti Program\u0131\u201d organize edecektir.\u00a0 Al\u0131m Heyeti Program\u0131 kapsam\u0131nda i\u015ftirak edecek \u00fclkeler; Hollanda, \u00dcrd\u00fcn, \u0130talya, Almanya, \u0130ngiltere olarak belirlenmi\u015ftir.<\/p>\n<p><strong>D\u00fcnyadaki se\u00e7kin konu\u015fmac\u0131lar bu Kongre&#8217;de<\/strong><\/p>\n<p>Beyaz Saray\u2019a enerji dan\u0131\u015fmanl\u0131\u011f\u0131 yapan <strong>John McDonald<\/strong> ve Ak\u0131ll\u0131 \u015eebekeler Avrupa Komisyonu Proje Lideri <strong>Gianluca Fulli<\/strong> ICSG \u0130stanbul 2015 Kongre ve fuar\u0131na \u201ckeynote speaker\u201d olarak kat\u0131lacaklard\u0131r.<\/p>\n<p>Uluslararas\u0131 firmalar\u0131n global konusmac\u0131lar\u0131n\u0131n yan\u0131 s\u0131ra Amerika Ticaret ve Direkt\u00f6r ABD<\/p>\n<p>Kalk\u0131nma Ajans\u0131 direkt\u00f6r\u00fc Leocadia I. ZAK , Almanya EPDK direkt\u00f6r\u00fc Annegret GROEBEL Bundesnetzagentur, Uluslararas\u0131 G3 PLC Birli\u011fi Genel Sekreteri Marc DELANDRE, Barselona \u015eehir Konseyi CIO , Hollanda End\u00fcstrisi Derne\u011fi ba\u015fkan\u0131 James WATSON,<\/p>\n<p>Global Ak\u0131ll\u0131 \u015eebekeler Federasyonu \u0130rlanda Ba\u015fkan\u0131 Patrick TURNBULL, Hollanda A\u00e7\u0131k Ak\u0131ll\u0131 \u015eebekeler Genel M\u00fcd\u00fcr\u00fc Mark OSSEL, Arap \u00dclkeleri Yenilebilir Enerji Derne\u011fi Genel M\u00fcd\u00fcr\u00fc Mohammed Al TA&#8217;ANI, Danimarka \u00dcniversitesi Enerji Enformatik \u00f6\u011fretim \u00fcyesi<\/p>\n<p>Prof. Bo N\u00f8rregaard gibi y\u00fczlerce uluslararas\u0131 konu\u015fmac\u0131 ICSG Istanbul 2015 te yer alacakt\u0131r.<\/p>\n<p><strong>Detayl\u0131 Bilgi i\u00e7in;<\/strong><\/p>\n<p><strong>ICSG web sayfas\u0131: <\/strong><a href=\"http:\/\/www.icsgistanbul.com\/\"><strong>www.icsgistanbul.com<\/strong><\/a><\/p>\n<p><strong>ICSG video tan\u0131t\u0131m linki; <\/strong><a href=\"http:\/\/vimeo.com\/109445935\">http:\/\/vimeo.com\/109445935<\/a> \u00a0<em>( T\u00fcrk\u00e7e)<\/em><\/p>\n<p><a href=\"http:\/\/vimeo.com\/109455318\">http:\/\/vimeo.com\/109455318<\/a> <em>( \u0130ngilizce) <\/em><strong>adreslerini ziyaret ediniz.<\/strong><\/p>\n<p>Yay\u0131nc\u0131: <a href=\"https:\/\/www.enerjigazetesi.ist\" target=\"_blank\">Enerji Gazetesi<\/a><\/p>\n<p>&nbsp;<\/p>","protected":false},"excerpt":{"rendered":"<p>Sorry, this entry is only available in Turkish. For the sake of viewer convenience, the content is shown below in the alternative language. You may click the link to switch the active language.\u201cT.C. Bilim, Sanayi ve Teknoloji Bakanl\u0131\u011f\u0131, T.C. Enerji ve Tabii Kaynaklar Bakanl\u0131\u011f\u0131 ve UGETAM\u2019\u0131n (\u0130stanbul Uygulamal\u0131 Gaz ve Enerji Teknolojileri Ara\u015ft\u0131rma M\u00fchendislik Sanayi [&hellip;]<\/p>\n","protected":false},"author":1,"featured_media":37365,"comment_status":"open","ping_status":"open","sticky":false,"template":"","format":"standard","meta":[],"categories":[53],"tags":[17650,63,67,1009,2698,165,17649],"views":623,"_links":{"self":[{"href":"https:\/\/www.enerjigazetesi.ist\/en\/wp-json\/wp\/v2\/posts\/37364"}],"collection":[{"href":"https:\/\/www.enerjigazetesi.ist\/en\/wp-json\/wp\/v2\/posts"}],"about":[{"href":"https:\/\/www.enerjigazetesi.ist\/en\/wp-json\/wp\/v2\/types\/post"}],"author":[{"embeddable":true,"href":"https:\/\/www.enerjigazetesi.ist\/en\/wp-json\/wp\/v2\/users\/1"}],"replies":[{"embeddable":true,"href":"https:\/\/www.enerjigazetesi.ist\/en\/wp-json\/wp\/v2\/comments?post=37364"}],"version-history":[{"count":2,"href":"https:\/\/www.enerjigazetesi.ist\/en\/wp-json\/wp\/v2\/posts\/37364\/revisions"}],"predecessor-version":[{"id":37367,"href":"https:\/\/www.enerjigazetesi.ist\/en\/wp-json\/wp\/v2\/posts\/37364\/revisions\/37367"}],"wp:featuredmedia":[{"embeddable":true,"href":"https:\/\/www.enerjigazetesi.ist\/en\/wp-json\/wp\/v2\/media\/37365"}],"wp:attachment":[{"href":"https:\/\/www.enerjigazetesi.ist\/en\/wp-json\/wp\/v2\/media?parent=37364"}],"wp:term":[{"taxonomy":"category","embeddable":true,"href":"https:\/\/www.enerjigazetesi.ist\/en\/wp-json\/wp\/v2\/categories?post=37364"},{"taxonomy":"post_tag","embeddable":true,"href":"https:\/\/www.enerjigazetesi.ist\/en\/wp-json\/wp\/v2\/tags?post=37364"}],"curies":[{"name":"wp","href":"https:\/\/api.w.org\/{rel}","templated":true}]}}