{"id":37195,"date":"2015-03-12T18:56:43","date_gmt":"2015-03-12T15:56:43","guid":{"rendered":"https:\/\/www.enerjigazetesi.ist\/?p=37195"},"modified":"2015-03-12T18:57:01","modified_gmt":"2015-03-12T15:57:01","slug":"isvec-enerji-bakani-yenilenebilir-enerjide-turkiye-ile-isbirligine-haziriz","status":"publish","type":"post","link":"https:\/\/www.enerjigazetesi.ist\/en\/isvec-enerji-bakani-yenilenebilir-enerjide-turkiye-ile-isbirligine-haziriz\/","title":{"rendered":"(Turkish) \u0130sve\u00e7 Enerji Bakan\u0131: \u201cYenilenebilirde T\u00fcrkiye \u0130le \u0130\u015fbirli\u011fine Haz\u0131r\u0131z!\u201d"},"content":{"rendered":"<p class=\"qtranxs-available-languages-message qtranxs-available-languages-message-en\">Sorry, this entry is only available in <a href=\"https:\/\/www.enerjigazetesi.ist\/tr\/wp-json\/wp\/v2\/posts\/37195\" class=\"qtranxs-available-language-link qtranxs-available-language-link-tr\" title=\"Turkish\">Turkish<\/a>. For the sake of viewer convenience, the content is shown below in the alternative language. You may click the link to switch the active language.<\/p><p><\/p>\n<p style=\"color: #000000;\"><strong>\u0130sve\u00e7 Enerji Bakan\u0131 \u0130brahim Baylan, \u201cT\u00fcrkiye\u2019de yenilenebilir enerjinin t\u00fcm alanlar\u0131nda m\u00fcthi\u015f bir potansiyel var, bunun fark\u0131nday\u0131z, \u00f6zellikle biyogaz alan\u0131nda \u0130sve\u00e7\u2019in tecr\u00fcbesini T\u00fcrkiye ile payla\u015fmaya haz\u0131r\u0131z\u201d dedi.<\/strong><\/p>\n<p style=\"color: #000000;\">Baylan, Avrupa R\u00fczgar Enerjisi Birli\u011fi\u2019nce Kopenhag\u2019ta d\u00fczenlenen \u201cDeniz i\u00e7i R\u00fczgar Enerjisi Konferans\u0131\u201dnda sorular\u0131 yan\u0131tlad\u0131.<span id=\"more-70687\"><\/span><\/p>\n<p style=\"color: #000000;\">Ba\u015fkent Stokholm\u2019de \u00e7\u00f6pten \u00fcretilen enerjinin etkin \u015fekilde kullan\u0131ld\u0131\u011f\u0131n\u0131 anlatan Bakan B<a href=\"https:\/\/www.enerjigazetesi.ist\/wp-content\/uploads\/2015\/03\/isvec-enerji-bakani-yenilenebilir-enerjide-turkiye-ile-isbirligine-haziriz.jpg\"><img loading=\"lazy\" class=\"alignleft wp-image-37196 size-medium\" src=\"https:\/\/www.enerjigazetesi.ist\/wp-content\/uploads\/2015\/03\/isvec-enerji-bakani-yenilenebilir-enerjide-turkiye-ile-isbirligine-haziriz-300x199.jpg\" alt=\"isvec-enerji-bakani-yenilenebilir-enerjide-turkiye-ile-isbirligine-haziriz\" width=\"300\" height=\"199\" srcset=\"https:\/\/www.enerjigazetesi.ist\/wp-content\/uploads\/2015\/03\/isvec-enerji-bakani-yenilenebilir-enerjide-turkiye-ile-isbirligine-haziriz-300x199.jpg 300w, https:\/\/www.enerjigazetesi.ist\/wp-content\/uploads\/2015\/03\/isvec-enerji-bakani-yenilenebilir-enerjide-turkiye-ile-isbirligine-haziriz-500x333.jpg 500w, https:\/\/www.enerjigazetesi.ist\/wp-content\/uploads\/2015\/03\/isvec-enerji-bakani-yenilenebilir-enerjide-turkiye-ile-isbirligine-haziriz-75x50.jpg 75w, https:\/\/www.enerjigazetesi.ist\/wp-content\/uploads\/2015\/03\/isvec-enerji-bakani-yenilenebilir-enerjide-turkiye-ile-isbirligine-haziriz.jpg 620w\" sizes=\"(max-width: 300px) 100vw, 300px\" \/><\/a>aylan, \u0130stanbul\u2019da bu uygulamaya s\u0131cak bak\u0131ld\u0131\u011f\u0131n\u0131, bu teknolojinin T\u00fcrkiye ile payla\u015f\u0131lmas\u0131ndan mutluluk duyacaklar\u0131n\u0131 ifade etti.<\/p>\n<p style=\"color: #000000;\">Baylan, ocak ay\u0131nda \u0130sve\u00e7 bakanl\u0131k yetkililerinin T\u00fcrk meslekta\u015flar\u0131yla Ankara\u2019da biraraya geldiklerini hat\u0131rlatarak, \u201cKesinlikle T\u00fcrkiye ile enerji i\u015fbirli\u011fine, \u00f6zellikle yenilenebilir enerjide i\u015fbirli\u011fine haz\u0131r\u0131z. \u0130ki \u00fclkenin de ortak ilgi alan\u0131 olan yenilenebilir enerjide hem tecr\u00fcbeleri payla\u015fmak hem de konu ile ilgili sorunlara \u00e7\u00f6z\u00fcm bulmak iki \u00fclkenin ortak hedefidir\u201d diye konu\u015ftu.<\/p>\n<p style=\"color: #000000;\">Son g\u00fcnlerde Avrupa Birli\u011fi\u2019nin ilk g\u00fcndem maddelerinden biri olan Enerji Birli\u011fi\u2019ne de de\u011finen Baylan, bu birli\u011fin kurulmas\u0131yla Avrupa\u2019da enerji anla\u015fmalar\u0131n\u0131n denetlenmesinin ama\u00e7land\u0131\u011f\u0131n\u0131 s\u00f6yledi. Baylan, \u0130sve\u00e7\u2019in Avrupa enerji marketine her t\u00fcrl\u00fc deste\u011fi vermeye haz\u0131r oldu\u011funu belirterek, \u015f\u00f6yle konu\u015ftu:<\/p>\n<p style=\"color: #000000;\">\u201cBug\u00fcn Avrupa Birli\u011fi \u00fcyesi \u00fclkeler, enerji anla\u015fmalar\u0131n\u0131 imzalad\u0131ktan sonra AB Enerji Komisyonu\u2019na bildirmek zorunda. Halbuki Enerji Birli\u011fi, karar\u0131 ve karar hakk\u0131ndaki planlar\u0131 \u015feffafla\u015ft\u0131rmak istiyor. Bu ve benzer g\u00f6r\u00fc\u015flerin tart\u0131\u015f\u0131lmas\u0131n\u0131 olumlu kar\u015f\u0131l\u0131yoruz ancak \u00e7ok fazla k\u0131rm\u0131z\u0131 \u00e7izgilerin \u00fcye \u00fclkelere dayat\u0131lmas\u0131ndan ka\u00e7\u0131n\u0131lmal\u0131.\u201d<\/p>\n<p style=\"color: #000000;\">\u0130sve\u00e7\u2019te, evsel at\u0131klar\u0131n modern y\u00f6ntemlerle i\u015flenmesi yoluyla elde edilen biyogaz, hem \u0131s\u0131tma hem de elektrik \u00fcretmek i\u00e7in kullan\u0131l\u0131yor. N\u00fcfusu 10 milyona yak\u0131n \u00fclkede, evlerde olu\u015fan \u00e7\u00f6plerin y\u00fczde 99\u2019u elektrik \u00fcretimi i\u00e7in kullan\u0131l\u0131yor, kalan y\u00fczde 1\u2019lik k\u0131s\u0131m ise tar\u0131msal g\u00fcbre ama\u00e7l\u0131 de\u011ferlendiriliyor.<\/p>\n<p style=\"color: #000000;\">Kaynak:\u00a0<a style=\"color: #c75615;\" href=\"http:\/\/www.turkiyegazetesi.com.tr\/dunya\/245212.aspx\" target=\"_blank\" rel=\"nofollow\">T\u00fcrkiye Gazetesi<\/a><\/p>\n<p><\/p>","protected":false},"excerpt":{"rendered":"<p>Sorry, this entry is only available in Turkish. For the sake of viewer convenience, the content is shown below in the alternative language. You may click the link to switch the active language. \u0130sve\u00e7 Enerji Bakan\u0131 \u0130brahim Baylan, \u201cT\u00fcrkiye\u2019de yenilenebilir enerjinin t\u00fcm alanlar\u0131nda m\u00fcthi\u015f bir potansiyel var, bunun fark\u0131nday\u0131z, \u00f6zellikle biyogaz alan\u0131nda \u0130sve\u00e7\u2019in tecr\u00fcbesini T\u00fcrkiye [&hellip;]<\/p>\n","protected":false},"author":1,"featured_media":37196,"comment_status":"open","ping_status":"open","sticky":false,"template":"","format":"standard","meta":[],"categories":[53,49,50],"tags":[21854,640,21855,63,67,1009,2698,165,21856,21857,21858,105],"views":1203,"_links":{"self":[{"href":"https:\/\/www.enerjigazetesi.ist\/en\/wp-json\/wp\/v2\/posts\/37195"}],"collection":[{"href":"https:\/\/www.enerjigazetesi.ist\/en\/wp-json\/wp\/v2\/posts"}],"about":[{"href":"https:\/\/www.enerjigazetesi.ist\/en\/wp-json\/wp\/v2\/types\/post"}],"author":[{"embeddable":true,"href":"https:\/\/www.enerjigazetesi.ist\/en\/wp-json\/wp\/v2\/users\/1"}],"replies":[{"embeddable":true,"href":"https:\/\/www.enerjigazetesi.ist\/en\/wp-json\/wp\/v2\/comments?post=37195"}],"version-history":[{"count":2,"href":"https:\/\/www.enerjigazetesi.ist\/en\/wp-json\/wp\/v2\/posts\/37195\/revisions"}],"predecessor-version":[{"id":37198,"href":"https:\/\/www.enerjigazetesi.ist\/en\/wp-json\/wp\/v2\/posts\/37195\/revisions\/37198"}],"wp:featuredmedia":[{"embeddable":true,"href":"https:\/\/www.enerjigazetesi.ist\/en\/wp-json\/wp\/v2\/media\/37196"}],"wp:attachment":[{"href":"https:\/\/www.enerjigazetesi.ist\/en\/wp-json\/wp\/v2\/media?parent=37195"}],"wp:term":[{"taxonomy":"category","embeddable":true,"href":"https:\/\/www.enerjigazetesi.ist\/en\/wp-json\/wp\/v2\/categories?post=37195"},{"taxonomy":"post_tag","embeddable":true,"href":"https:\/\/www.enerjigazetesi.ist\/en\/wp-json\/wp\/v2\/tags?post=37195"}],"curies":[{"name":"wp","href":"https:\/\/api.w.org\/{rel}","templated":true}]}}