{"id":37137,"date":"2015-03-11T10:15:12","date_gmt":"2015-03-11T07:15:12","guid":{"rendered":"https:\/\/www.enerjigazetesi.ist\/?p=37137"},"modified":"2015-03-11T10:15:12","modified_gmt":"2015-03-11T07:15:12","slug":"gunes-enerjili-ucak-dunya-turuna-basladi","status":"publish","type":"post","link":"https:\/\/www.enerjigazetesi.ist\/en\/gunes-enerjili-ucak-dunya-turuna-basladi\/","title":{"rendered":"(Turkish) G\u00fcne\u015f Enerjili U\u00e7ak D\u00fcnya Turuna Ba\u015flad\u0131!"},"content":{"rendered":"<p class=\"qtranxs-available-languages-message qtranxs-available-languages-message-en\">Sorry, this entry is only available in <a href=\"https:\/\/www.enerjigazetesi.ist\/tr\/wp-json\/wp\/v2\/posts\/37137\" class=\"qtranxs-available-language-link qtranxs-available-language-link-tr\" title=\"Turkish\">Turkish<\/a>. For the sake of viewer convenience, the content is shown below in the alternative language. You may click the link to switch the active language.<\/p><p><\/p>\n<p style=\"color: #363636;\"><strong>Sadece g\u00fcne\u015f enerjisiyle \u00e7al\u0131\u015fan u\u00e7ak, Birle\u015fik Arap Emirlikleri\u2019nin ba\u015fkenti Abu Dabi\u2019den havalanarak D\u00fcnya\u2019n\u0131n etraf\u0131n\u0131 dola\u015faca\u011f\u0131 u\u00e7u\u015funa ba\u015flad\u0131.<\/strong><\/p>\n<p style=\"color: #363636;\">Hi\u00e7bir fosil yak\u0131t kullanm<a href=\"https:\/\/www.enerjigazetesi.ist\/wp-content\/uploads\/2015\/03\/g\u00fcne\u015f.jpg\"><img loading=\"lazy\" class=\"alignleft  wp-image-37138\" src=\"https:\/\/www.enerjigazetesi.ist\/wp-content\/uploads\/2015\/03\/g\u00fcne\u015f.jpg\" alt=\"g\u00fcne\u015f\" width=\"300\" height=\"255\" \/><\/a>ayan ve sadece g\u00fcne\u015f pilleriyle u\u00e7abilen Solar Impulse 2\u2032nin \u0130svi\u00e7reli mucitleri Bertrand Piccard ve Andre Borschberg, yapt\u0131klar\u0131 a\u00e7\u0131klamada, ama\u00e7lar\u0131n\u0131n \u201ctemiz ve etkili teknolojilerle ilgili fark\u0131ndal\u0131\u011f\u0131 artt\u0131rmak\u201d oldu\u011funu s\u00f6yledi.<\/p>\n<p style=\"color: #363636;\">Solar Impulse 2\u2032nin, Borschberg pilotlu\u011funda Al Bateen Havaalan\u0131\u2019ndan bu sabah havaland\u0131\u011f\u0131 bildirildi. Aylar s\u00fcrecek yolculuk boyunca g\u00fcne\u015f enerjili u\u00e7ak, Borschberg ve Piccard taraf\u0131ndan n\u00f6betle\u015fe u\u00e7urulacak. U\u00e7a\u011f\u0131n ilk dura\u011f\u0131n\u0131n, Umman\u2019\u0131n ba\u015fkenti Muskat oldu\u011fu bildirildi.<\/p>\n<p style=\"color: #363636;\">Abu Dabi\u2019den havalanan Solar Impulse 2\u2032nin, temmuz sonunda ba\u015flad\u0131\u011f\u0131 noktaya d\u00f6nece\u011fi belirtildi. U\u00e7ak, be\u015f ay s\u00fcrecek u\u00e7u\u015f s\u00fcresince Umman, Hindistan, Myanmar, \u00c7in, ABD, G\u00fcney Avrupa ve Kuzey Afrika\u2019ya u\u011frayacak.<\/p>\n<p style=\"color: #363636;\">Be\u015f y\u0131l \u00f6nce geli\u015ftirilen u\u00e7a\u011f\u0131n daha hafif versiyonu olan Solar Impulse 2\u2032nin a\u011f\u0131rl\u0131\u011f\u0131 sadece 2,3 ton. Kanat geni\u015fli\u011fi 72 metre olan Solar Impulse 2\u2032nin, kanatlar\u0131nda toplam 17 bin 248 g\u00fcne\u015f h\u00fccresi bulunuyor. U\u00e7ak, g\u00fcnd\u00fczleri elde etti\u011fi enerjiyi bataryalar\u0131nda depolayabildi\u011fi i\u00e7in geceleri de u\u00e7abiliyor.<\/p>\n<p style=\"color: #363636;\">\u0130svi\u00e7re u\u00e7ak lisans\u0131na sahip Solar Impulse, ilk test u\u00e7u\u015funu Aral\u0131k 2009\u2032da yapmas\u0131n\u0131n ard\u0131ndan 7-9 Temmuz 2010\u2032da 9 saati gece olmak \u00fczere 26 saat aral\u0131ks\u0131z u\u00e7may\u0131 ba\u015farm\u0131\u015ft\u0131. Havada aral\u0131ks\u0131z 36 saat kalmas\u0131 amac\u0131yla geli\u015ftirilen Solar Impulse, 2012\u2032de \u0130svi\u00e7re\u2019den yola \u00e7\u0131karak \u0130spanya ve Fas\u2019a yapt\u0131\u011f\u0131 ba\u015far\u0131l\u0131 u\u00e7u\u015flar\u0131n ard\u0131ndan k\u0131talar aras\u0131 u\u00e7may\u0131 ba\u015faran ilk g\u00fcne\u015f enerjisiyle i\u015fleyen u\u00e7ak olmu\u015ftu. Solar Impulse 2013\u2032te de ABD\u2019yi boydan boya ge\u00e7erek bunu ba\u015faran g\u00fcne\u015f enerjisiyle \u00e7al\u0131\u015fan ilk u\u00e7ak olarak tarihe ge\u00e7mi\u015fti.<\/p>\n<p style=\"color: #363636;\">Kaynak: AA<\/p>\n<p><\/p>","protected":false},"excerpt":{"rendered":"<p>Sorry, this entry is only available in Turkish. For the sake of viewer convenience, the content is shown below in the alternative language. You may click the link to switch the active language. Sadece g\u00fcne\u015f enerjisiyle \u00e7al\u0131\u015fan u\u00e7ak, Birle\u015fik Arap Emirlikleri\u2019nin ba\u015fkenti Abu Dabi\u2019den havalanarak D\u00fcnya\u2019n\u0131n etraf\u0131n\u0131 dola\u015faca\u011f\u0131 u\u00e7u\u015funa ba\u015flad\u0131. Hi\u00e7bir fosil yak\u0131t kullanmayan ve [&hellip;]<\/p>\n","protected":false},"author":1,"featured_media":37138,"comment_status":"open","ping_status":"open","sticky":false,"template":"","format":"standard","meta":[],"categories":[53,49],"tags":[63,1009,227,13,1627],"views":606,"_links":{"self":[{"href":"https:\/\/www.enerjigazetesi.ist\/en\/wp-json\/wp\/v2\/posts\/37137"}],"collection":[{"href":"https:\/\/www.enerjigazetesi.ist\/en\/wp-json\/wp\/v2\/posts"}],"about":[{"href":"https:\/\/www.enerjigazetesi.ist\/en\/wp-json\/wp\/v2\/types\/post"}],"author":[{"embeddable":true,"href":"https:\/\/www.enerjigazetesi.ist\/en\/wp-json\/wp\/v2\/users\/1"}],"replies":[{"embeddable":true,"href":"https:\/\/www.enerjigazetesi.ist\/en\/wp-json\/wp\/v2\/comments?post=37137"}],"version-history":[{"count":1,"href":"https:\/\/www.enerjigazetesi.ist\/en\/wp-json\/wp\/v2\/posts\/37137\/revisions"}],"predecessor-version":[{"id":37139,"href":"https:\/\/www.enerjigazetesi.ist\/en\/wp-json\/wp\/v2\/posts\/37137\/revisions\/37139"}],"wp:featuredmedia":[{"embeddable":true,"href":"https:\/\/www.enerjigazetesi.ist\/en\/wp-json\/wp\/v2\/media\/37138"}],"wp:attachment":[{"href":"https:\/\/www.enerjigazetesi.ist\/en\/wp-json\/wp\/v2\/media?parent=37137"}],"wp:term":[{"taxonomy":"category","embeddable":true,"href":"https:\/\/www.enerjigazetesi.ist\/en\/wp-json\/wp\/v2\/categories?post=37137"},{"taxonomy":"post_tag","embeddable":true,"href":"https:\/\/www.enerjigazetesi.ist\/en\/wp-json\/wp\/v2\/tags?post=37137"}],"curies":[{"name":"wp","href":"https:\/\/api.w.org\/{rel}","templated":true}]}}