{"id":37131,"date":"2015-03-10T17:15:04","date_gmt":"2015-03-10T14:15:04","guid":{"rendered":"https:\/\/www.enerjigazetesi.ist\/?p=37131"},"modified":"2015-03-10T17:15:04","modified_gmt":"2015-03-10T14:15:04","slug":"antepte-enerji-verimliligi-danismanlari-yetisecek","status":"publish","type":"post","link":"https:\/\/www.enerjigazetesi.ist\/en\/antepte-enerji-verimliligi-danismanlari-yetisecek\/","title":{"rendered":"(Turkish) Antep\u2019te Enerji Verimlili\u011fi Dan\u0131\u015fmanlar\u0131 Yeti\u015fecek!"},"content":{"rendered":"<p class=\"qtranxs-available-languages-message qtranxs-available-languages-message-en\">Sorry, this entry is only available in <a href=\"https:\/\/www.enerjigazetesi.ist\/tr\/wp-json\/wp\/v2\/posts\/37131\" class=\"qtranxs-available-language-link qtranxs-available-language-link-tr\" title=\"Turkish\">Turkish<\/a>. For the sake of viewer convenience, the content is shown below in the alternative language. You may click the link to switch the active language.<\/p><p><\/p>\n<p style=\"color: #000000;\"><strong>GAP \u0130daresi Ba\u015fkan\u0131 Karahocagil, \u201cilk olarak 20\u2019ye yak\u0131n dan\u0131\u015fman i\u00e7in \u00fcniversitelerle \u00e7al\u0131\u015f\u0131yoruz\u201d dedi.<\/strong><span id=\"more-70655\"><\/span><\/p>\n<p style=\"color: #000000;\">Antep\u2019te Enerji Verimlili\u011fi Dan\u0131\u015fmanl\u0131\u011f\u0131 Kulu\u00e7ka Merkezi kurduklar\u0131n\u0131 s\u00f6yleyen GAP \u0130daresi Ba\u015fkan\u0131 Sadrettin Karahocagil, \u201cBu kulu\u00e7ka merkezininde e<a href=\"https:\/\/www.enerjigazetesi.ist\/wp-content\/uploads\/2015\/03\/antepte-enerji-verimliligi-danismanlari-yetisecek.jpg\"><img loading=\"lazy\" class=\"alignleft wp-image-37132 size-medium\" src=\"https:\/\/www.enerjigazetesi.ist\/wp-content\/uploads\/2015\/03\/antepte-enerji-verimliligi-danismanlari-yetisecek-300x168.jpg\" alt=\"antepte-enerji-verimliligi-danismanlari-yetisecek\" width=\"300\" height=\"168\" srcset=\"https:\/\/www.enerjigazetesi.ist\/wp-content\/uploads\/2015\/03\/antepte-enerji-verimliligi-danismanlari-yetisecek-300x168.jpg 300w, https:\/\/www.enerjigazetesi.ist\/wp-content\/uploads\/2015\/03\/antepte-enerji-verimliligi-danismanlari-yetisecek-500x281.jpg 500w, https:\/\/www.enerjigazetesi.ist\/wp-content\/uploads\/2015\/03\/antepte-enerji-verimliligi-danismanlari-yetisecek-80x45.jpg 80w, https:\/\/www.enerjigazetesi.ist\/wp-content\/uploads\/2015\/03\/antepte-enerji-verimliligi-danismanlari-yetisecek.jpg 700w\" sizes=\"(max-width: 300px) 100vw, 300px\" \/><\/a>nerji verimlili\u011fi dan\u0131\u015fmanlar\u0131 yeti\u015ftirece\u011fiz. Ayr\u0131ca burada onlar\u0131n ortak kullanabilecekleri laboratuvarlar olacak\u201d dedi.<\/p>\n<p style=\"color: #000000;\">\u0130lk olarak 20\u2019ye yak\u0131n enerji verimli\u011fi dan\u0131\u015fman\u0131 i\u00e7in Osmaniye \u00dcniversitesi ile protokol yap\u0131p sertifikaland\u0131rd\u0131klar\u0131n\u0131 belirten Karahocagil, \u201c\u015eu anda Harran \u00dcniversitesi ile \u00e7al\u0131\u015f\u0131yoruz b\u00f6lgesel nitelikte ancak yeni binam\u0131zda devreye girecek. O zaman b\u00fct\u00fcn \u00fcniversiteler yararlanabilecek\u201d dedi.<\/p>\n<p style=\"color: #000000;\">Kaynak: Enerji Enstit\u00fcs\u00fc<\/p>\n<p><\/p>","protected":false},"excerpt":{"rendered":"<p>Sorry, this entry is only available in Turkish. For the sake of viewer convenience, the content is shown below in the alternative language. You may click the link to switch the active language. GAP \u0130daresi Ba\u015fkan\u0131 Karahocagil, \u201cilk olarak 20\u2019ye yak\u0131n dan\u0131\u015fman i\u00e7in \u00fcniversitelerle \u00e7al\u0131\u015f\u0131yoruz\u201d dedi. Antep\u2019te Enerji Verimlili\u011fi Dan\u0131\u015fmanl\u0131\u011f\u0131 Kulu\u00e7ka Merkezi kurduklar\u0131n\u0131 s\u00f6yleyen GAP [&hellip;]<\/p>\n","protected":false},"author":1,"featured_media":37132,"comment_status":"open","ping_status":"open","sticky":false,"template":"","format":"standard","meta":[],"categories":[53,52],"tags":[21805,63,67,1009,2698,165,12,21806,21807,2836,21808,793],"views":802,"_links":{"self":[{"href":"https:\/\/www.enerjigazetesi.ist\/en\/wp-json\/wp\/v2\/posts\/37131"}],"collection":[{"href":"https:\/\/www.enerjigazetesi.ist\/en\/wp-json\/wp\/v2\/posts"}],"about":[{"href":"https:\/\/www.enerjigazetesi.ist\/en\/wp-json\/wp\/v2\/types\/post"}],"author":[{"embeddable":true,"href":"https:\/\/www.enerjigazetesi.ist\/en\/wp-json\/wp\/v2\/users\/1"}],"replies":[{"embeddable":true,"href":"https:\/\/www.enerjigazetesi.ist\/en\/wp-json\/wp\/v2\/comments?post=37131"}],"version-history":[{"count":1,"href":"https:\/\/www.enerjigazetesi.ist\/en\/wp-json\/wp\/v2\/posts\/37131\/revisions"}],"predecessor-version":[{"id":37133,"href":"https:\/\/www.enerjigazetesi.ist\/en\/wp-json\/wp\/v2\/posts\/37131\/revisions\/37133"}],"wp:featuredmedia":[{"embeddable":true,"href":"https:\/\/www.enerjigazetesi.ist\/en\/wp-json\/wp\/v2\/media\/37132"}],"wp:attachment":[{"href":"https:\/\/www.enerjigazetesi.ist\/en\/wp-json\/wp\/v2\/media?parent=37131"}],"wp:term":[{"taxonomy":"category","embeddable":true,"href":"https:\/\/www.enerjigazetesi.ist\/en\/wp-json\/wp\/v2\/categories?post=37131"},{"taxonomy":"post_tag","embeddable":true,"href":"https:\/\/www.enerjigazetesi.ist\/en\/wp-json\/wp\/v2\/tags?post=37131"}],"curies":[{"name":"wp","href":"https:\/\/api.w.org\/{rel}","templated":true}]}}