{"id":37124,"date":"2015-03-10T17:08:15","date_gmt":"2015-03-10T14:08:15","guid":{"rendered":"https:\/\/www.enerjigazetesi.ist\/?p=37124"},"modified":"2015-03-10T17:08:52","modified_gmt":"2015-03-10T14:08:52","slug":"yorum-petrol-fiyatlarindaki-suni-dusus-dunya-piyasalarinda-nasil-karsilandi","status":"publish","type":"post","link":"https:\/\/www.enerjigazetesi.ist\/en\/yorum-petrol-fiyatlarindaki-suni-dusus-dunya-piyasalarinda-nasil-karsilandi\/","title":{"rendered":"(Turkish) Petrol Fiyatlar\u0131ndaki Suni D\u00fc\u015f\u00fc\u015f D\u00fcnya Piyasalar\u0131nda Nas\u0131l Kar\u015f\u0131land\u0131?"},"content":{"rendered":"<p class=\"qtranxs-available-languages-message qtranxs-available-languages-message-en\">Sorry, this entry is only available in <a href=\"https:\/\/www.enerjigazetesi.ist\/tr\/wp-json\/wp\/v2\/posts\/37124\" class=\"qtranxs-available-language-link qtranxs-available-language-link-tr\" title=\"Turkish\">Turkish<\/a>. For the sake of viewer convenience, the content is shown below in the alternative language. You may click the link to switch the active language.<\/p><p><\/p>\n<p style=\"color: #000000;\"><strong>Alt\u0131 y\u0131ld\u0131r hi\u00e7 bu kadar d\u00fc\u015fmeyen petrol fiyatlar\u0131nda \u015fimdi az da olsa bir y\u00fckseli\u015f g\u00f6r\u00fcld\u00fc. Temmuz ay\u0131ndan bu yana ilk defa ham petrol piyasas\u0131nda bir kar art\u0131\u015f\u0131 g\u00f6zlemlendi.<\/strong><\/p>\n<p style=\"color: #000000;\">\u015eubat ay\u0131nda Brent ham petrol fiyat\u0131 y\u00fczde 18.79, Bat\u0131 Teksas ortalamas\u0131 da y\u00fczde 4.46 oran\u0131nda art\u0131\u015f g\u00f6sterdi.<span id=\"more-70652\"><\/span><\/p>\n<p style=\"color: #000000;\">Ancak \u015eubat ay\u0131nda Birle\u015fik Devletler\u2019de petrol kuyusu sondajlama oran\u0131nda ise y\u00fczde 19.38 oran\u0131nda bir d\u00fc\u015f\u00fc\u015f ya\u015fand\u0131. Fakat ge\u00e7ti\u011fimiz ay bu \u00fclkedeki ham petrol stoklar\u0131 ise 8.4 milyon varil y\u00fckselme kaydetti.<a href=\"https:\/\/www.enerjigazetesi.ist\/wp-content\/uploads\/2015\/03\/yorum-petrol-fiyatlarindaki-suni-dusus-dunya-piyasalarinda-nasil-karsilandi.jpg\"><img loading=\"lazy\" class=\"alignright size-medium wp-image-37125\" src=\"https:\/\/www.enerjigazetesi.ist\/wp-content\/uploads\/2015\/03\/yorum-petrol-fiyatlarindaki-suni-dusus-dunya-piyasalarinda-nasil-karsilandi-300x145.jpg\" alt=\"yorum-petrol-fiyatlarindaki-suni-dusus-dunya-piyasalarinda-nasil-karsilandi\" width=\"300\" height=\"145\" srcset=\"https:\/\/www.enerjigazetesi.ist\/wp-content\/uploads\/2015\/03\/yorum-petrol-fiyatlarindaki-suni-dusus-dunya-piyasalarinda-nasil-karsilandi-300x145.jpg 300w, https:\/\/www.enerjigazetesi.ist\/wp-content\/uploads\/2015\/03\/yorum-petrol-fiyatlarindaki-suni-dusus-dunya-piyasalarinda-nasil-karsilandi-500x241.jpg 500w, https:\/\/www.enerjigazetesi.ist\/wp-content\/uploads\/2015\/03\/yorum-petrol-fiyatlarindaki-suni-dusus-dunya-piyasalarinda-nasil-karsilandi-80x38.jpg 80w, https:\/\/www.enerjigazetesi.ist\/wp-content\/uploads\/2015\/03\/yorum-petrol-fiyatlarindaki-suni-dusus-dunya-piyasalarinda-nasil-karsilandi.jpg 870w\" sizes=\"(max-width: 300px) 100vw, 300px\" \/><\/a><\/p>\n<p style=\"color: #000000;\">Orta Do\u011fu\u2019daki k\u00f6rfez \u00fclkeleri ge\u00e7ti\u011fimiz OPEC Zirvesi\u2019nden beri iyimser tavr\u0131n\u0131 devam ettiriyor. Bu durum petrol fiyatlar\u0131ndaki istikrar\u0131 art\u0131raca\u011f\u0131 d\u00fc\u015f\u00fcn\u00fcl\u00fcyor. Suudi Arabistan Petrol Bakan\u0131 Ali Naami yapt\u0131\u011f\u0131 a\u00e7\u0131klamalarda, \u00fclkesinin petrol fiyatlar\u0131nda istikrar sa\u011flanmas\u0131 i\u00e7in \u00e7aba sarf etti\u011fini belirtiyor.<\/p>\n<p style=\"color: #000000;\">Ali Naami, Suudi Arabistan Petrol Bakan\u0131: \u2018\u2018Suudi Arabistan pazardaki dengeyi korumaya \u00e7al\u0131\u015f\u0131yor. Ancak OPEC \u00fcyesi di\u011fer \u00fclkelerin de bu durumu desteklemesi gerekiyor. \u015eu anda b\u00f6yle davranm\u0131yorlar ancak elbette bir sebepleri vard\u0131r. Suudi Arabistan fikir birli\u011fi aramaya devam ediyor.\u2019\u2018<\/p>\n<p style=\"color: #000000;\">Di\u011fer \u00fclkeler gibi Suudi Arabistan\u2019da d\u00fc\u015f\u00fck fiyatlardan etkilendi. Petrol \u00fcretimi \u015eubat ay\u0131nda 9.8 milyon varille rekor bir seviyeye ula\u015ft\u0131. Fiyatlar varil ba\u015f\u0131na 100-115 dolar civar\u0131ndayken, Temmuz ay\u0131ndan itibaren yar\u0131 yar\u0131ya d\u00fc\u015ft\u00fc. \u015eu anda herkes merakla Temmuz ay\u0131ndaki yeni OPEC kararlar\u0131n\u0131 bekliyor. Acil bir durum sebebiyle erken bir zirve yap\u0131lmas\u0131 hen\u00fcz g\u00fcndemde yok.<\/p>\n<p style=\"color: #000000;\">Daleen Hassan, Euronews: \u2018\u2018\u0130stikrar ve d\u00fczen konusunda bir\u00e7ok soru mevcut. Bu durumu daha ayr\u0131nt\u0131l\u0131 bir \u015fekilde a\u00e7\u0131klamak i\u00e7in her zaman oldu\u011fu gibi Abu Dhabi ADS Menkul De\u011ferler\u2019den Nurettin El Hammuri\u2019ye ba\u011flan\u0131yoruz.\u2019\u2018<\/p>\n<p style=\"color: #000000;\">\u2018\u2018Merhaba Nurettin, \u015eubat ay\u0131ndaki art\u0131\u015f devam edecek mi yoksa petrol fiyatlar\u0131nda ani bir d\u00fc\u015f\u00fc\u015f m\u00fc ya\u015fanacak?\u2019\u2018<\/p>\n<p style=\"color: #000000;\">Nurettin El Hammuri, ADS Menkul De\u011ferler: \u2018\u2018Jeopolitik fakt\u00f6rlerin fiyat istikrar\u0131nda \u00f6nemli bir rol\u00fc bulunuyor. Rusya ile Ukrayna\u2019n\u0131n anla\u015fma sa\u011flamas\u0131 ve koalisyon g\u00fc\u00e7lerinin I\u015e\u0130D\u2019e kar\u015f\u0131 sald\u0131rarak Musul\u2019daki baz\u0131 petrol kuyular\u0131nda kontrol\u00fc yeniden ele ge\u00e7irmesi bu duruma zemin haz\u0131rlad\u0131.\u2019\u2018<\/p>\n<p style=\"color: #000000;\">\u2018\u2018Bununla birlikte son zamanlardaki durgunlu\u011fa ra\u011fmen Amerikan Dolar\u0131\u2019n\u0131n d\u00fcnya genelinde artmas\u0131 petrol fiyatlar\u0131n\u0131n d\u00fc\u015f\u00fck seyretmesinde etkin rol oynuyor. Dolar y\u00fckselmeye devam etti\u011fi s\u00fcrece petrol fiyatlar\u0131n\u0131 da etkilemeye devam edecek ve \u00f6n\u00fcm\u00fczdeki aylarda da ani bir art\u0131\u015f da g\u00f6r\u00fclmeyecek.\u2019\u2018<\/p>\n<p style=\"color: #000000;\">\u2018\u2018Bunun yan\u0131nda petrol \u00fcretimi artarken talepte d\u00fc\u015f\u00fc\u015f ya\u015fanmas\u0131 bekleniyor. Ayr\u0131ca \u00c7in gibi end\u00fcstri \u00fcr\u00fcnleri \u00fcreten \u00fclkelerdeki olumsuz ekonomik s\u00fcrecin Temmuz ay\u0131ndaki OPEC Zirvesi\u2019ne etki edece\u011fini de belirtmek istiyorum.\u2019\u2018<\/p>\n<p style=\"color: #000000;\">Daleen Hassan, Euronews: \u201c\u00dcretimde d\u00fc\u015f\u00fc\u015f g\u00f6r\u00fclmemesine ra\u011fmen k\u00f6rfezdeki Petrol Bakanlar\u0131\u2019n\u0131n a\u00e7\u0131klamalar\u0131 istikrara hangi noktada katk\u0131 sa\u011flad\u0131?\u2019\u2018<\/p>\n<p style=\"color: #000000;\">Nurettin El Hammuri, ADS Menkul De\u011ferler: \u2018\u2018Petrol Bakanlar\u0131\u2019n\u0131n a\u00e7\u0131klamalar\u0131 istikrar\u0131n sa\u011flanmas\u0131ndaki en b\u00fcy\u00fck etkiyi yapt\u0131. Piyasalar her zaman bu tarz a\u00e7\u0131klamalar\u0131 bekler. Bakanlar son zamanlardaki d\u00fc\u015f\u00fc\u015f\u00fcn ge\u00e7ici olup, fiyatlar\u0131n yak\u0131nda yeniden y\u00fckselece\u011fini s\u00f6yleyerek pazar\u0131 biraz olsun sakin tutmaya \u00e7al\u0131\u015ft\u0131. Bakanlar\u0131n konu hakk\u0131nda rahat olmas\u0131, \u00fcreticileri de eninde sonunda harekete ge\u00e7irecek ve yat\u0131r\u0131mc\u0131lar da yak\u0131n takiplerini s\u00fcrd\u00fcrerekler. B\u00f6ylece fiyatlar\u0131n \u00fczerindeki bask\u0131 da ortadan kalkm\u0131\u015f olacak.\u2019\u2018<\/p>\n<p style=\"color: #000000;\">Daleen Hassan, Euronews: \u2018\u2018Petrol fiyatlar\u0131 ge\u00e7en ay az da olsa artt\u0131, ancak hala \u00e7ok d\u00fc\u015f\u00fck bir seviyede. Bu durum K\u00f6rfez B\u00f6lgesi\u2019ni nas\u0131l etkileyecek?\u2019\u2018<\/p>\n<p style=\"color: #000000;\">Nurettin El Hammuri, ADS Menkul De\u011ferler: \u2018\u2018D\u00fc\u015f\u00fck fiyatlar K\u00f6rfez Arap \u00dclkeleri \u0130\u015fbirli\u011fi Konseyi \u00fcyeleri b\u00fct\u00e7elerinde zarara yol a\u00e7abilir. Bu durumda harcamalar\u0131n k\u0131s\u0131lmas\u0131na ve vergi art\u0131\u015f\u0131na sebebiyet verecektir.\u2019\u2018<br \/>\n\u2018\u2018Bu konseye \u00fcye \u00fclkelerin ellerindeki b\u00fcy\u00fck rezervleri unutmamak gerekir. \u00d6rne\u011fin baz\u0131 ara\u015ft\u0131rmalar Suudi Arabistan\u2019\u0131n d\u00fc\u015f\u00fck fiyatlar sekiz sene boyunca devam etse bile harcama planlar\u0131n\u0131 etkilemeden yoluna devam edebilece\u011fini g\u00f6sterdi. Ancak d\u00fc\u015f\u00fck petrol fiyatlar\u0131 uzun vadede K\u00f6rfez \u00dclkeleri\u2019ni ve bu b\u00f6lgede yap\u0131lmas\u0131 planlanan b\u00fcy\u00fck projeleri etkileyecektir.\u2019\u2018<\/p>\n<p style=\"color: #000000;\">Daleen Hassan, Euronews: \u2018\u2018ABD piyasalar\u0131na geri d\u00f6nersek kuyu sondajlamada d\u00fc\u015f\u00fc\u015f ve stoklarda art\u0131\u015f g\u00f6r\u00fcyoruz. Amerika\u2019daki petrol piyasas\u0131 bu durumdan nas\u0131l ekilenecek?\u2019\u2018<\/p>\n<p style=\"color: #000000;\">Nurettin El Hammuri, ADS Menkul De\u011ferler: \u2018\u2018Bat\u0131 Teksas ham petrol piyasas\u0131nda son zamanlarda ileriyi net bir \u015fekilde g\u00f6remiyoruz. Ancak suni y\u00fckseli\u015fteki bu d\u00fc\u015f\u00fc\u015f\u00fcn enerji sekt\u00f6r\u00fcne olumsuz yans\u0131yaca\u011f\u0131 \u00f6ng\u00f6r\u00fcl\u00fcyor. Ancak bu bask\u0131 alt\u0131nda yat\u0131r\u0131mlar art\u0131yor ve suni y\u00fckseli\u015fteki d\u00fc\u015f\u00fc\u015f de devam edecek. Bunun yan\u0131nda baz\u0131 iflas haberleri de alabiliriz.\u2019\u2018<\/p>\n<p style=\"color: #000000;\">\u2018\u2018Fiyatlara d\u00fczenleme ve piyasalara m\u00fcdahale edilmedik\u00e7e, enerji sekt\u00f6r\u00fc \u015fu anda h\u00fck\u00fcmete ve Bat\u0131 Teksas ham petrol fiyatlar\u0131na en az etkisi bulunan sekt\u00f6r.\u2019\u2018<\/p>\n<p style=\"color: #000000;\"><em><strong>Kerem \u00c7ongar \/\u00a0<a style=\"color: #c75615;\" href=\"http:\/\/tr.euronews.com\/2015\/03\/10\/petrol-fiyatlarindaki-suni-dusus-dunya-piyasalarinda-nasil-karsilandi\/\" target=\"_blank\" rel=\"nofollow\">euronews<\/a><\/strong><\/em><\/p>\n<p><\/p>","protected":false},"excerpt":{"rendered":"<p>Sorry, this entry is only available in Turkish. For the sake of viewer convenience, the content is shown below in the alternative language. You may click the link to switch the active language. Alt\u0131 y\u0131ld\u0131r hi\u00e7 bu kadar d\u00fc\u015fmeyen petrol fiyatlar\u0131nda \u015fimdi az da olsa bir y\u00fckseli\u015f g\u00f6r\u00fcld\u00fc. Temmuz ay\u0131ndan bu yana ilk defa ham [&hellip;]<\/p>\n","protected":false},"author":1,"featured_media":37125,"comment_status":"open","ping_status":"open","sticky":false,"template":"","format":"standard","meta":[],"categories":[53,44],"tags":[21800,21804,21801,63,67,1009,2698,165,13970,1377,21802,59,79,21803,11131],"views":623,"_links":{"self":[{"href":"https:\/\/www.enerjigazetesi.ist\/en\/wp-json\/wp\/v2\/posts\/37124"}],"collection":[{"href":"https:\/\/www.enerjigazetesi.ist\/en\/wp-json\/wp\/v2\/posts"}],"about":[{"href":"https:\/\/www.enerjigazetesi.ist\/en\/wp-json\/wp\/v2\/types\/post"}],"author":[{"embeddable":true,"href":"https:\/\/www.enerjigazetesi.ist\/en\/wp-json\/wp\/v2\/users\/1"}],"replies":[{"embeddable":true,"href":"https:\/\/www.enerjigazetesi.ist\/en\/wp-json\/wp\/v2\/comments?post=37124"}],"version-history":[{"count":3,"href":"https:\/\/www.enerjigazetesi.ist\/en\/wp-json\/wp\/v2\/posts\/37124\/revisions"}],"predecessor-version":[{"id":37128,"href":"https:\/\/www.enerjigazetesi.ist\/en\/wp-json\/wp\/v2\/posts\/37124\/revisions\/37128"}],"wp:featuredmedia":[{"embeddable":true,"href":"https:\/\/www.enerjigazetesi.ist\/en\/wp-json\/wp\/v2\/media\/37125"}],"wp:attachment":[{"href":"https:\/\/www.enerjigazetesi.ist\/en\/wp-json\/wp\/v2\/media?parent=37124"}],"wp:term":[{"taxonomy":"category","embeddable":true,"href":"https:\/\/www.enerjigazetesi.ist\/en\/wp-json\/wp\/v2\/categories?post=37124"},{"taxonomy":"post_tag","embeddable":true,"href":"https:\/\/www.enerjigazetesi.ist\/en\/wp-json\/wp\/v2\/tags?post=37124"}],"curies":[{"name":"wp","href":"https:\/\/api.w.org\/{rel}","templated":true}]}}