{"id":37092,"date":"2015-03-09T23:29:19","date_gmt":"2015-03-09T20:29:19","guid":{"rendered":"https:\/\/www.enerjigazetesi.ist\/?p=37092"},"modified":"2015-03-09T23:29:19","modified_gmt":"2015-03-09T20:29:19","slug":"opec-genel-sekreteri-el-badri-petrol-piyasasi-yakinda-dengelenecek","status":"publish","type":"post","link":"https:\/\/www.enerjigazetesi.ist\/en\/opec-genel-sekreteri-el-badri-petrol-piyasasi-yakinda-dengelenecek\/","title":{"rendered":"(Turkish) OPEC Genel Sekreteri El-Badri: \u201cPetrol Piyasas\u0131 Yak\u0131nda Dengelenecek&#8230;\u201d"},"content":{"rendered":"<p class=\"qtranxs-available-languages-message qtranxs-available-languages-message-en\">Sorry, this entry is only available in <a href=\"https:\/\/www.enerjigazetesi.ist\/tr\/wp-json\/wp\/v2\/posts\/37092\" class=\"qtranxs-available-language-link qtranxs-available-language-link-tr\" title=\"Turkish\">Turkish<\/a>. For the sake of viewer convenience, the content is shown below in the alternative language. You may click the link to switch the active language.<\/p><p><strong>Petrol \u0130hra\u00e7 Eden \u00dclkeler Organizasyonu (OPEC) Genel Sekreteri Abdalla El-Badri, k\u00fcresel petrol piyasas\u0131n\u0131n y\u0131l\u0131n ikinci yar\u0131s\u0131nda yeniden dengeye d\u00f6nece\u011fini s\u00f6yledi. G\u00fcnl\u00fck 2 milyon varil d\u00fczeyindeki arz fazlas\u0131, petrol fiyatlar\u0131n\u0131n gerilemesine yol a\u00e7m\u0131\u015ft\u0131.<\/strong><span id=\"more-70637\"><\/span><\/p>\n<p>Pazar g\u00fcn\u00fc Bahreyn\u2019de bir konferansta konu\u015fan El-Badri, 2014 y\u0131l\u0131nda talebin g\u00fcnl\u00fck 1 milyon varilin alt\u0131ndaki s<a href=\"https:\/\/www.enerjigazetesi.ist\/wp-content\/uploads\/2015\/03\/opec-genel-sekreteri-el-badri-petrol-piyasasi-yakinda-dengelenecek.jpg\"><img loading=\"lazy\" class=\"alignright size-medium wp-image-37093\" src=\"https:\/\/www.enerjigazetesi.ist\/wp-content\/uploads\/2015\/03\/opec-genel-sekreteri-el-badri-petrol-piyasasi-yakinda-dengelenecek-300x198.jpg\" alt=\"opec-genel-sekreteri-el-badri-petrol-piyasasi-yakinda-dengelenecek\" width=\"300\" height=\"198\" srcset=\"https:\/\/www.enerjigazetesi.ist\/wp-content\/uploads\/2015\/03\/opec-genel-sekreteri-el-badri-petrol-piyasasi-yakinda-dengelenecek-300x198.jpg 300w, https:\/\/www.enerjigazetesi.ist\/wp-content\/uploads\/2015\/03\/opec-genel-sekreteri-el-badri-petrol-piyasasi-yakinda-dengelenecek-500x331.jpg 500w, https:\/\/www.enerjigazetesi.ist\/wp-content\/uploads\/2015\/03\/opec-genel-sekreteri-el-badri-petrol-piyasasi-yakinda-dengelenecek-75x50.jpg 75w, https:\/\/www.enerjigazetesi.ist\/wp-content\/uploads\/2015\/03\/opec-genel-sekreteri-el-badri-petrol-piyasasi-yakinda-dengelenecek.jpg 690w\" sizes=\"(max-width: 300px) 100vw, 300px\" \/><\/a>eviyesi ile beklentilerden zay\u0131f oldu\u011funu ancak bu y\u0131l 1.2 milyon varile y\u00fckselece\u011fini belirtti.<\/p>\n<p>Petrol, ABD \u00fcreticilerinin 1983\u2019ten bu yana en h\u0131zl\u0131 \u00fcretimi ger\u00e7ekle\u015ftirmesi ile Haziran ay\u0131ndan bu yana yakla\u015f\u0131k y\u00fczde 50 geriledi. Fiyatlar, OPEC\u2019in 27 Kas\u0131m\u2019da \u00fcretimi sabit tutma karar\u0131 almas\u0131n\u0131n ard\u0131ndan \u00e7\u00f6k\u00fc\u015f ya\u015fad\u0131. OPEC, arz fazlas\u0131 sorunu kar\u015f\u0131s\u0131nda pazar pay\u0131n\u0131 korumay\u0131 tercih etti.<\/p>\n<p>OPEC\u2019in ABD kaya petrol\u00fc \u00fcretimi ve OPEC d\u0131\u015f\u0131 \u00fcretimdeki art\u0131\u015ftan dolay\u0131 \u00fcretimi d\u00fc\u015f\u00fcremeyece\u011fini dile getiren El-Badri, \u201cOPEC \u00fclkelerini yat\u0131r\u0131mlar\u0131 s\u00fcrd\u00fcrmeye ve ekonomilerini \u00e7e\u015fitlendirmeye \u00e7a\u011f\u0131rd\u0131. OPEC \u00fclkeleri ekonomilerinin pek \u00e7o\u011fu petrol gelirlerine dayan\u0131yor.<\/p>\n<p>El-Badri, \u201cKas\u0131m ay\u0131ndaki toplant\u0131da \u00fcretimde indirim karar\u0131 alsayd\u0131k, OPEC d\u0131\u015f\u0131 \u00fcreticilerden gelen arz\u0131n art\u0131\u015f g\u00f6stermesi ile Ocak ve Haziran aylar\u0131nda tekrar d\u00fc\u015f\u00fc\u015f ger\u00e7ekle\u015ftirmek zorunda kal\u0131rd\u0131k\u201d dedi.<\/p>\n<p>Kaynak: Enerji Enstit\u00fcs\u00fc<\/p>","protected":false},"excerpt":{"rendered":"<p>Sorry, this entry is only available in Turkish. For the sake of viewer convenience, the content is shown below in the alternative language. You may click the link to switch the active language.Petrol \u0130hra\u00e7 Eden \u00dclkeler Organizasyonu (OPEC) Genel Sekreteri Abdalla El-Badri, k\u00fcresel petrol piyasas\u0131n\u0131n y\u0131l\u0131n ikinci yar\u0131s\u0131nda yeniden dengeye d\u00f6nece\u011fini s\u00f6yledi. G\u00fcnl\u00fck 2 milyon [&hellip;]<\/p>\n","protected":false},"author":1,"featured_media":37093,"comment_status":"open","ping_status":"open","sticky":false,"template":"","format":"standard","meta":[],"categories":[53,44],"tags":[63,67,1009,2698,165,1377,21785,59,79,347,3484,887],"views":634,"_links":{"self":[{"href":"https:\/\/www.enerjigazetesi.ist\/en\/wp-json\/wp\/v2\/posts\/37092"}],"collection":[{"href":"https:\/\/www.enerjigazetesi.ist\/en\/wp-json\/wp\/v2\/posts"}],"about":[{"href":"https:\/\/www.enerjigazetesi.ist\/en\/wp-json\/wp\/v2\/types\/post"}],"author":[{"embeddable":true,"href":"https:\/\/www.enerjigazetesi.ist\/en\/wp-json\/wp\/v2\/users\/1"}],"replies":[{"embeddable":true,"href":"https:\/\/www.enerjigazetesi.ist\/en\/wp-json\/wp\/v2\/comments?post=37092"}],"version-history":[{"count":1,"href":"https:\/\/www.enerjigazetesi.ist\/en\/wp-json\/wp\/v2\/posts\/37092\/revisions"}],"predecessor-version":[{"id":37094,"href":"https:\/\/www.enerjigazetesi.ist\/en\/wp-json\/wp\/v2\/posts\/37092\/revisions\/37094"}],"wp:featuredmedia":[{"embeddable":true,"href":"https:\/\/www.enerjigazetesi.ist\/en\/wp-json\/wp\/v2\/media\/37093"}],"wp:attachment":[{"href":"https:\/\/www.enerjigazetesi.ist\/en\/wp-json\/wp\/v2\/media?parent=37092"}],"wp:term":[{"taxonomy":"category","embeddable":true,"href":"https:\/\/www.enerjigazetesi.ist\/en\/wp-json\/wp\/v2\/categories?post=37092"},{"taxonomy":"post_tag","embeddable":true,"href":"https:\/\/www.enerjigazetesi.ist\/en\/wp-json\/wp\/v2\/tags?post=37092"}],"curies":[{"name":"wp","href":"https:\/\/api.w.org\/{rel}","templated":true}]}}