{"id":37078,"date":"2015-03-09T12:50:03","date_gmt":"2015-03-09T09:50:03","guid":{"rendered":"https:\/\/www.enerjigazetesi.ist\/?p=37078"},"modified":"2015-03-09T23:16:04","modified_gmt":"2015-03-09T20:16:04","slug":"opec-petrol-arz-sikintisi-yasanacak","status":"publish","type":"post","link":"https:\/\/www.enerjigazetesi.ist\/en\/opec-petrol-arz-sikintisi-yasanacak\/","title":{"rendered":"(Turkish) OPEC: Petrol Arz S\u0131k\u0131nt\u0131s\u0131 Ya\u015fanacak&#8230;"},"content":{"rendered":"<p class=\"qtranxs-available-languages-message qtranxs-available-languages-message-en\">Sorry, this entry is only available in <a href=\"https:\/\/www.enerjigazetesi.ist\/tr\/wp-json\/wp\/v2\/posts\/37078\" class=\"qtranxs-available-language-link qtranxs-available-language-link-tr\" title=\"Turkish\">Turkish<\/a>. For the sake of viewer convenience, the content is shown below in the alternative language. You may click the link to switch the active language.<\/p><p><span style=\"color: #000000;\"><strong>OPEC`in \u00fcretim miktar\u0131n\u0131 de\u011fi\u015ftirmeme karar\u0131 ile zarar g\u00f6ren ABD kaya gaz\u0131 sekt\u00f6r\u00fc nedeniyle arz s\u0131k\u0131nt\u0131s\u0131 ya\u015fanaca\u011f\u0131 ifade edildi.<\/strong><a href=\"https:\/\/www.enerjigazetesi.ist\/wp-content\/uploads\/2015\/03\/opec-petrol-arz-sikintisi-yasanacak.jpg\"><img loading=\"lazy\" class=\"alignright size-medium wp-image-37079\" src=\"https:\/\/www.enerjigazetesi.ist\/wp-content\/uploads\/2015\/03\/opec-petrol-arz-sikintisi-yasanacak-300x144.jpg\" alt=\"opec-petrol-arz-sikintisi-yasanacak\" width=\"300\" height=\"144\" srcset=\"https:\/\/www.enerjigazetesi.ist\/wp-content\/uploads\/2015\/03\/opec-petrol-arz-sikintisi-yasanacak-300x144.jpg 300w, https:\/\/www.enerjigazetesi.ist\/wp-content\/uploads\/2015\/03\/opec-petrol-arz-sikintisi-yasanacak-500x241.jpg 500w, https:\/\/www.enerjigazetesi.ist\/wp-content\/uploads\/2015\/03\/opec-petrol-arz-sikintisi-yasanacak-80x38.jpg 80w, https:\/\/www.enerjigazetesi.ist\/wp-content\/uploads\/2015\/03\/opec-petrol-arz-sikintisi-yasanacak.jpg 615w\" sizes=\"(max-width: 300px) 100vw, 300px\" \/><\/a><\/span><\/p>\n<p>OPEC Genel Sekreteri Abdullah El Bedri, OPEC`in petrol fiyatlar\u0131n\u0131n geriledi\u011fi ortamda \u00fcretim miktar\u0131n\u0131 de\u011fi\u015ftirmeme karar\u0131n\u0131n ABD kaya gaz\u0131 sekt\u00f6r\u00fcne zarar vermekte oldu\u011funu ve yat\u0131r\u0131mlarda global bir geri \u00e7ekilmenin piyasay\u0131 tekrar yukar\u0131 itecek bir arz s\u0131k\u0131nt\u0131s\u0131na yol a\u00e7aca\u011f\u0131n\u0131 savundu.<\/p>\n<p>El-Bedri, &#8220;Projeler iptal ediliyor. Yat\u0131r\u0131mlar revize edildi. Maliyetlerde s\u0131k\u0131\u015fma var. E\u011fer daha fazla arz olmaz ise, bir arz a\u00e7\u0131\u011f\u0131 ortaya \u00e7\u0131kacak ve fiyatlar yeniden y\u00fckselecek&#8221; diye konu\u015ftu.<\/p>\n<p>Kaynak: <a href=\"http:\/\/enerjigunlugu.net\/opec:-petrol-arz-sikintisi-yasanacak_12606.html#.VP1sN_msV8E\" target=\"_blank\" rel=\"nofollow\">Enerji G\u00fcnl\u00fc\u011f\u00fc<\/a><\/p>","protected":false},"excerpt":{"rendered":"<p>Sorry, this entry is only available in Turkish. For the sake of viewer convenience, the content is shown below in the alternative language. You may click the link to switch the active language.OPEC`in \u00fcretim miktar\u0131n\u0131 de\u011fi\u015ftirmeme karar\u0131 ile zarar g\u00f6ren ABD kaya gaz\u0131 sekt\u00f6r\u00fc nedeniyle arz s\u0131k\u0131nt\u0131s\u0131 ya\u015fanaca\u011f\u0131 ifade edildi. OPEC Genel Sekreteri Abdullah El [&hellip;]<\/p>\n","protected":false},"author":1,"featured_media":37079,"comment_status":"open","ping_status":"open","sticky":false,"template":"","format":"standard","meta":[],"categories":[53,44],"tags":[1198,9995,21779,63,67,1009,2698,165,6007,168,1377,59,79],"views":723,"_links":{"self":[{"href":"https:\/\/www.enerjigazetesi.ist\/en\/wp-json\/wp\/v2\/posts\/37078"}],"collection":[{"href":"https:\/\/www.enerjigazetesi.ist\/en\/wp-json\/wp\/v2\/posts"}],"about":[{"href":"https:\/\/www.enerjigazetesi.ist\/en\/wp-json\/wp\/v2\/types\/post"}],"author":[{"embeddable":true,"href":"https:\/\/www.enerjigazetesi.ist\/en\/wp-json\/wp\/v2\/users\/1"}],"replies":[{"embeddable":true,"href":"https:\/\/www.enerjigazetesi.ist\/en\/wp-json\/wp\/v2\/comments?post=37078"}],"version-history":[{"count":2,"href":"https:\/\/www.enerjigazetesi.ist\/en\/wp-json\/wp\/v2\/posts\/37078\/revisions"}],"predecessor-version":[{"id":37084,"href":"https:\/\/www.enerjigazetesi.ist\/en\/wp-json\/wp\/v2\/posts\/37078\/revisions\/37084"}],"wp:featuredmedia":[{"embeddable":true,"href":"https:\/\/www.enerjigazetesi.ist\/en\/wp-json\/wp\/v2\/media\/37079"}],"wp:attachment":[{"href":"https:\/\/www.enerjigazetesi.ist\/en\/wp-json\/wp\/v2\/media?parent=37078"}],"wp:term":[{"taxonomy":"category","embeddable":true,"href":"https:\/\/www.enerjigazetesi.ist\/en\/wp-json\/wp\/v2\/categories?post=37078"},{"taxonomy":"post_tag","embeddable":true,"href":"https:\/\/www.enerjigazetesi.ist\/en\/wp-json\/wp\/v2\/tags?post=37078"}],"curies":[{"name":"wp","href":"https:\/\/api.w.org\/{rel}","templated":true}]}}