{"id":37075,"date":"2015-03-09T12:46:06","date_gmt":"2015-03-09T09:46:06","guid":{"rendered":"https:\/\/www.enerjigazetesi.ist\/?p=37075"},"modified":"2015-03-09T12:46:06","modified_gmt":"2015-03-09T09:46:06","slug":"bodrumda-res-protestosu","status":"publish","type":"post","link":"https:\/\/www.enerjigazetesi.ist\/en\/bodrumda-res-protestosu\/","title":{"rendered":"(Turkish) Bodrum\u2019da RES Protestosu!"},"content":{"rendered":"<p class=\"qtranxs-available-languages-message qtranxs-available-languages-message-en\">Sorry, this entry is only available in <a href=\"https:\/\/www.enerjigazetesi.ist\/tr\/wp-json\/wp\/v2\/posts\/37075\" class=\"qtranxs-available-language-link qtranxs-available-language-link-tr\" title=\"Turkish\">Turkish<\/a>. For the sake of viewer convenience, the content is shown below in the alternative language. You may click the link to switch the active language.<\/p><p><\/p>\n<p style=\"color: #000000;\"><strong>Mu\u011fla\u2019n\u0131n Bodrum \u0130l\u00e7esi\u2019nde, Bodrum Yar\u0131madas\u0131 \u00c7evre Koruma Platformu taraf\u0131ndan d\u00fczenlenen toplant\u0131yla Yal\u0131kavak ve Akyarlar mahallelerinde kurulmas\u0131 planlanan iki r\u00fczgar enerji santralinin (RES) arkeolojik ve do\u011fal S\u0130T alan\u0131 \u00fczerinde oldu\u011fu belirtilerek projenin iptal edilmesi istendi.<\/strong><span id=\"more-70626\"><\/span><\/p>\n<p style=\"color: #000000;\">R\u00fczgar Elektrik \u00dcretim Anonim \u015eirketi taraf\u0131ndan kurularak 49 y\u0131l i\u015fletilecek, 11.2 megavat g\u00fcc\u00fcnde y\u0131lda 48 milyon kWh elektrik \u00fcretmesi beklenen 13 r\u00fczgar t\u00fcrbininin yer alaca\u011f\u0131 Yal\u0131kavak Ma<a href=\"https:\/\/www.enerjigazetesi.ist\/wp-content\/uploads\/2015\/03\/bodrumda-res-protestosu.jpg\"><img loading=\"lazy\" class=\"alignright size-medium wp-image-37076\" src=\"https:\/\/www.enerjigazetesi.ist\/wp-content\/uploads\/2015\/03\/bodrumda-res-protestosu-300x169.jpg\" alt=\"bodrumda-res-protestosu\" width=\"300\" height=\"169\" srcset=\"https:\/\/www.enerjigazetesi.ist\/wp-content\/uploads\/2015\/03\/bodrumda-res-protestosu-300x169.jpg 300w, https:\/\/www.enerjigazetesi.ist\/wp-content\/uploads\/2015\/03\/bodrumda-res-protestosu-500x282.jpg 500w, https:\/\/www.enerjigazetesi.ist\/wp-content\/uploads\/2015\/03\/bodrumda-res-protestosu-80x45.jpg 80w, https:\/\/www.enerjigazetesi.ist\/wp-content\/uploads\/2015\/03\/bodrumda-res-protestosu.jpg 620w\" sizes=\"(max-width: 300px) 100vw, 300px\" \/><\/a>hallesi\u2019ndeki Geri\u015f R\u00fczgar Enerjisi Santrali Projesi ile Akyarlar Mahallesi\u2019nde yap\u0131lmas\u0131 planlanan Akyar R\u00fczgar Enerji Santrali Projesi\u2019ne tepkiler s\u00fcr\u00fcyor. Bodrum Yar\u0131madas\u0131 \u00c7evre Koruma Platformu taraf\u0131ndan bug\u00fcn Yal\u0131kavak Mahallesi\u2019ndeki Bodrum Belediyesi K\u00fclt\u00fcr ve Sanat Merkezi\u2019nde \u2018Bodrum\u2019da RES istemiyoruz\u2019 slogan\u0131yla bilgilendirme toplant\u0131s\u0131 d\u00fczenlendi. Toplant\u0131ya CHP Bodrum \u0130l\u00e7e Ba\u015fkan\u0131 Recai Seymen ile Bodrum Belediyesi Ba\u015fkan Yard\u0131mc\u0131s\u0131 Mustafa Saruhan, MHP Bodrum eski \u0130l\u00e7e Ba\u015fkan\u0131 As\u0131m Ba\u015faran, CHP\u2019li Bodrum Meclisi \u00fcyesi H\u00fcseyin \u00d6ztin, ve yakla\u015f\u0131k 150 k\u00f6yl\u00fc ve \u00e7evreci kat\u0131ld\u0131.<\/p>\n<p style=\"color: #000000;\">RES kar\u015f\u0131t\u0131 pankartlar a\u00e7\u0131lan toplant\u0131da Geri\u015f K\u00f6y\u00fc\u2019nde ya\u015fayan evli 4 \u00e7ocuk, 5 torun sahibi 68 ya\u015f\u0131ndaki Leyla Kayacan arazilerinde RES istemediklerini s\u00f6yledi. Kayacan, \u201cBug\u00fcne kadar bize bilgi vermeden arazilerimizi alarak kamula\u015ft\u0131rma yapt\u0131lar. Arazilerimizi ve k\u00f6y\u00fcm\u00fcz\u00fc nereye ta\u015f\u0131yaca\u011f\u0131z? Ama onlar RES\u2019i ba\u015fka bir yere kurabilirler. Arazilerimizin yan\u0131 ba\u015f\u0131nda RES istemiyoruz. Bodrum\u2019a yarardan \u00e7ok zarar getirecek\u201d dedi.<\/p>\n<p style=\"color: #000000;\"><strong>\u201cT\u00dcRB\u0130N \u00d6MR\u00dc YED\u0130 YIL NEDEN 49 YILLI\u011eINA K\u0130RALANIYOR\u201d<\/strong><\/p>\n<p style=\"color: #000000;\">Bodrum Yar\u0131madas\u0131 \u00c7evre Koruma Platformu S\u00f6zc\u00fcs\u00fc Mustafa Tan\u0131\u015f\u0131k, \u201cBu firmaya kamula\u015ft\u0131r\u0131lan araziler 49 y\u0131ll\u0131\u011f\u0131na veriliyor. Bir t\u00fcrbin \u00f6mr\u00fc 7 y\u0131l oldu\u011fu d\u00fc\u015f\u00fcn\u00fcl\u00fcrse geri kalan 42 y\u0131lda ne yap\u0131lacakt\u0131r? Ayr\u0131ca bu kamula\u015ft\u0131rma sadece sava\u015f y\u0131llar\u0131nda yap\u0131lan Kamula\u015ft\u0131rma Yasas\u0131 ile Torba Yasa ile \u00e7\u0131kar\u0131lm\u0131\u015ft\u0131r\u201d dedi.<\/p>\n<p style=\"color: #000000;\">Mustafa Tan\u0131\u015f\u0131k, ranta y\u00f6nelik yap\u0131lan bu kamula\u015ft\u0131rmayla Bodrum\u2019da bir \u00e7evre ve do\u011fa felaketi yarat\u0131laca\u011f\u0131n\u0131 belirterek, \u201cBu nedenle mutlaka halk bilgilendirilmeli bilin\u00e7lendirilmeli RES\u2019e de\u011fil RES kurmak i\u00e7in kamula\u015ft\u0131r\u0131lan araziler ve yerine kar\u015f\u0131y\u0131z\u201d dedi.<br \/>\nBodrum \u00c7evre G\u00f6n\u00fcll\u00fcleri Derne\u011fi S\u00f6zc\u00fcs\u00fc C\u00fcneyt Karalo\u011flu ise n\u00fckleer santrallere kar\u015f\u0131 yo\u011fun m\u00fccadele verildi\u011fi d\u00f6nemde RES\u2019lere kar\u015f\u0131 sava\u015fman\u0131n do\u011fru olmad\u0131\u011f\u0131n\u0131 d\u00fc\u015f\u00fcnd\u00fc\u011f\u00fcn\u00fc ifade etti.<\/p>\n<p style=\"color: #000000;\"><strong>\u201cBU T\u00dcR PROJELERDE B\u00d6LGE B\u00dcT\u00dcN OLARAK D\u00dc\u015e\u00dcN\u00dcLMEL\u0130\u201d<\/strong><\/p>\n<p style=\"color: #000000;\">15 y\u0131ld\u0131r Bodrum Yar\u0131madas\u0131\u2019nda tarihi k\u00fclt\u00fcrel ara\u015ft\u0131rmalar yapt\u0131\u011f\u0131n\u0131 belirten ve yar\u0131madan\u0131n k\u00fclt\u00fcrel ve tarihi de\u011ferleri hakk\u0131nda bilgi veren Mu\u011fla \u00dcniversitesi Arkeoloji B\u00f6l\u00fcm\u00fc Ba\u015fkan\u0131 Prof. Dr. Adnan Diler \u201cHer t\u00fcrl\u00fc enerji i\u00e7in her yerde giri\u015fimin yap\u0131lmas\u0131n\u0131n bu proje gibi do\u011fru olmad\u0131\u011f\u0131n\u0131 g\u00f6r\u00fcyoruz\u201d dedi. RES\u2019lerin kurulaca\u011f\u0131 arazinin yak\u0131n\u0131nda antik kent bulundu\u011funu kaydeden Prof. Dr. Diler, \u201c\u015eirketin koruma kurulundan g\u00f6r\u00fc\u015f ald\u0131\u011f\u0131n\u0131 \u00f6\u011frendik. RES\u2019lerin kurulaca\u011f\u0131 b\u00f6lgede antik kent ve tarihi eser olmayabilir ama onun yan\u0131ndaki b\u00f6lgede var. Bu t\u00fcr projelerde b\u00f6lgeyi bir b\u00fct\u00fcn olarak g\u00f6rmemiz gerekir\u201d diye konu\u015ftu.<\/p>\n<p style=\"color: #000000;\"><strong>\u201cRES\u2019LER\u0130 KURMAK \u0130\u00c7\u0130N S\u0130NS\u0130CE PLAN YAPMI\u015eLAR\u201d<\/strong><\/p>\n<p style=\"color: #000000;\">Bodrum Yar\u0131madas\u0131 \u00c7evre Platformu Ba\u015fkan\u0131 Remzi Kazmaz, Akyarlar ve Yal\u0131kavak\u2019a kurulacak RES\u2019ler i\u00e7in belden a\u015fa\u011f\u0131 ve sinsice yap\u0131lan plan ve hareketlerle izinler al\u0131nd\u0131\u011f\u0131n\u0131 ileri s\u00fcrd\u00fc. Kazmaz, \u015funlar\u0131 s\u00f6yledi:<\/p>\n<p style=\"color: #000000;\">\u201cYetmemi\u015f \u00c7ED gerekli de\u011fildir belgesi verilmi\u015f. Ayr\u0131ca \u015firket s\u00fcrekli olarak \u2018318 d\u00f6n\u00fcm arazi kullanaca\u011f\u0131z\u2019 diyerek, yalan s\u00f6ylemektedir. Halk\u0131 yan\u0131ltmaktad\u0131r. \u00c7evre ve \u015eehircilik Bakanl\u0131\u011f\u0131\u2019nda bu \u015firketin proje tan\u0131t\u0131m dosyas\u0131nda bu alan bizim dedi\u011fimiz gibi 14 milyon metrekare g\u00f6r\u00fclmekte. Bunun da sadece 1.4 milyon metrekaresi trib\u00fcnlerin kullan\u0131m\u0131 i\u00e7in kullan\u0131lacakt\u0131r. Ya\u015fam alanlar\u0131na, arkeolojik ve do\u011fal S\u0130T alanlar\u0131n\u0131 tehdit eden bu projenin ger\u00e7ekle\u015fmemesi i\u00e7in ne gerekiyorsa yapaca\u011f\u0131z. Bodrum\u2019a gerekmeyen bir enerji \u00e7al\u0131\u015fmas\u0131na \u2018evet\u2019 diyemeyiz. Halk i\u00e7in olmayan ancak halk\u0131 her y\u00f6nden ma\u011fdur edecek projeyi halk\u0131n iradesini kullanarak yapt\u0131rmayaca\u011f\u0131z. Acil kamula\u015ft\u0131rma yasas\u0131 ile rant ama\u00e7l\u0131 yap\u0131lan kamula\u015ft\u0131rma \u00e7al\u0131\u015fmas\u0131 da do\u011fru de\u011fildir.\u201d<\/p>\n<p style=\"color: #000000;\"><strong>\u015e\u0130RKET DE A\u00c7IKLAMA YAPTI<\/strong><\/p>\n<p style=\"color: #000000;\">Toplant\u0131 sonras\u0131nda hemen \u2018Bu \u0131srar\u0131n nedenini merak ediyoruz\u2019 ba\u015fl\u0131kl\u0131 bir a\u00e7\u0131klama yapan R\u00fczgar Enerji \u00dcretim A.\u015e. Genel M\u00fcd\u00fcr\u00fc Bertan Korkmaz, \u201cAkyarlar Tepeleri\u2019nde ve Geri\u015f Kayal\u0131klar\u0131\u2019nda kurulacak iki r\u00fczgar enerji \u00fcretim tesisine kar\u015f\u0131 \u00fcst \u00fcste yap\u0131lan a\u00e7\u0131klamalarla, bir karalama kampanyas\u0131 y\u00fcr\u00fct\u00fclmektedir\u201d dedi. \u015eirketin a\u00e7\u0131lamas\u0131nda \u015f\u00f6yle denildi:<\/p>\n<p style=\"color: #000000;\">\u201c\u0130ftira ve \u00e7arp\u0131tmalarla dolu bu a\u00e7\u0131klamalar\u0131n, iyi niyetli olmad\u0131\u011f\u0131ndan ve bilgi eksikli\u011fine dayanmad\u0131\u011f\u0131ndan art\u0131k ku\u015fkumuz kalmam\u0131\u015ft\u0131r. Kamuoyuyla projemizle ilgili ger\u00e7ekleri payla\u015ft\u0131k, bundan sonra da payla\u015fmaya haz\u0131r\u0131z. \u00c7\u00fcnk\u00fc yapt\u0131\u011f\u0131m\u0131z a\u00e7\u0131klamalarda verdi\u011fimiz rakamlar ve bilgiler, a\u00e7\u0131k bi\u00e7imde \u00e7arp\u0131t\u0131larak kullan\u0131lmaktad\u0131r. Bu ki\u015filerin cevaplar\u0131m\u0131z\u0131 \u2018yok sayma \u0131srar\u0131n\u0131\u2019 merak ediyoruz. As\u0131ls\u0131z iddialar\u0131 kar\u015f\u0131s\u0131nda kamuoyunu do\u011fru bilgilendirmek i\u00e7in yapt\u0131\u011f\u0131m\u0131z a\u00e7\u0131klamalar\u0131 g\u00f6rmezden gelmenin, \u2018iyi niyet\u2019 s\u0131n\u0131rlar\u0131 d\u0131\u015f\u0131nda oldu\u011funun da alt\u0131n\u0131 \u00f6zellikle \u00e7izmek istiyoruz. Bu \u0131srar\u0131n arkas\u0131nda yatan niyetleri \u015fimdilik kamuoyunun takdirine b\u0131rak\u0131rken, projemizle ilgili ger\u00e7ekleri bir kez daha hat\u0131rlatmak istiyoruz.\u201d<\/p>\n<p style=\"color: #000000;\">Devam\u0131 i\u00e7in<a style=\"color: #c75615;\" href=\"http:\/\/www.hurriyet.com.tr\/ege\/28394610.asp\" target=\"_blank\" rel=\"nofollow\">\u00a0t\u0131klay\u0131n\u0131z<\/a>&gt;&gt;&gt;<\/p>\n<p style=\"color: #000000;\">Kaynak: H\u00fcrriyet<\/p>\n<p><\/p>","protected":false},"excerpt":{"rendered":"<p>Sorry, this entry is only available in Turkish. For the sake of viewer convenience, the content is shown below in the alternative language. You may click the link to switch the active language. Mu\u011fla\u2019n\u0131n Bodrum \u0130l\u00e7esi\u2019nde, Bodrum Yar\u0131madas\u0131 \u00c7evre Koruma Platformu taraf\u0131ndan d\u00fczenlenen toplant\u0131yla Yal\u0131kavak ve Akyarlar mahallelerinde kurulmas\u0131 planlanan iki r\u00fczgar enerji santralinin (RES) [&hellip;]<\/p>\n","protected":false},"author":1,"featured_media":37076,"comment_status":"open","ping_status":"open","sticky":false,"template":"","format":"standard","meta":[],"categories":[53,50],"tags":[21776,21778,63,67,1009,2698,165,474,69,21777,233,16],"views":820,"_links":{"self":[{"href":"https:\/\/www.enerjigazetesi.ist\/en\/wp-json\/wp\/v2\/posts\/37075"}],"collection":[{"href":"https:\/\/www.enerjigazetesi.ist\/en\/wp-json\/wp\/v2\/posts"}],"about":[{"href":"https:\/\/www.enerjigazetesi.ist\/en\/wp-json\/wp\/v2\/types\/post"}],"author":[{"embeddable":true,"href":"https:\/\/www.enerjigazetesi.ist\/en\/wp-json\/wp\/v2\/users\/1"}],"replies":[{"embeddable":true,"href":"https:\/\/www.enerjigazetesi.ist\/en\/wp-json\/wp\/v2\/comments?post=37075"}],"version-history":[{"count":1,"href":"https:\/\/www.enerjigazetesi.ist\/en\/wp-json\/wp\/v2\/posts\/37075\/revisions"}],"predecessor-version":[{"id":37077,"href":"https:\/\/www.enerjigazetesi.ist\/en\/wp-json\/wp\/v2\/posts\/37075\/revisions\/37077"}],"wp:featuredmedia":[{"embeddable":true,"href":"https:\/\/www.enerjigazetesi.ist\/en\/wp-json\/wp\/v2\/media\/37076"}],"wp:attachment":[{"href":"https:\/\/www.enerjigazetesi.ist\/en\/wp-json\/wp\/v2\/media?parent=37075"}],"wp:term":[{"taxonomy":"category","embeddable":true,"href":"https:\/\/www.enerjigazetesi.ist\/en\/wp-json\/wp\/v2\/categories?post=37075"},{"taxonomy":"post_tag","embeddable":true,"href":"https:\/\/www.enerjigazetesi.ist\/en\/wp-json\/wp\/v2\/tags?post=37075"}],"curies":[{"name":"wp","href":"https:\/\/api.w.org\/{rel}","templated":true}]}}