{"id":37018,"date":"2015-03-08T12:19:23","date_gmt":"2015-03-08T09:19:23","guid":{"rendered":"https:\/\/www.enerjigazetesi.ist\/?p=37018"},"modified":"2015-03-08T12:19:23","modified_gmt":"2015-03-08T09:19:23","slug":"cin-gunes-elektrigi-gucunde-30-gwa-yaklasti","status":"publish","type":"post","link":"https:\/\/www.enerjigazetesi.ist\/en\/cin-gunes-elektrigi-gucunde-30-gwa-yaklasti\/","title":{"rendered":"(Turkish) \u00c7in G\u00fcne\u015f Elektri\u011fi G\u00fcc\u00fcnde 30 GW\u2019a Yakla\u015ft\u0131!"},"content":{"rendered":"<p class=\"qtranxs-available-languages-message qtranxs-available-languages-message-en\">Sorry, this entry is only available in <a href=\"https:\/\/www.enerjigazetesi.ist\/tr\/wp-json\/wp\/v2\/posts\/37018\" class=\"qtranxs-available-language-link qtranxs-available-language-link-tr\" title=\"Turkish\">Turkish<\/a>. For the sake of viewer convenience, the content is shown below in the alternative language. You may click the link to switch the active language.<\/p><p><strong>\u00c7in Ulusal Enerji \u0130daresi \u00fclkenin g\u00fcne\u015f elektri\u011fi sekt\u00f6r\u00fcnde 2014 y\u0131l\u0131nda ger\u00e7ekle\u015fen geli\u015fmeler ile ilgili resmi a\u00e7\u0131klama yapt\u0131.<\/strong><\/p>\n<p>\u0130dare taraf\u0131ndan yap\u0131lan yaz\u0131l\u0131 a\u00e7\u0131klamaya g\u00f6re \u00c7in\u2019in g\u00fcne\u015f elektri\u011fi g\u00fcc\u00fc 2014 y\u0131l\u0131nda 10,6 GW\u2019l\u0131k art\u0131\u015f ile 28,05 <a href=\"https:\/\/www.enerjigazetesi.ist\/wp-content\/uploads\/2015\/03\/cin-gunes-elektrigi-gucunde-30-gwa-yaklasti.jpg\"><img loading=\"lazy\" class=\"alignright size-medium wp-image-37019\" src=\"https:\/\/www.enerjigazetesi.ist\/wp-content\/uploads\/2015\/03\/cin-gunes-elektrigi-gucunde-30-gwa-yaklasti-300x163.jpg\" alt=\"cin-gunes-elektrigi-gucunde-30-gwa-yaklasti\" width=\"300\" height=\"163\" srcset=\"https:\/\/www.enerjigazetesi.ist\/wp-content\/uploads\/2015\/03\/cin-gunes-elektrigi-gucunde-30-gwa-yaklasti-300x163.jpg 300w, https:\/\/www.enerjigazetesi.ist\/wp-content\/uploads\/2015\/03\/cin-gunes-elektrigi-gucunde-30-gwa-yaklasti-80x43.jpg 80w, https:\/\/www.enerjigazetesi.ist\/wp-content\/uploads\/2015\/03\/cin-gunes-elektrigi-gucunde-30-gwa-yaklasti.jpg 460w\" sizes=\"(max-width: 300px) 100vw, 300px\" \/><\/a>GW\u2019a y\u00fckseldi.<\/p>\n<p>A\u00e7\u0131klamadaki bilgilere g\u00f6re bu g\u00fcc\u00fcn 23,38 GW\u2019l\u0131k b\u00f6l\u00fcm\u00fcn\u00fc santral yat\u0131r\u0131mlar\u0131 olu\u015ftururken, 4,67 GW\u2019l\u0131k b\u00f6l\u00fcm\u00fcn\u00fc ise da\u011f\u0131t\u0131k sistemler olu\u015fturmakta.<\/p>\n<p>2014 y\u0131l\u0131nda devreye giren yeni g\u00fc\u00e7 i\u00e7inde ise santral yat\u0131r\u0131mlar\u0131 8,55 GW\u2019l\u0131k pay sahibi olurken, da\u011f\u0131t\u0131k sistemlerin pay\u0131 ise 2,05 GW oldu.<\/p>\n<p>\u00c7in\u2019in g\u00fcne\u015f enerjisinden elektrik \u00fcretimi ise bir \u00f6nceki y\u0131la g\u00f6re y\u00fczde 200 oran\u0131nda art\u0131\u015f g\u00f6stererek 25 milyar kilovat-saat olarak ger\u00e7ekle\u015fti.<\/p>\n<p>\u00dclkedeki g\u00fcne\u015f elektri\u011fi ekipmanlar\u0131 \u00fcreticileri 2014 y\u0131l\u0131nda 33 GW g\u00fcc\u00fcnde mod\u00fcl \u00fcretimi ger\u00e7ekle\u015ftirirken, ihracatlar\u0131n\u0131 ise 2013\u2019e g\u00f6re y\u00fczde 17 oran\u0131nda y\u00fckselttiler.<\/p>\n<p>A\u00e7\u0131klamada d\u00fcnyadaki en b\u00fcy\u00fck 10 g\u00fcne\u015f elektri\u011fi mod\u00fcl\u00fc \u00fcreticisi s\u0131ralamas\u0131nda ilk d\u00f6rt \u015firketin, toplamda ise alt\u0131s\u0131n\u0131n \u00c7in\u2019de bulundu\u011funun da alt\u0131 \u00e7izildi.<\/p>\n<p>Kaynak: <a href=\"http:\/\/www.yesilekonomi.com\/gunes-elektrigi\/cin-gunes-elektrigi-gucunde-30-gwa-yaklasti\" target=\"_blank\" rel=\"nofollow\">Ye\u015fil Ekonomi<\/a><\/p>","protected":false},"excerpt":{"rendered":"<p>Sorry, this entry is only available in Turkish. For the sake of viewer convenience, the content is shown below in the alternative language. You may click the link to switch the active language.\u00c7in Ulusal Enerji \u0130daresi \u00fclkenin g\u00fcne\u015f elektri\u011fi sekt\u00f6r\u00fcnde 2014 y\u0131l\u0131nda ger\u00e7ekle\u015fen geli\u015fmeler ile ilgili resmi a\u00e7\u0131klama yapt\u0131. \u0130dare taraf\u0131ndan yap\u0131lan yaz\u0131l\u0131 a\u00e7\u0131klamaya g\u00f6re [&hellip;]<\/p>\n","protected":false},"author":1,"featured_media":37019,"comment_status":"open","ping_status":"open","sticky":false,"template":"","format":"standard","meta":[],"categories":[53,49],"tags":[886,19,63,67,1009,2698,165,2326,227,13,2569,105],"views":467,"_links":{"self":[{"href":"https:\/\/www.enerjigazetesi.ist\/en\/wp-json\/wp\/v2\/posts\/37018"}],"collection":[{"href":"https:\/\/www.enerjigazetesi.ist\/en\/wp-json\/wp\/v2\/posts"}],"about":[{"href":"https:\/\/www.enerjigazetesi.ist\/en\/wp-json\/wp\/v2\/types\/post"}],"author":[{"embeddable":true,"href":"https:\/\/www.enerjigazetesi.ist\/en\/wp-json\/wp\/v2\/users\/1"}],"replies":[{"embeddable":true,"href":"https:\/\/www.enerjigazetesi.ist\/en\/wp-json\/wp\/v2\/comments?post=37018"}],"version-history":[{"count":1,"href":"https:\/\/www.enerjigazetesi.ist\/en\/wp-json\/wp\/v2\/posts\/37018\/revisions"}],"predecessor-version":[{"id":37020,"href":"https:\/\/www.enerjigazetesi.ist\/en\/wp-json\/wp\/v2\/posts\/37018\/revisions\/37020"}],"wp:featuredmedia":[{"embeddable":true,"href":"https:\/\/www.enerjigazetesi.ist\/en\/wp-json\/wp\/v2\/media\/37019"}],"wp:attachment":[{"href":"https:\/\/www.enerjigazetesi.ist\/en\/wp-json\/wp\/v2\/media?parent=37018"}],"wp:term":[{"taxonomy":"category","embeddable":true,"href":"https:\/\/www.enerjigazetesi.ist\/en\/wp-json\/wp\/v2\/categories?post=37018"},{"taxonomy":"post_tag","embeddable":true,"href":"https:\/\/www.enerjigazetesi.ist\/en\/wp-json\/wp\/v2\/tags?post=37018"}],"curies":[{"name":"wp","href":"https:\/\/api.w.org\/{rel}","templated":true}]}}