{"id":37015,"date":"2015-03-07T17:01:00","date_gmt":"2015-03-07T14:01:00","guid":{"rendered":"https:\/\/www.enerjigazetesi.ist\/?p=37015"},"modified":"2015-03-07T17:03:20","modified_gmt":"2015-03-07T14:03:20","slug":"led-led-aydinlatma-ve-electronist-fuarlari-sektorleri-biraraya-getiriyor","status":"publish","type":"post","link":"https:\/\/www.enerjigazetesi.ist\/en\/led-led-aydinlatma-ve-electronist-fuarlari-sektorleri-biraraya-getiriyor\/","title":{"rendered":"(Turkish) Led&#038;Led Ayd\u0131nlatma ve Electronist Sekt\u00f6rleri Biraraya Getiriyor!"},"content":{"rendered":"<p class=\"qtranxs-available-languages-message qtranxs-available-languages-message-en\">Sorry, this entry is only available in <a href=\"https:\/\/www.enerjigazetesi.ist\/tr\/wp-json\/wp\/v2\/posts\/37015\" class=\"qtranxs-available-language-link qtranxs-available-language-link-tr\" title=\"Turkish\">Turkish<\/a>. For the sake of viewer convenience, the content is shown below in the alternative language. You may click the link to switch the active language.<\/p><p><strong>01-04 Ekim 2015 tarihlerinde \u0130stanbul Fuar Merkezi (\u0130FM)\u2019nde d\u00fczenlenecek olan 11. Uluslararas\u0131 Led&amp;Led Ayd\u0131nlatma ve 4. Uluslararas\u0131 Electronist Fuarlar\u0131 sekt\u00f6rlerin yurti\u00e7indeki tek fuarlar\u0131d\u0131r.<\/strong><br \/>\n<a href=\"https:\/\/www.enerjigazetesi.ist\/wp-content\/uploads\/2014\/08\/sektorun-en-onemli-firmalari-ledled-aydinlatma-fuarinda.png\"><img loading=\"lazy\" class=\"alignleft wp-image-30708 size-medium\" src=\"https:\/\/www.enerjigazetesi.ist\/wp-content\/uploads\/2014\/08\/sektorun-en-onemli-firmalari-ledled-aydinlatma-fuarinda-300x193.png\" alt=\"sektorun-en-onemli-firmalari-ledled-aydinlatma-fuarinda\" width=\"300\" height=\"193\" srcset=\"https:\/\/www.enerjigazetesi.ist\/wp-content\/uploads\/2014\/08\/sektorun-en-onemli-firmalari-ledled-aydinlatma-fuarinda-300x193.png 300w, https:\/\/www.enerjigazetesi.ist\/wp-content\/uploads\/2014\/08\/sektorun-en-onemli-firmalari-ledled-aydinlatma-fuarinda-500x322.png 500w, https:\/\/www.enerjigazetesi.ist\/wp-content\/uploads\/2014\/08\/sektorun-en-onemli-firmalari-ledled-aydinlatma-fuarinda-77x50.png 77w, https:\/\/www.enerjigazetesi.ist\/wp-content\/uploads\/2014\/08\/sektorun-en-onemli-firmalari-ledled-aydinlatma-fuarinda.png 511w\" sizes=\"(max-width: 300px) 100vw, 300px\" \/><\/a><br \/>\nLED ve LED\u2019li \u00fcr\u00fcnlerdeki geli\u015fmeler ile pazardaki geni\u015flemenin tamam\u0131n\u0131n bir arada g\u00f6r\u00fclebildi\u011fi fuar olan Led&amp;Led Ayd\u0131nlatma Fuar\u0131, her ge\u00e7en y\u0131l bu alandaki t\u00fcm ticaretin ger\u00e7ekle\u015fti\u011fi alan olma \u00f6zelli\u011fini de peki\u015ftirip b\u00fcy\u00fcyerek yoluna devam etmektedir.<\/p>\n<p>Elektronik Yan Sanayi, Komponentler, G\u00fc\u00e7 Kaynaklar\u0131 ve G\u00f6m\u00fcl\u00fc Sistemler ile ilgili d\u00fcnyan\u0131n az say\u0131daki fuarlar\u0131ndan biri olan Electronist Fuar\u0131 yurti\u00e7i ve yurtd\u0131\u015f\u0131 ziyaret\u00e7ileri haricinde yurtd\u0131\u015f\u0131ndan gelen \u00e7ok \u00f6nemli al\u0131c\u0131lar\u0131n da dikkatini \u00e7ekmektedir.<\/p>\n<p>Sizi de sekt\u00f6rlerin bulu\u015ftu\u011fu ve t\u00fcm b\u00f6lgede sekt\u00f6r firmalar\u0131 taraf\u0131ndan ilgi ile izlenen fuarlarda yerinizi almaya bekliyoruz\u2026<\/p>\n<p>Yay\u0131nc\u0131: <a href=\"https:\/\/www.enerjigazetesi.ist\">Enerji Gazetesi<\/a><\/p>","protected":false},"excerpt":{"rendered":"<p>Sorry, this entry is only available in Turkish. For the sake of viewer convenience, the content is shown below in the alternative language. You may click the link to switch the active language.01-04 Ekim 2015 tarihlerinde \u0130stanbul Fuar Merkezi (\u0130FM)\u2019nde d\u00fczenlenecek olan 11. Uluslararas\u0131 Led&amp;Led Ayd\u0131nlatma ve 4. Uluslararas\u0131 Electronist Fuarlar\u0131 sekt\u00f6rlerin yurti\u00e7indeki tek fuarlar\u0131d\u0131r. [&hellip;]<\/p>\n","protected":false},"author":1,"featured_media":30708,"comment_status":"open","ping_status":"open","sticky":false,"template":"","format":"standard","meta":[],"categories":[53,52],"tags":[18425,21741,63,67,1009,165,17525,2898],"views":628,"_links":{"self":[{"href":"https:\/\/www.enerjigazetesi.ist\/en\/wp-json\/wp\/v2\/posts\/37015"}],"collection":[{"href":"https:\/\/www.enerjigazetesi.ist\/en\/wp-json\/wp\/v2\/posts"}],"about":[{"href":"https:\/\/www.enerjigazetesi.ist\/en\/wp-json\/wp\/v2\/types\/post"}],"author":[{"embeddable":true,"href":"https:\/\/www.enerjigazetesi.ist\/en\/wp-json\/wp\/v2\/users\/1"}],"replies":[{"embeddable":true,"href":"https:\/\/www.enerjigazetesi.ist\/en\/wp-json\/wp\/v2\/comments?post=37015"}],"version-history":[{"count":2,"href":"https:\/\/www.enerjigazetesi.ist\/en\/wp-json\/wp\/v2\/posts\/37015\/revisions"}],"predecessor-version":[{"id":37017,"href":"https:\/\/www.enerjigazetesi.ist\/en\/wp-json\/wp\/v2\/posts\/37015\/revisions\/37017"}],"wp:featuredmedia":[{"embeddable":true,"href":"https:\/\/www.enerjigazetesi.ist\/en\/wp-json\/wp\/v2\/media\/30708"}],"wp:attachment":[{"href":"https:\/\/www.enerjigazetesi.ist\/en\/wp-json\/wp\/v2\/media?parent=37015"}],"wp:term":[{"taxonomy":"category","embeddable":true,"href":"https:\/\/www.enerjigazetesi.ist\/en\/wp-json\/wp\/v2\/categories?post=37015"},{"taxonomy":"post_tag","embeddable":true,"href":"https:\/\/www.enerjigazetesi.ist\/en\/wp-json\/wp\/v2\/tags?post=37015"}],"curies":[{"name":"wp","href":"https:\/\/api.w.org\/{rel}","templated":true}]}}