{"id":37013,"date":"2015-03-07T16:52:55","date_gmt":"2015-03-07T13:52:55","guid":{"rendered":"https:\/\/www.enerjigazetesi.ist\/?p=37013"},"modified":"2015-03-07T16:52:55","modified_gmt":"2015-03-07T13:52:55","slug":"elex-2015-fuari-sektorle-bulusuyor","status":"publish","type":"post","link":"https:\/\/www.enerjigazetesi.ist\/en\/elex-2015-fuari-sektorle-bulusuyor\/","title":{"rendered":"(Turkish) ELEX 2015 Fuar\u0131 Sekt\u00f6rle Bulu\u015fuyor&#8230;"},"content":{"rendered":"<p class=\"qtranxs-available-languages-message qtranxs-available-languages-message-en\">Sorry, this entry is only available in <a href=\"https:\/\/www.enerjigazetesi.ist\/tr\/wp-json\/wp\/v2\/posts\/37013\" class=\"qtranxs-available-language-link qtranxs-available-language-link-tr\" title=\"Turkish\">Turkish<\/a>. For the sake of viewer convenience, the content is shown below in the alternative language. You may click the link to switch the active language.<\/p><p><strong>Elektrik Malzemeleri, Elektrik \u0130letimi ve Da\u011f\u0131t\u0131m\u0131 alanlar\u0131nda T\u00fcrkiye\u2019nin \u201ctek sekt\u00f6r fuar\u0131\u201d olan\u00a0ELEX Fuar\u0131,\u00a01\u20134 Ekim 2015\u00a0tarihleri aras\u0131nda\u00a0\u0130stanbul Fuar Merkezi\u2019nde 4. kez ger\u00e7ekle\u015fiyor.<\/strong><\/p>\n<p>\u0130lk d\u00fczenlendi\u011fi y\u0131lda elektri\u011fin \u00fcretildi\u011fi noktadan, binalar\u0131m\u0131z\u0131n d\u0131\u015f\u0131ndaki panolara kadar olan kesimini kapsay<a href=\"https:\/\/www.enerjigazetesi.ist\/wp-content\/uploads\/2014\/08\/ortadogu-kuzey-afrika-ve-dogu-avrupa-elexte-bir-araya-geliyor.jpg\"><img loading=\"lazy\" class=\"alignright size-medium wp-image-30698\" src=\"https:\/\/www.enerjigazetesi.ist\/wp-content\/uploads\/2014\/08\/ortadogu-kuzey-afrika-ve-dogu-avrupa-elexte-bir-araya-geliyor-300x199.jpg\" alt=\"ortadogu-kuzey-afrika-ve-dogu-avrupa-elexte-bir-araya-geliyor\" width=\"300\" height=\"199\" srcset=\"https:\/\/www.enerjigazetesi.ist\/wp-content\/uploads\/2014\/08\/ortadogu-kuzey-afrika-ve-dogu-avrupa-elexte-bir-araya-geliyor-300x199.jpg 300w, https:\/\/www.enerjigazetesi.ist\/wp-content\/uploads\/2014\/08\/ortadogu-kuzey-afrika-ve-dogu-avrupa-elexte-bir-araya-geliyor-500x332.jpg 500w, https:\/\/www.enerjigazetesi.ist\/wp-content\/uploads\/2014\/08\/ortadogu-kuzey-afrika-ve-dogu-avrupa-elexte-bir-araya-geliyor-75x50.jpg 75w, https:\/\/www.enerjigazetesi.ist\/wp-content\/uploads\/2014\/08\/ortadogu-kuzey-afrika-ve-dogu-avrupa-elexte-bir-araya-geliyor.jpg 600w\" sizes=\"(max-width: 300px) 100vw, 300px\" \/><\/a>an\u00a0<strong>ELEX Fuar\u0131,<\/strong>\u00a02014 y\u0131l\u0131ndan itibaren daha geni\u015f bir i\u00e7erik ile d\u00fczenlenmeye ba\u015fland\u0131. Yap\u0131lan de\u011fi\u015fiklikle birlikte 2014 y\u0131l\u0131nda sergilenen \u00fcr\u00fcnler d\u00e2hilinde, geni\u015fleyen kapsam\u0131na paralel olarak \u00f6ncelikle kat\u0131l\u0131mc\u0131 say\u0131s\u0131nda ya\u015fanan art\u0131\u015f, fuarda ziyaret\u00e7i art\u0131\u015f\u0131 olarak da kendisini g\u00f6sterdi.<\/p>\n<p>Elektrik sekt\u00f6r\u00fcnde d\u00fcnyan\u0131n en b\u00fcy\u00fck be\u015finci ekonomisi olan T\u00fcrkiye\u2019nin sekt\u00f6rdeki g\u00fcc\u00fcn\u00fc g\u00f6sterece\u011fi bir fuar olmas\u0131 hedeflenerek d\u00fczenlenen\u00a0<strong>ELEX Fuar\u2019\u0131<\/strong>, D\u0131\u015f Tesisat, Bina\/Tesis Giri\u015fi ve \u0130\u00e7 Tesisat olmak \u00fczere 3 ana b\u00f6l\u00fcm olarak projelendirildi.<\/p>\n<p><strong>ELEX Fuar\u0131<\/strong>, T\u00fcrkiye\u2019de elektrik sekt\u00f6r\u00fcn\u00fcn bir\u00e7ok sekt\u00f6r\u00fcn yan\u0131nda yer ald\u0131\u011f\u0131 bir proje olarak de\u011fil, elektrik sekt\u00f6r\u00fcn\u00fcn tek ba\u015f\u0131na yer alaca\u011f\u0131 bir proje olarak planland\u0131. Daha \u00e7ok\u00a0<strong>\u201cTeknik Elektrik Fuar\u0131\u201d<\/strong>olarak tan\u0131mlanan\u00a0<strong>ELEX Fuar\u0131<\/strong>\u2019n\u0131n, yurt i\u00e7inde olu\u015fan \u00f6nemli bir bo\u015flu\u011fu doldurmas\u0131 ama\u00e7lanmaktad\u0131r. D\u00fcnyan\u0131n bir\u00e7ok b\u00f6lgesinden al\u0131c\u0131lar taraf\u0131ndan izlenen, takip edilen ve ziyaret edilen\u00a0<strong>ELEX Fuar\u0131<\/strong>\u2019n\u0131n, gelecek y\u0131llarda kat\u0131l\u0131mc\u0131 ile ziyaret\u00e7i say\u0131s\u0131n\u0131 art\u0131rmas\u0131 ve d\u00fcnyan\u0131n en \u00f6nemli fuarlar\u0131ndan birisi olmas\u0131 hedeflenmektedir.<\/p>\n<p>Yay\u0131nc\u0131: <a href=\"https:\/\/www.enerjigazetesi.ist\" target=\"_blank\">Enerji Gazetesi<\/a><\/p>","protected":false},"excerpt":{"rendered":"<p>Sorry, this entry is only available in Turkish. For the sake of viewer convenience, the content is shown below in the alternative language. You may click the link to switch the active language.Elektrik Malzemeleri, Elektrik \u0130letimi ve Da\u011f\u0131t\u0131m\u0131 alanlar\u0131nda T\u00fcrkiye\u2019nin \u201ctek sekt\u00f6r fuar\u0131\u201d olan\u00a0ELEX Fuar\u0131,\u00a01\u20134 Ekim 2015\u00a0tarihleri aras\u0131nda\u00a0\u0130stanbul Fuar Merkezi\u2019nde 4. kez ger\u00e7ekle\u015fiyor. \u0130lk d\u00fczenlendi\u011fi [&hellip;]<\/p>\n","protected":false},"author":1,"featured_media":26670,"comment_status":"open","ping_status":"open","sticky":false,"template":"","format":"standard","meta":[],"categories":[51,53],"tags":[5531,21740,2895,63,67,1009,2698,165],"views":735,"_links":{"self":[{"href":"https:\/\/www.enerjigazetesi.ist\/en\/wp-json\/wp\/v2\/posts\/37013"}],"collection":[{"href":"https:\/\/www.enerjigazetesi.ist\/en\/wp-json\/wp\/v2\/posts"}],"about":[{"href":"https:\/\/www.enerjigazetesi.ist\/en\/wp-json\/wp\/v2\/types\/post"}],"author":[{"embeddable":true,"href":"https:\/\/www.enerjigazetesi.ist\/en\/wp-json\/wp\/v2\/users\/1"}],"replies":[{"embeddable":true,"href":"https:\/\/www.enerjigazetesi.ist\/en\/wp-json\/wp\/v2\/comments?post=37013"}],"version-history":[{"count":1,"href":"https:\/\/www.enerjigazetesi.ist\/en\/wp-json\/wp\/v2\/posts\/37013\/revisions"}],"predecessor-version":[{"id":37014,"href":"https:\/\/www.enerjigazetesi.ist\/en\/wp-json\/wp\/v2\/posts\/37013\/revisions\/37014"}],"wp:featuredmedia":[{"embeddable":true,"href":"https:\/\/www.enerjigazetesi.ist\/en\/wp-json\/wp\/v2\/media\/26670"}],"wp:attachment":[{"href":"https:\/\/www.enerjigazetesi.ist\/en\/wp-json\/wp\/v2\/media?parent=37013"}],"wp:term":[{"taxonomy":"category","embeddable":true,"href":"https:\/\/www.enerjigazetesi.ist\/en\/wp-json\/wp\/v2\/categories?post=37013"},{"taxonomy":"post_tag","embeddable":true,"href":"https:\/\/www.enerjigazetesi.ist\/en\/wp-json\/wp\/v2\/tags?post=37013"}],"curies":[{"name":"wp","href":"https:\/\/api.w.org\/{rel}","templated":true}]}}