{"id":37003,"date":"2015-03-07T16:33:22","date_gmt":"2015-03-07T13:33:22","guid":{"rendered":"https:\/\/www.enerjigazetesi.ist\/?p=37003"},"modified":"2015-03-07T16:33:22","modified_gmt":"2015-03-07T13:33:22","slug":"bulgaristan-turk-akimi-ile-gaz-alimina-hazir","status":"publish","type":"post","link":"https:\/\/www.enerjigazetesi.ist\/en\/bulgaristan-turk-akimi-ile-gaz-alimina-hazir\/","title":{"rendered":"(Turkish) Bulgaristan T\u00fcrk Ak\u0131m\u0131 \u0130le Gaz Al\u0131m\u0131na Haz\u0131r!"},"content":{"rendered":"<p class=\"qtranxs-available-languages-message qtranxs-available-languages-message-en\">Sorry, this entry is only available in <a href=\"https:\/\/www.enerjigazetesi.ist\/tr\/wp-json\/wp\/v2\/posts\/37003\" class=\"qtranxs-available-language-link qtranxs-available-language-link-tr\" title=\"Turkish\">Turkish<\/a>. For the sake of viewer convenience, the content is shown below in the alternative language. You may click the link to switch the active language.<\/p><p><strong>Bulgaristan, Rusya do\u011falgaz\u0131n\u0131 T\u00fcrk Ak\u0131m\u0131 \u00fczerinden almak i\u00e7in \u015fartlar\u0131 g\u00f6r\u00fc\u015fmeye haz\u0131r oldu\u011fu<\/strong><a href=\"https:\/\/www.enerjigazetesi.ist\/wp-content\/uploads\/2015\/03\/bulgaristan-turk-akimi-ile-gaz-alimina-hazir.jpg\"><img loading=\"lazy\" class=\"alignright size-medium wp-image-37004\" src=\"https:\/\/www.enerjigazetesi.ist\/wp-content\/uploads\/2015\/03\/bulgaristan-turk-akimi-ile-gaz-alimina-hazir-300x190.jpg\" alt=\"bulgaristan-turk-akimi-ile-gaz-alimina-hazir\" width=\"300\" height=\"190\" srcset=\"https:\/\/www.enerjigazetesi.ist\/wp-content\/uploads\/2015\/03\/bulgaristan-turk-akimi-ile-gaz-alimina-hazir-300x190.jpg 300w, https:\/\/www.enerjigazetesi.ist\/wp-content\/uploads\/2015\/03\/bulgaristan-turk-akimi-ile-gaz-alimina-hazir-500x317.jpg 500w, https:\/\/www.enerjigazetesi.ist\/wp-content\/uploads\/2015\/03\/bulgaristan-turk-akimi-ile-gaz-alimina-hazir-80x50.jpg 80w, https:\/\/www.enerjigazetesi.ist\/wp-content\/uploads\/2015\/03\/bulgaristan-turk-akimi-ile-gaz-alimina-hazir.jpg 600w\" sizes=\"(max-width: 300px) 100vw, 300px\" \/><\/a><strong>nu a\u00e7\u0131klad\u0131.<\/strong><\/p>\n<p>Bulgaristan Ba\u015fbakan Yard\u0131mc\u0131s\u0131 Ivaylo Kalfin, Bulgaristan i\u00e7in Rus gaz\u0131n\u0131n alternatifi olmad\u0131\u011f\u0131n\u0131 belirterek, Rus gaz\u0131n\u0131 T\u00fcrk Ak\u0131m \u00fczerinden almak i\u00e7in \u015fartlar\u0131 g\u00f6r\u00fc\u015fmeye haz\u0131r olduklar\u0131n\u0131 s\u00f6yledi.<\/p>\n<p><strong>RUS GAZININ ALTERNAT\u0130F\u0130 YOK<\/strong><\/p>\n<p>Rusya Federal Konsey D\u0131\u015fi\u015fleri Komitesi Ba\u015fkan\u0131 Konstantin Kosachev ile g\u00f6r\u00fc\u015fen Kalfin, &#8220;\u015eu anda Avrupa, Rusya`dan gaz tedarikini s\u0131n\u0131rlamaya \u00e7al\u0131\u015f\u0131yor. Ancak alternatif yok. Bulgar h\u00fck\u00fcmetinin pozisyonu bu&#8221; diye konu\u015ftu.<\/p>\n<p>Ocak ay\u0131nda Bulgar H\u00fck\u00fcmetinin G\u00fcney Ak\u0131m do\u011falgaz boru hatt\u0131 in\u015fas\u0131n\u0131 hala yapaca\u011f\u0131 \u00f6ncelikli i\u015fler aras\u0131nda ele ald\u0131\u011f\u0131 ifade edilmi\u015fti.<\/p>\n<p>Kaynak: <a href=\"http:\/\/enerjigunlugu.net\/bulgaristan-turk-akimi-ile-gaz-alimina-hazir_12569.html\" target=\"_blank\" rel=\"nofollow\">Enerji G\u00fcnl\u00fc\u011f\u00fc<\/a><\/p>","protected":false},"excerpt":{"rendered":"<p>Sorry, this entry is only available in Turkish. For the sake of viewer convenience, the content is shown below in the alternative language. You may click the link to switch the active language.Bulgaristan, Rusya do\u011falgaz\u0131n\u0131 T\u00fcrk Ak\u0131m\u0131 \u00fczerinden almak i\u00e7in \u015fartlar\u0131 g\u00f6r\u00fc\u015fmeye haz\u0131r oldu\u011funu a\u00e7\u0131klad\u0131. Bulgaristan Ba\u015fbakan Yard\u0131mc\u0131s\u0131 Ivaylo Kalfin, Bulgaristan i\u00e7in Rus gaz\u0131n\u0131n alternatifi [&hellip;]<\/p>\n","protected":false},"author":1,"featured_media":37004,"comment_status":"open","ping_status":"open","sticky":false,"template":"","format":"standard","meta":[],"categories":[46,53],"tags":[3323,92,226,63,67,1009,2698,165,21737,885,20076],"views":542,"_links":{"self":[{"href":"https:\/\/www.enerjigazetesi.ist\/en\/wp-json\/wp\/v2\/posts\/37003"}],"collection":[{"href":"https:\/\/www.enerjigazetesi.ist\/en\/wp-json\/wp\/v2\/posts"}],"about":[{"href":"https:\/\/www.enerjigazetesi.ist\/en\/wp-json\/wp\/v2\/types\/post"}],"author":[{"embeddable":true,"href":"https:\/\/www.enerjigazetesi.ist\/en\/wp-json\/wp\/v2\/users\/1"}],"replies":[{"embeddable":true,"href":"https:\/\/www.enerjigazetesi.ist\/en\/wp-json\/wp\/v2\/comments?post=37003"}],"version-history":[{"count":1,"href":"https:\/\/www.enerjigazetesi.ist\/en\/wp-json\/wp\/v2\/posts\/37003\/revisions"}],"predecessor-version":[{"id":37005,"href":"https:\/\/www.enerjigazetesi.ist\/en\/wp-json\/wp\/v2\/posts\/37003\/revisions\/37005"}],"wp:featuredmedia":[{"embeddable":true,"href":"https:\/\/www.enerjigazetesi.ist\/en\/wp-json\/wp\/v2\/media\/37004"}],"wp:attachment":[{"href":"https:\/\/www.enerjigazetesi.ist\/en\/wp-json\/wp\/v2\/media?parent=37003"}],"wp:term":[{"taxonomy":"category","embeddable":true,"href":"https:\/\/www.enerjigazetesi.ist\/en\/wp-json\/wp\/v2\/categories?post=37003"},{"taxonomy":"post_tag","embeddable":true,"href":"https:\/\/www.enerjigazetesi.ist\/en\/wp-json\/wp\/v2\/tags?post=37003"}],"curies":[{"name":"wp","href":"https:\/\/api.w.org\/{rel}","templated":true}]}}