{"id":36991,"date":"2015-03-06T16:47:42","date_gmt":"2015-03-06T13:47:42","guid":{"rendered":"https:\/\/www.enerjigazetesi.ist\/?p=36991"},"modified":"2015-03-06T16:47:42","modified_gmt":"2015-03-06T13:47:42","slug":"elektrik-sirketlerinin-ticaret-agi-avrupaya-yayilacak","status":"publish","type":"post","link":"https:\/\/www.enerjigazetesi.ist\/en\/elektrik-sirketlerinin-ticaret-agi-avrupaya-yayilacak\/","title":{"rendered":"(Turkish) Elektrik \u015eirketlerinin Ticaret A\u011f\u0131 Avrupa\u2019ya Yay\u0131lacak!"},"content":{"rendered":"<p class=\"qtranxs-available-languages-message qtranxs-available-languages-message-en\">Sorry, this entry is only available in <a href=\"https:\/\/www.enerjigazetesi.ist\/tr\/wp-json\/wp\/v2\/posts\/36991\" class=\"qtranxs-available-language-link qtranxs-available-language-link-tr\" title=\"Turkish\">Turkish<\/a>. For the sake of viewer convenience, the content is shown below in the alternative language. You may click the link to switch the active language.<\/p><p><\/p>\n<p style=\"color: #000000;\"><strong>T\u00fcrkiye\u2019nin, Avrupa elektrik sistemine kal\u0131c\u0131 \u00fcyelikle ba\u011flanmas\u0131n\u0131 \u00f6ng\u00f6ren anla\u015fma nisanda imzalanacak ve bu sayede T\u00fcrk elektrik \u015firketlerinin ticaret a\u011f\u0131 t\u00fcm Avrupa k\u0131tas\u0131na geni\u015fleyecek.<\/strong><span id=\"more-70619\"><\/span><\/p>\n<p style=\"color: #000000;\">T\u00fcrkiye, Avrupa K\u0131tas\u0131 Senkron B\u00f6lgesi ile elektrik sistemi ba\u011flant\u0131s\u0131 i\u00e7in y\u00f6ntem ve al\u0131nacak \u00f6nlemler konusunda 2009\u2019da anla\u015fm\u0131\u015ft\u0131 ve 18 Eyl\u00fcl 2010\u2019da sisteme deneme ama\u00e7l\u0131 ba\u011flant\u0131 yap\u0131lm\u0131\u015ft\u0131. \u015eubat 2011\u2019<a href=\"https:\/\/www.enerjigazetesi.ist\/wp-content\/uploads\/2015\/03\/elektrik-sirketlerinin-ticaret-agi-avrupaya-yayilacak.jpg\"><img loading=\"lazy\" class=\"alignright size-medium wp-image-36992\" src=\"https:\/\/www.enerjigazetesi.ist\/wp-content\/uploads\/2015\/03\/elektrik-sirketlerinin-ticaret-agi-avrupaya-yayilacak-300x200.jpg\" alt=\"elektrik-sirketlerinin-ticaret-agi-avrupaya-yayilacak\" width=\"300\" height=\"200\" srcset=\"https:\/\/www.enerjigazetesi.ist\/wp-content\/uploads\/2015\/03\/elektrik-sirketlerinin-ticaret-agi-avrupaya-yayilacak-300x200.jpg 300w, https:\/\/www.enerjigazetesi.ist\/wp-content\/uploads\/2015\/03\/elektrik-sirketlerinin-ticaret-agi-avrupaya-yayilacak-500x333.jpg 500w, https:\/\/www.enerjigazetesi.ist\/wp-content\/uploads\/2015\/03\/elektrik-sirketlerinin-ticaret-agi-avrupaya-yayilacak-75x50.jpg 75w, https:\/\/www.enerjigazetesi.ist\/wp-content\/uploads\/2015\/03\/elektrik-sirketlerinin-ticaret-agi-avrupaya-yayilacak.jpg 870w\" sizes=\"(max-width: 300px) 100vw, 300px\" \/><\/a>de ba\u015flat\u0131lan ikinci fazla, T\u00fcrkiye sistem i\u015fleticisi, s\u0131ras\u0131yla Bulgar ve Yunan sistem i\u015fleticileriyle iki y\u00f6nl\u00fc fiziksel, ticari olmayan elektrik enerji al\u0131\u015fveri\u015fi ger\u00e7ekle\u015ftirmi\u015fti.<\/p>\n<p style=\"color: #000000;\">Merkezi Br\u00fcksel\u2019de bulunan Avrupa Elektrik \u0130letim Sistemi \u0130\u015fleticilerinin (ENTSO-E) anla\u015fmay\u0131 kabul etmesiyle, T\u00fcrkiye daimi \u00fcye olarak sisteme gelecek ay dahil edilecek. T\u00fcrkiye ile K\u0131ta Avrupas\u0131 elektrik sistemi aras\u0131ndaki kal\u0131c\u0131 ba\u011flant\u0131y\u0131 \u00f6ng\u00f6ren anla\u015fma, T\u00fcrkiye Elektrik \u0130letim A\u015e (TE\u0130A\u015e) ve Avrupa Elektrik \u0130letim Sistemi \u0130\u015fleticilerinin (ENTSO-E) ortak \u00e7al\u0131\u015fmas\u0131yla tamamlanacak.<\/p>\n<p style=\"color: #000000;\">T\u00fcrkiye, kal\u0131c\u0131 ba\u011flant\u0131yla, \u015fu an elektrikte fiili olarak Bulgaristan ve Yunanistan hatlar\u0131 \u00fczerinden ger\u00e7ekle\u015ftirdi\u011fi 400 megavatl\u0131k ihracat ve 550 megavatl\u0131k ithalat a\u011f\u0131n\u0131 t\u00fcm k\u0131ta Avrupa\u2019s\u0131na yayarak, elektrik ticaret hacmini ilk etapta 1000 megavat seviyelerine \u00e7\u0131karmay\u0131 hedefliyor.<\/p>\n<p style=\"color: #000000;\">Ayr\u0131ca, daimi ba\u011flant\u0131n\u0131n ger\u00e7ekle\u015fmesiyle birlikte elektrikteki s\u00fcrd\u00fcr\u00fclebilir kaliteyi korumak i\u00e7in 900 megavatl\u0131k bir rezervi s\u00fcrekli elinde tutan T\u00fcrkiye, art\u0131k bu rezervi 400 megavat seviyelerine \u00e7ekerek 500 megavatl\u0131k tasarruf sa\u011flayacak.<\/p>\n<p style=\"color: #000000;\">ENTSO-E\u2019de \u015fu an 34 \u00fcye \u00fclkeye ait 41 elektrik \u015firketi bulunuyor.<\/p>\n<p style=\"color: #000000;\">Kaynak:\u00a0<a style=\"color: #c75615;\" href=\"http:\/\/www.trthaber.com\/haber\/ekonomi\/elektrik-sirketlerinin-ticaret-agi-avrupaya-yayilacak-171735.html\" target=\"_blank\" rel=\"nofollow\">TRT Haber<\/a><\/p>\n<p><\/p>","protected":false},"excerpt":{"rendered":"<p>Sorry, this entry is only available in Turkish. For the sake of viewer convenience, the content is shown below in the alternative language. You may click the link to switch the active language. T\u00fcrkiye\u2019nin, Avrupa elektrik sistemine kal\u0131c\u0131 \u00fcyelikle ba\u011flanmas\u0131n\u0131 \u00f6ng\u00f6ren anla\u015fma nisanda imzalanacak ve bu sayede T\u00fcrk elektrik \u015firketlerinin ticaret a\u011f\u0131 t\u00fcm Avrupa k\u0131tas\u0131na [&hellip;]<\/p>\n","protected":false},"author":1,"featured_media":36992,"comment_status":"open","ping_status":"open","sticky":false,"template":"","format":"standard","meta":[],"categories":[51,53],"tags":[21727,19918,68,21728,61,21571,63,67,1009,2698,165,5110,1582,3479],"views":849,"_links":{"self":[{"href":"https:\/\/www.enerjigazetesi.ist\/en\/wp-json\/wp\/v2\/posts\/36991"}],"collection":[{"href":"https:\/\/www.enerjigazetesi.ist\/en\/wp-json\/wp\/v2\/posts"}],"about":[{"href":"https:\/\/www.enerjigazetesi.ist\/en\/wp-json\/wp\/v2\/types\/post"}],"author":[{"embeddable":true,"href":"https:\/\/www.enerjigazetesi.ist\/en\/wp-json\/wp\/v2\/users\/1"}],"replies":[{"embeddable":true,"href":"https:\/\/www.enerjigazetesi.ist\/en\/wp-json\/wp\/v2\/comments?post=36991"}],"version-history":[{"count":1,"href":"https:\/\/www.enerjigazetesi.ist\/en\/wp-json\/wp\/v2\/posts\/36991\/revisions"}],"predecessor-version":[{"id":36993,"href":"https:\/\/www.enerjigazetesi.ist\/en\/wp-json\/wp\/v2\/posts\/36991\/revisions\/36993"}],"wp:featuredmedia":[{"embeddable":true,"href":"https:\/\/www.enerjigazetesi.ist\/en\/wp-json\/wp\/v2\/media\/36992"}],"wp:attachment":[{"href":"https:\/\/www.enerjigazetesi.ist\/en\/wp-json\/wp\/v2\/media?parent=36991"}],"wp:term":[{"taxonomy":"category","embeddable":true,"href":"https:\/\/www.enerjigazetesi.ist\/en\/wp-json\/wp\/v2\/categories?post=36991"},{"taxonomy":"post_tag","embeddable":true,"href":"https:\/\/www.enerjigazetesi.ist\/en\/wp-json\/wp\/v2\/tags?post=36991"}],"curies":[{"name":"wp","href":"https:\/\/api.w.org\/{rel}","templated":true}]}}