{"id":36978,"date":"2015-03-06T12:43:41","date_gmt":"2015-03-06T09:43:41","guid":{"rendered":"https:\/\/www.enerjigazetesi.ist\/?p=36978"},"modified":"2015-03-06T12:43:41","modified_gmt":"2015-03-06T09:43:41","slug":"deriner-hes-2-milyar-kwh-elektrik-uretti","status":"publish","type":"post","link":"https:\/\/www.enerjigazetesi.ist\/en\/deriner-hes-2-milyar-kwh-elektrik-uretti\/","title":{"rendered":"(Turkish) Deriner HES 2 Milyar kWh Elektrik \u00dcretti!"},"content":{"rendered":"<p class=\"qtranxs-available-languages-message qtranxs-available-languages-message-en\">Sorry, this entry is only available in <a href=\"https:\/\/www.enerjigazetesi.ist\/tr\/wp-json\/wp\/v2\/posts\/36978\" class=\"qtranxs-available-language-link qtranxs-available-language-link-tr\" title=\"Turkish\">Turkish<\/a>. For the sake of viewer convenience, the content is shown below in the alternative language. You may click the link to switch the active language.<\/p><p><strong>Deriner HES, 12 Aral\u0131k 2012\u2019de a\u00e7\u0131l\u0131\u015f\u0131ndan bu yana 2 milyar kilowatt saatten fazla elektrik \u00fcretti.<\/strong><\/p>\n<p>Orman ve Su \u0130\u015fleri Bakanl\u0131\u011f\u0131\u2019ndan yap\u0131lan a\u00e7\u0131klamada, Orman ve Su \u0130\u015fleri Bakanl\u0131\u011f\u0131 Devlet Su \u0130\u015fleri (DS\u0130) Genel M\u00fcd\u00fcrl\u00fc\u011f\u00fc taraf\u0131ndan Artvin`de in\u015fa edilen Deriner Baraj\u0131 ve HES Projesi\u2019nd<a href=\"https:\/\/www.enerjigazetesi.ist\/wp-content\/uploads\/2015\/03\/deriner-hes-2-milyar-kwh-elektrik-uretti.jpg\"><img loading=\"lazy\" class=\"alignright size-medium wp-image-36979\" src=\"https:\/\/www.enerjigazetesi.ist\/wp-content\/uploads\/2015\/03\/deriner-hes-2-milyar-kwh-elektrik-uretti-300x158.jpg\" alt=\"deriner-hes-2-milyar-kwh-elektrik-uretti\" width=\"300\" height=\"158\" srcset=\"https:\/\/www.enerjigazetesi.ist\/wp-content\/uploads\/2015\/03\/deriner-hes-2-milyar-kwh-elektrik-uretti-300x158.jpg 300w, https:\/\/www.enerjigazetesi.ist\/wp-content\/uploads\/2015\/03\/deriner-hes-2-milyar-kwh-elektrik-uretti-80x42.jpg 80w, https:\/\/www.enerjigazetesi.ist\/wp-content\/uploads\/2015\/03\/deriner-hes-2-milyar-kwh-elektrik-uretti.jpg 448w\" sizes=\"(max-width: 300px) 100vw, 300px\" \/><\/a>e elektrik \u00fcretiminin 2 milyar kilowatt saati ge\u00e7ti\u011fi ve milli ekonomiye yakla\u015f\u0131k 460 milyon TL katk\u0131 sa\u011fland\u0131\u011f\u0131 belirtildi.<\/p>\n<p>A\u00e7\u0131klamada, 12 Aral\u0131k 2012\u2019de a\u00e7\u0131l\u0131\u015f\u0131 yap\u0131lan Deriner Baraj\u0131 ve HES\u2019in y\u0131ll\u0131k 2 milyar 118 milyon kilowatt saat enerji \u00fcretme kapasitesi bulundu\u011fu belirtilerek, \u201cElektrik \u00fcretmeye ba\u015flad\u0131\u011f\u0131 g\u00fcnden \u015eubat 2015 sonu itibar\u0131yla Deriner Baraj\u0131\u2019n\u0131n HES \u00fcnitesinden yakla\u015f\u0131k 2 milyar kilowatt saat elektrik \u00fcretildi. B\u00f6ylece, milli ekonomiye de yakla\u015f\u0131k 460 milyon TL destek sa\u011fland\u0131\u201d denildi.<\/p>\n<p>Deriner Baraj\u0131 ve HES Projesi\u2019nin D\u00fcnya \u00fczerindeki m\u00fchendislik harikalar\u0131 aras\u0131nda g\u00f6sterildi\u011finin de alt\u0131n\u0131 \u00e7izen Orman ve Su \u0130\u015fleri Bakan\u0131 Prof. Dr. Veysel Ero\u011flu, \u201cBu dev proje 2012\u2019de d\u00fczenlenen Mimar Sinan Uluslararas\u0131 Proje Olimpiyatlar\u0131 Finalleri ve T\u00fcrk D\u00fcnyas\u0131 M\u00fchendislik, Mimarl\u0131k ve \u015eehircilik Kurultay\u0131\u2019nda M\u00fchendislik Projeleri J\u00fcrisi taraf\u0131ndan \u00f6d\u00fcle lay\u0131k g\u00f6r\u00fcld\u00fc\u201d dedi.<\/p>\n<p>\u00c7ift e\u011frilikli beton kemer baraj tipinde T\u00fcrkiye`nin birinci, d\u00fcnyan\u0131n ise alt\u0131nc\u0131 en y\u00fcksek baraj\u0131 olan 249 metre y\u00fcksekli\u011findeki Deriner HES, 670 megawatt kurulu g\u00fcce sahip.<\/p>\n<p>Kaynak: <a href=\"http:\/\/enerjigunlugu.net\/deriner-hes-2-milyar-kwh-elektrik-uretti_12568.html#.VPl19fmsV8E\" target=\"_blank\" rel=\"nofollow\">Enerji G\u00fcnl\u00fc\u011f\u00fc<\/a><\/p>","protected":false},"excerpt":{"rendered":"<p>Sorry, this entry is only available in Turkish. For the sake of viewer convenience, the content is shown below in the alternative language. You may click the link to switch the active language.Deriner HES, 12 Aral\u0131k 2012\u2019de a\u00e7\u0131l\u0131\u015f\u0131ndan bu yana 2 milyar kilowatt saatten fazla elektrik \u00fcretti. Orman ve Su \u0130\u015fleri Bakanl\u0131\u011f\u0131\u2019ndan yap\u0131lan a\u00e7\u0131klamada, Orman [&hellip;]<\/p>\n","protected":false},"author":1,"featured_media":36979,"comment_status":"open","ping_status":"open","sticky":false,"template":"","format":"standard","meta":[],"categories":[51,53,47],"tags":[21723,10667,1091,68,61,19,63,67,1009,2698,165,35370,1090],"views":829,"_links":{"self":[{"href":"https:\/\/www.enerjigazetesi.ist\/en\/wp-json\/wp\/v2\/posts\/36978"}],"collection":[{"href":"https:\/\/www.enerjigazetesi.ist\/en\/wp-json\/wp\/v2\/posts"}],"about":[{"href":"https:\/\/www.enerjigazetesi.ist\/en\/wp-json\/wp\/v2\/types\/post"}],"author":[{"embeddable":true,"href":"https:\/\/www.enerjigazetesi.ist\/en\/wp-json\/wp\/v2\/users\/1"}],"replies":[{"embeddable":true,"href":"https:\/\/www.enerjigazetesi.ist\/en\/wp-json\/wp\/v2\/comments?post=36978"}],"version-history":[{"count":1,"href":"https:\/\/www.enerjigazetesi.ist\/en\/wp-json\/wp\/v2\/posts\/36978\/revisions"}],"predecessor-version":[{"id":36980,"href":"https:\/\/www.enerjigazetesi.ist\/en\/wp-json\/wp\/v2\/posts\/36978\/revisions\/36980"}],"wp:featuredmedia":[{"embeddable":true,"href":"https:\/\/www.enerjigazetesi.ist\/en\/wp-json\/wp\/v2\/media\/36979"}],"wp:attachment":[{"href":"https:\/\/www.enerjigazetesi.ist\/en\/wp-json\/wp\/v2\/media?parent=36978"}],"wp:term":[{"taxonomy":"category","embeddable":true,"href":"https:\/\/www.enerjigazetesi.ist\/en\/wp-json\/wp\/v2\/categories?post=36978"},{"taxonomy":"post_tag","embeddable":true,"href":"https:\/\/www.enerjigazetesi.ist\/en\/wp-json\/wp\/v2\/tags?post=36978"}],"curies":[{"name":"wp","href":"https:\/\/api.w.org\/{rel}","templated":true}]}}