{"id":36972,"date":"2015-03-06T12:35:25","date_gmt":"2015-03-06T09:35:25","guid":{"rendered":"https:\/\/www.enerjigazetesi.ist\/?p=36972"},"modified":"2015-03-06T12:35:25","modified_gmt":"2015-03-06T09:35:25","slug":"somada-termik-santral-icin-yeni-yer-araniyor","status":"publish","type":"post","link":"https:\/\/www.enerjigazetesi.ist\/en\/somada-termik-santral-icin-yeni-yer-araniyor\/","title":{"rendered":"(Turkish) Somada Termik Santral \u0130\u00e7in Yeni Yer Aran\u0131yor!"},"content":{"rendered":"<p class=\"qtranxs-available-languages-message qtranxs-available-languages-message-en\">Sorry, this entry is only available in <a href=\"https:\/\/www.enerjigazetesi.ist\/tr\/wp-json\/wp\/v2\/posts\/36972\" class=\"qtranxs-available-language-link qtranxs-available-language-link-tr\" title=\"Turkish\">Turkish<\/a>. For the sake of viewer convenience, the content is shown below in the alternative language. You may click the link to switch the active language.<\/p><p><\/p>\n<p style=\"color: #000000;\"><strong>Kolin \u015eirketler Grubu Enerji Ba\u015fkan\u0131 Murat Zekeriya Ayd\u0131n, Soma il\u00e7esinde yap\u0131lacak termik santral yat\u0131r\u0131m\u0131 i\u00e7in Y\u0131rca Mahallesi\u2019nde daha \u00f6nce belirlenen saha yerine alternatif b\u00f6lgelerin de\u011ferlendirildi\u011fini ve bunlar\u0131n hi\u00e7birinin zeytinlik alan olmad\u0131\u011f\u0131n\u0131 bildirdi.<\/strong><span id=\"more-70606\"><\/span><\/p>\n<p style=\"color: #000000;\">Ayd\u0131n, termik santral yap\u0131lmas\u0131 planlanan Y\u0131rca Mahallesi\u2019ndeki sahan\u0131n zeytinlik alan oldu\u011fu gerek\u00e7esiyle kamula\u015ft\u0131r\u0131lmas\u0131 \u00e7al\u0131\u015fmal<a href=\"https:\/\/www.enerjigazetesi.ist\/wp-content\/uploads\/2015\/03\/somada-termik-santral-icin-yeni-yer-araniyor.jpg\"><img loading=\"lazy\" class=\"alignright size-medium wp-image-36973\" src=\"https:\/\/www.enerjigazetesi.ist\/wp-content\/uploads\/2015\/03\/somada-termik-santral-icin-yeni-yer-araniyor-300x168.jpg\" alt=\"somada-termik-santral-icin-yeni-yer-araniyor\" width=\"300\" height=\"168\" srcset=\"https:\/\/www.enerjigazetesi.ist\/wp-content\/uploads\/2015\/03\/somada-termik-santral-icin-yeni-yer-araniyor-300x168.jpg 300w, https:\/\/www.enerjigazetesi.ist\/wp-content\/uploads\/2015\/03\/somada-termik-santral-icin-yeni-yer-araniyor-500x280.jpg 500w, https:\/\/www.enerjigazetesi.ist\/wp-content\/uploads\/2015\/03\/somada-termik-santral-icin-yeni-yer-araniyor-80x44.jpg 80w, https:\/\/www.enerjigazetesi.ist\/wp-content\/uploads\/2015\/03\/somada-termik-santral-icin-yeni-yer-araniyor.jpg 709w\" sizes=\"(max-width: 300px) 100vw, 300px\" \/><\/a>ar\u0131na ili\u015fkin a\u00e7\u0131lan iptal davas\u0131nda, yarg\u0131sal s\u00fcrecin devam etti\u011fini belirtti.<\/p>\n<p style=\"color: #000000;\">Yarg\u0131sal s\u00fcre\u00e7te bug\u00fcne kadar ya\u015fanan geli\u015fmeler nedeniyle santral yat\u0131r\u0131m\u0131 i\u00e7in alternatif lokasyonlar\u0131n belirlenmesi amac\u0131yla Soma\u2019da yerel makamlardan ald\u0131klar\u0131 davet \u00fczerine bu y\u00f6nde \u00e7al\u0131\u015fma y\u00fcr\u00fctt\u00fcklerini dile getiren Ayd\u0131n, \u015funlar\u0131 kaydetti:<\/p>\n<p style=\"color: #000000;\">\u201cAlternatif olarak de\u011ferlendirilen lokasyonlar\u0131n hi\u00e7biri zeytinlik de\u011fil ve zeytin a\u011fac\u0131 dikili de\u011fil, bunu \u00f6nemle vurgulamak isteriz. Bu alanlar \u00fczerinde santral yap\u0131m\u0131na ili\u015fkin olarak ilgili makamlar nezdinde resmi bir ba\u015fvuruda bulunulmam\u0131\u015f olmakla birlikte arsa sat\u0131n al\u0131m\u0131 da dahil s\u00fcrece ili\u015fkin \u00e7al\u0131\u015fmalar devam etmektedir.\u201d<\/p>\n<h2 style=\"color: #232323;\">\u201c\u0130l\u00e7ede bin ki\u015fiye s\u00fcrekli istihdam imkan\u0131 sa\u011flayacak\u201d<\/h2>\n<p style=\"color: #000000;\">Ayd\u0131n, 1 milyar dolar b\u00fcy\u00fckl\u00fc\u011fe sahip olacak termik santral projesinin, maden facias\u0131 sonras\u0131 il\u00e7ede ba\u015f g\u00f6steren ekonomik olumsuzluklara kar\u015f\u0131 il\u00e7e ekonomisine yeni bir soluk kataca\u011f\u0131n\u0131 belirtti.<\/p>\n<p style=\"color: #000000;\">Soma n\u00fcfusunun ve ekonomisinin b\u00fcy\u00fck b\u00f6l\u00fcm\u00fcn\u00fc temsil eden sivil toplum \u00f6rg\u00fctlerinin de bu bilin\u00e7le termik santral yap\u0131m\u0131 projesini desteklediklerini savunan Ayd\u0131n, \u015f\u00f6yle konu\u015ftu:<\/p>\n<p style=\"color: #000000;\">\u201cBu deste\u011fin temelinde \u00fclke ekonomisinin sa\u011fl\u0131kl\u0131 i\u015fleyebilmesi ad\u0131na her dalda d\u0131\u015fa ba\u011f\u0131ml\u0131l\u0131\u011f\u0131 azaltmak hedefiyle yer alt\u0131 ve yer \u00fcst\u00fc zenginliklerimizin \u00fcretime kat\u0131lmas\u0131 gereklili\u011fi ve yarat\u0131lacak istihdam yatmaktad\u0131r. Yeni termik santral, do\u011fal gaz ithalat\u0131n\u0131 ikame ederek, \u00fclkemize y\u0131lda en az 250 milyon dolar tasarruf ettirecek, in\u015faat\u0131 s\u0131ras\u0131nda yakla\u015f\u0131k 2 bin ki\u015fiye, faaliyete ge\u00e7tikten sonra da bin ki\u015fiye 30 y\u0131l boyunca istihdam sa\u011flayacak, i\u015f ve A\u015e sa\u011flayarak esnaf\u0131m\u0131za da b\u00fcy\u00fck destek olacakt\u0131r.\u201d<\/p>\n<h2 style=\"color: #232323;\">\u201c\u00c7evreye zarar vermeme taahh\u00fcd\u00fcm\u00fcz var\u201d<\/h2>\n<p style=\"color: #000000;\">Ayd\u0131n, santralin i\u015fletmesi boyunca, Soma k\u00f6m\u00fcr\u00fcn\u00fc milli ekonomiye kazand\u0131rman\u0131n yan\u0131nda elektrik \u00fcretiminde \u00e7evreye zarar vermeme taahh\u00fcd\u00fc bulundu\u011funu ve bunun aynen devam etti\u011fini kaydetti.<\/p>\n<p style=\"color: #000000;\">Y\u0131rca Mahallesi\u2019nde ya\u015fanan geli\u015fmelerden sonra Soma Belediyesi ve Soma Ziraat Odas\u0131 imzalanan protokollerle kamuoyuna verdikleri s\u00f6z\u00fcn de arkas\u0131nda olduklar\u0131n\u0131 ifade eden Ayd\u0131n, \u201cSoma ve \u00e7evresinde 60 bin zeytin a\u011fac\u0131n\u0131n dikilmesini ve yeti\u015fecek zeytinin Soma ekonomisine kazand\u0131r\u0131lmas\u0131 projesine ayn\u0131 inan\u00e7la devam ettirece\u011fiz\u201d diye konu\u015ftu.<\/p>\n<p style=\"color: #000000;\">Kaynak: Enerji Enstit\u00fcs\u00fc<\/p>\n<p><\/p>","protected":false},"excerpt":{"rendered":"<p>Sorry, this entry is only available in Turkish. For the sake of viewer convenience, the content is shown below in the alternative language. You may click the link to switch the active language. Kolin \u015eirketler Grubu Enerji Ba\u015fkan\u0131 Murat Zekeriya Ayd\u0131n, Soma il\u00e7esinde yap\u0131lacak termik santral yat\u0131r\u0131m\u0131 i\u00e7in Y\u0131rca Mahallesi\u2019nde daha \u00f6nce belirlenen saha yerine [&hellip;]<\/p>\n","protected":false},"author":1,"featured_media":36973,"comment_status":"open","ping_status":"open","sticky":false,"template":"","format":"standard","meta":[],"categories":[53],"tags":[21718,63,67,1009,2698,165,11990,21719,1719,21720,21721,438,21722],"views":982,"_links":{"self":[{"href":"https:\/\/www.enerjigazetesi.ist\/en\/wp-json\/wp\/v2\/posts\/36972"}],"collection":[{"href":"https:\/\/www.enerjigazetesi.ist\/en\/wp-json\/wp\/v2\/posts"}],"about":[{"href":"https:\/\/www.enerjigazetesi.ist\/en\/wp-json\/wp\/v2\/types\/post"}],"author":[{"embeddable":true,"href":"https:\/\/www.enerjigazetesi.ist\/en\/wp-json\/wp\/v2\/users\/1"}],"replies":[{"embeddable":true,"href":"https:\/\/www.enerjigazetesi.ist\/en\/wp-json\/wp\/v2\/comments?post=36972"}],"version-history":[{"count":1,"href":"https:\/\/www.enerjigazetesi.ist\/en\/wp-json\/wp\/v2\/posts\/36972\/revisions"}],"predecessor-version":[{"id":36974,"href":"https:\/\/www.enerjigazetesi.ist\/en\/wp-json\/wp\/v2\/posts\/36972\/revisions\/36974"}],"wp:featuredmedia":[{"embeddable":true,"href":"https:\/\/www.enerjigazetesi.ist\/en\/wp-json\/wp\/v2\/media\/36973"}],"wp:attachment":[{"href":"https:\/\/www.enerjigazetesi.ist\/en\/wp-json\/wp\/v2\/media?parent=36972"}],"wp:term":[{"taxonomy":"category","embeddable":true,"href":"https:\/\/www.enerjigazetesi.ist\/en\/wp-json\/wp\/v2\/categories?post=36972"},{"taxonomy":"post_tag","embeddable":true,"href":"https:\/\/www.enerjigazetesi.ist\/en\/wp-json\/wp\/v2\/tags?post=36972"}],"curies":[{"name":"wp","href":"https:\/\/api.w.org\/{rel}","templated":true}]}}