{"id":36969,"date":"2015-03-06T12:32:23","date_gmt":"2015-03-06T09:32:23","guid":{"rendered":"https:\/\/www.enerjigazetesi.ist\/?p=36969"},"modified":"2015-03-06T12:32:23","modified_gmt":"2015-03-06T09:32:23","slug":"almanya-nukleer-enerjiye-devlet-destegi-soz-konusu-olamaz","status":"publish","type":"post","link":"https:\/\/www.enerjigazetesi.ist\/en\/almanya-nukleer-enerjiye-devlet-destegi-soz-konusu-olamaz\/","title":{"rendered":"(Turkish) Almanya: \u201cN\u00fckleer Enerjiye Devlet Deste\u011fi S\u00f6z Konusu Olamaz&#8230;\u201d"},"content":{"rendered":"<p class=\"qtranxs-available-languages-message qtranxs-available-languages-message-en\">Sorry, this entry is only available in <a href=\"https:\/\/www.enerjigazetesi.ist\/tr\/wp-json\/wp\/v2\/posts\/36969\" class=\"qtranxs-available-language-link qtranxs-available-language-link-tr\" title=\"Turkish\">Turkish<\/a>. For the sake of viewer convenience, the content is shown below in the alternative language. You may click the link to switch the active language.<\/p><p><\/p>\n<p style=\"color: #000000;\"><strong>\u00dcst\u00fc kapal\u0131 olarak \u0130ngiltere\u2019nin yeni bir n\u00fckleer santral plan\u0131na kar\u015f\u0131 \u00e7\u0131kan Almanya Ekonomi Bakan\u0131 Sigmar Gabriel, n\u00fckleer enerjinin kamu kaynaklar\u0131yla desteklenmesinin \u2018kesinlikle s\u00f6z konusu olamayaca\u011f\u0131n\u0131\u2019 s\u00f6yledi.<\/strong><span id=\"more-70603\"><\/span><\/p>\n<p style=\"color: #000000;\">Enerji Birli\u011fi toplant\u0131s\u0131na kat\u0131lmak i\u00e7in gitt\u011fi Br\u00fcksel\u2019de a\u00e7\u0131klamalarda bulunan Gabriel, \u2018AB\u2019de baz\u0131 \u00fclkeler n\u00fckleer enerjiyi vergi paralar\u0131yla desteklemek istiyor. Bunun kesinlikle s\u00f6z konusu olamayaca\u011f\u0131n\u0131 d\u00fc\u015f\u00fcn\u00fcyoruz. N\u00fckleer enerjinin kamu paras\u0131yla destekl<a href=\"https:\/\/www.enerjigazetesi.ist\/wp-content\/uploads\/2015\/03\/almanya-nukleer-enerjiye-devlet-destegi-soz-konusu-olamaz.jpg\"><img loading=\"lazy\" class=\"alignleft wp-image-36970 size-medium\" src=\"https:\/\/www.enerjigazetesi.ist\/wp-content\/uploads\/2015\/03\/almanya-nukleer-enerjiye-devlet-destegi-soz-konusu-olamaz-300x168.jpg\" alt=\"almanya-nukleer-enerjiye-devlet-destegi-soz-konusu-olamaz\" width=\"300\" height=\"168\" srcset=\"https:\/\/www.enerjigazetesi.ist\/wp-content\/uploads\/2015\/03\/almanya-nukleer-enerjiye-devlet-destegi-soz-konusu-olamaz-300x168.jpg 300w, https:\/\/www.enerjigazetesi.ist\/wp-content\/uploads\/2015\/03\/almanya-nukleer-enerjiye-devlet-destegi-soz-konusu-olamaz-500x280.jpg 500w, https:\/\/www.enerjigazetesi.ist\/wp-content\/uploads\/2015\/03\/almanya-nukleer-enerjiye-devlet-destegi-soz-konusu-olamaz-80x44.jpg 80w, https:\/\/www.enerjigazetesi.ist\/wp-content\/uploads\/2015\/03\/almanya-nukleer-enerjiye-devlet-destegi-soz-konusu-olamaz.jpg 788w\" sizes=\"(max-width: 300px) 100vw, 300px\" \/><\/a>enmesini hi\u00e7bir \u015fekilde kabul etmeyece\u011fiz. N\u00fckleer enerji en pahal\u0131 [elektrik]\u00a0\u00fcretim bi\u00e7imi. 50 y\u0131ld\u0131r var, yeni de\u011fil ve tehlikeli\u2019 dedi.<\/p>\n<p style=\"color: #000000;\">Gabriel her ne kadar do\u011frudan i\u015faret etmese de, s\u00f6zlerinin Hinkley Point\u2019de yeni bir n\u00fckleer santral in\u015fa etmeyi planlayan \u0130ngiltere\u2019ye y\u00f6nelik oldu\u011fu anla\u015f\u0131l\u0131yor. Avrupa Komisyonu ge\u00e7ti\u011fimiz y\u0131l, Londra\u2019n\u0131n tesise 16 milyar pound devlet deste\u011fi sa\u011flama plan\u0131n\u0131 onaylam\u0131\u015ft\u0131.<\/p>\n<p style=\"color: #000000;\">Ancak bunun haks\u0131z rekabete yol a\u00e7t\u0131\u011f\u0131n\u0131 s\u00f6yleyen taraflar, yasal yollara ba\u015fvuraca\u011f\u0131n\u0131 s\u00f6yl\u00fcyor.<\/p>\n<p style=\"color: #000000;\">Almanya, 2011\u2019deki Fuku\u015fima facias\u0131n\u0131n ard\u0131ndan n\u00fckleer enerji \u00fcretimini sonland\u0131rmaya karar vermi\u015f ve yenilenebilir enerji kaynaklar\u0131na y\u00f6nelmi\u015fti.<\/p>\n<p style=\"color: #000000;\">N\u00fckleer enerjiyi destekleyen \u00fclkelerden Romanya\u2019n\u0131n Enerji Bakan\u0131 Andrei Gerea, Avrupa Komisyonu\u2019nun Enerji Birli\u011fi\u2019nden sorumlu Ba\u015fkan Yard\u0131mc\u0131s\u0131 Maros Sefcovic\u2019e bir mektup yazarak, AB\u2019den \u2018g\u00fcvenli ve s\u00fcrd\u00fcr\u00fclebilir, yeni n\u00fckleer enerji i\u00e7in destekleyici bir \u00e7er\u00e7eve\u2019 olu\u015fturmas\u0131n\u0131 talep etti.<\/p>\n<p style=\"color: #000000;\">Reuters\u2019\u0131n ula\u015ft\u0131\u011f\u0131 mektupta Gerea, bu talebi kendi \u00fclkesinin yan\u0131 s\u0131ra \u0130ngiltere, \u00c7ek Cumhuriyeti, Fransa, Litvanya, Polonya, Slovakya ve Slovenya\u2019y\u0131 da temsilen iletti\u011fini belirtti.<\/p>\n<p style=\"color: #000000;\">Kaynak: Enerji Enstit\u00fcs\u00fc<\/p>\n<p><\/p>","protected":false},"excerpt":{"rendered":"<p>Sorry, this entry is only available in Turkish. For the sake of viewer convenience, the content is shown below in the alternative language. You may click the link to switch the active language. \u00dcst\u00fc kapal\u0131 olarak \u0130ngiltere\u2019nin yeni bir n\u00fckleer santral plan\u0131na kar\u015f\u0131 \u00e7\u0131kan Almanya Ekonomi Bakan\u0131 Sigmar Gabriel, n\u00fckleer enerjinin kamu kaynaklar\u0131yla desteklenmesinin \u2018kesinlikle [&hellip;]<\/p>\n","protected":false},"author":1,"featured_media":36970,"comment_status":"open","ping_status":"open","sticky":false,"template":"","format":"standard","meta":[],"categories":[53,43],"tags":[1192,929,14085,63,14009,67,1009,2698,165,21717,71,21],"views":675,"_links":{"self":[{"href":"https:\/\/www.enerjigazetesi.ist\/en\/wp-json\/wp\/v2\/posts\/36969"}],"collection":[{"href":"https:\/\/www.enerjigazetesi.ist\/en\/wp-json\/wp\/v2\/posts"}],"about":[{"href":"https:\/\/www.enerjigazetesi.ist\/en\/wp-json\/wp\/v2\/types\/post"}],"author":[{"embeddable":true,"href":"https:\/\/www.enerjigazetesi.ist\/en\/wp-json\/wp\/v2\/users\/1"}],"replies":[{"embeddable":true,"href":"https:\/\/www.enerjigazetesi.ist\/en\/wp-json\/wp\/v2\/comments?post=36969"}],"version-history":[{"count":1,"href":"https:\/\/www.enerjigazetesi.ist\/en\/wp-json\/wp\/v2\/posts\/36969\/revisions"}],"predecessor-version":[{"id":36971,"href":"https:\/\/www.enerjigazetesi.ist\/en\/wp-json\/wp\/v2\/posts\/36969\/revisions\/36971"}],"wp:featuredmedia":[{"embeddable":true,"href":"https:\/\/www.enerjigazetesi.ist\/en\/wp-json\/wp\/v2\/media\/36970"}],"wp:attachment":[{"href":"https:\/\/www.enerjigazetesi.ist\/en\/wp-json\/wp\/v2\/media?parent=36969"}],"wp:term":[{"taxonomy":"category","embeddable":true,"href":"https:\/\/www.enerjigazetesi.ist\/en\/wp-json\/wp\/v2\/categories?post=36969"},{"taxonomy":"post_tag","embeddable":true,"href":"https:\/\/www.enerjigazetesi.ist\/en\/wp-json\/wp\/v2\/tags?post=36969"}],"curies":[{"name":"wp","href":"https:\/\/api.w.org\/{rel}","templated":true}]}}