{"id":36953,"date":"2015-03-05T17:12:37","date_gmt":"2015-03-05T14:12:37","guid":{"rendered":"https:\/\/www.enerjigazetesi.ist\/?p=36953"},"modified":"2015-03-05T17:12:37","modified_gmt":"2015-03-05T14:12:37","slug":"cinden-sonra-elektrik-tuketimi-en-hizli-artan-ulke-turkiye","status":"publish","type":"post","link":"https:\/\/www.enerjigazetesi.ist\/en\/cinden-sonra-elektrik-tuketimi-en-hizli-artan-ulke-turkiye\/","title":{"rendered":"(Turkish) \u201c\u00c7in\u2019den Sonra Elektrik T\u00fcketimi En H\u0131zl\u0131 Artan \u00dclke T\u00fcrkiye&#8230;\u201d"},"content":{"rendered":"<p class=\"qtranxs-available-languages-message qtranxs-available-languages-message-en\">Sorry, this entry is only available in <a href=\"https:\/\/www.enerjigazetesi.ist\/tr\/wp-json\/wp\/v2\/posts\/36953\" class=\"qtranxs-available-language-link qtranxs-available-language-link-tr\" title=\"Turkish\">Turkish<\/a>. For the sake of viewer convenience, the content is shown below in the alternative language. You may click the link to switch the active language.<\/p><p><\/p>\n<p style=\"color: #000000;\"><strong>Akdeniz \u00dcniversitesi M\u00fchendislik Fak\u00fcltesi \u00d6\u011fretim \u00dcyesi Do\u00e7. Dr. \u0130brahim Atmaca, \u00c7in\u2019den sonra elektrik t\u00fcketiminin en h\u0131zl\u0131 oldu\u011fu \u00fclkenin T\u00fcrkiye oldu\u011funu bildirdi.<\/strong><\/p>\n<p style=\"color: #000000;\">Do\u00e7. Dr. Atmaca, Akdeniz \u00dcniversitesi \u00c7evre Sorunlar\u0131 Ara\u015ft\u0131rma Uygulama Merkezi (AK\u00c7AM) taraf\u0131ndan ger\u00e7ekle\u015ftirilen \u201c\u00c7ar\u015famba Seminerleri\u201d kapsam\u0131nda d\u00fczenlenen \u201cAlternatif Enerji Kaynaklar\u0131 ile \u00c7al\u0131\u015fan \u0130klimlendirme Sistemleri\u201d seminerinde, T\u00fcrkiye\u2019nin y\u0131ll\u0131k elektrik enerjisi t\u00fcketiminde 1970 y\u0131l\u0131ndan bu yana her y\u0131l art\u0131\u015f ya\u015fan<a href=\"https:\/\/www.enerjigazetesi.ist\/wp-content\/uploads\/2015\/03\/cinden-sonra-elektrik-tuketimi-en-hizli-artan-ulke-turkiye.jpg\"><img loading=\"lazy\" class=\"alignleft wp-image-36954 size-medium\" src=\"https:\/\/www.enerjigazetesi.ist\/wp-content\/uploads\/2015\/03\/cinden-sonra-elektrik-tuketimi-en-hizli-artan-ulke-turkiye-300x200.jpg\" alt=\"cinden-sonra-elektrik-tuketimi-en-hizli-artan-ulke-turkiye\" width=\"300\" height=\"200\" srcset=\"https:\/\/www.enerjigazetesi.ist\/wp-content\/uploads\/2015\/03\/cinden-sonra-elektrik-tuketimi-en-hizli-artan-ulke-turkiye-300x200.jpg 300w, https:\/\/www.enerjigazetesi.ist\/wp-content\/uploads\/2015\/03\/cinden-sonra-elektrik-tuketimi-en-hizli-artan-ulke-turkiye-500x333.jpg 500w, https:\/\/www.enerjigazetesi.ist\/wp-content\/uploads\/2015\/03\/cinden-sonra-elektrik-tuketimi-en-hizli-artan-ulke-turkiye-75x50.jpg 75w, https:\/\/www.enerjigazetesi.ist\/wp-content\/uploads\/2015\/03\/cinden-sonra-elektrik-tuketimi-en-hizli-artan-ulke-turkiye.jpg 870w\" sizes=\"(max-width: 300px) 100vw, 300px\" \/><\/a>d\u0131\u011f\u0131n\u0131 s\u00f6yledi.<span id=\"more-70590\"><\/span><\/p>\n<p style=\"color: #000000;\">\u201c\u00c7in\u2019den sonra elektrik t\u00fcketimi en h\u0131zl\u0131 artan \u00fclke T\u00fcrkiye\u2019dir\u201d diyen Atmaca, bunun T\u00fcrkiye\u2019nin sanayile\u015fti\u011finin bir g\u00f6stergesi oldu\u011funu kaydetti.<\/p>\n<p style=\"color: #000000;\">T\u00fcrkiye\u2019nin 2013 y\u0131l\u0131nda ya\u015fanan kurakl\u0131kla barajlar\u0131n dolmamas\u0131 nedeniyle 335 milyon dolarl\u0131k elektrik ithal etti\u011fini ifade eden Atmaca, \u015f\u00f6yle konu\u015ftu:<\/p>\n<p style=\"color: #000000;\">\u201c2013 y\u0131l\u0131 itibar\u0131yla en fazla kurulu g\u00fc\u00e7 hidroelektrikte olmas\u0131na kar\u015f\u0131n 6 milyon kilowat saat \u00fcretim oldu. Bu da \u00fcretilenin y\u00fczde 25\u2019ine tekab\u00fcl ediyor. Elektri\u011fin y\u00fczde 44\u2019\u00fcn\u00fc do\u011falgazdan \u00fcretmi\u015fiz. Yani ya\u011fmur ya\u011fmad\u0131, bizim hidroelektrik tesislerimiz at\u0131l kald\u0131. Kurulu g\u00fcc\u00fcm\u00fcz var ama yararlanamad\u0131k. Ne yap\u0131yoruz? Do\u011falgaz sat\u0131n al\u0131yoruz. Do\u011falgazdan elektrik \u00fcretiyoruz. Yetmedi, direkt elektrik al\u0131r hale geldik. Demek ki bu i\u015fte bir yerde yanl\u0131\u015fl\u0131klar yap\u0131yoruz.\u201d<\/p>\n<p style=\"color: #000000;\">Atmaca, T\u00fcrkiye\u2019de 2012 y\u0131l\u0131 itibar\u0131yla 86 milyon metrek\u00fcp do\u011falgaz \u00fcretimi ger\u00e7ekle\u015ftirildi\u011fini bildirerek, \u00fcretimin t\u00fcketimi kar\u015f\u0131lama oran\u0131n\u0131n ise y\u00fczde 1,5\u2019ta kald\u0131\u011f\u0131n\u0131 s\u00f6yledi.<\/p>\n<p style=\"color: #000000;\">Do\u011falgaz ithalat\u0131nda y\u0131ldan y\u0131la art\u0131\u015flar ya\u015fand\u0131\u011f\u0131n\u0131 dile getiren Atmaca, \u015f\u00f6yle devam etti:<\/p>\n<p style=\"color: #000000;\">\u201cHer ge\u00e7en y\u0131l t\u00fcketimimiz artt\u0131\u011f\u0131ndan bir \u00f6nceki y\u0131la g\u00f6re daha fazla do\u011falgaz al\u0131yoruz. Do\u011falgaz\u0131 da elektrik \u00fcretiminde y\u00fczde 50\u2019yi a\u015fan oranda kullan\u0131yoruz. Ondan sonra y\u00fczde 20-25 oran\u0131nda konutlarda, genelde mutfak d\u0131\u015f\u0131nda \u0131s\u0131tma ve so\u011futma amac\u0131yla kullan\u0131yoruz. Daha sonra da sanayide \u00fcretim ama\u00e7l\u0131 ya da s\u0131cak su, \u0131s\u0131nma ama\u00e7l\u0131 kullan\u0131m var.\u201d<\/p>\n<p style=\"color: #000000;\">T\u00fcrkiye\u2019nin do\u011falgazda Azerbaycan, Rusya ve \u0130ran\u2019a ba\u011f\u0131ml\u0131 oldu\u011funa i\u015faret eden Atmaca, do\u011falgazda risk s\u00f6z konusu olur ve hidroelektrikte de istenilen verim al\u0131namazsa elektrik a\u00e7\u0131\u011f\u0131n\u0131n g\u00fcnden g\u00fcne b\u00fcy\u00fcyece\u011fini savundu.<\/p>\n<h2 style=\"color: #232323;\">Enerji talebi y\u00fczde 128 artt\u0131<\/h2>\n<p style=\"color: #000000;\">Atmaca, toplam enerji talebinin 1990\u2019dan 2012 y\u0131l\u0131na kadar y\u00fczde 128,7, yerli \u00fcretimin ise yaln\u0131zca y\u00fczde 34,65 oran\u0131nda artt\u0131\u011f\u0131n\u0131 vurgulayarak, \u201c1990 ile 2012 aras\u0131nda enerji ithalat\u0131m\u0131z y\u00fczde 203 artm\u0131\u015f. Yerli \u00fcretimin talebi kar\u015f\u0131lama oran\u0131 1990\u2019dan itibaren y\u00fczde 40 azalm\u0131\u015f. T\u00fcrkiye\u2019nin ithalat\u0131 236,5 milyar dolar. Bunun y\u00fczde 23\u2019\u00fc enerji olarak geliyor. Ciddi bir rakam. Bunun y\u00fczde 35\u2019ini konut ve hizmetlerde, y\u00fczde 37\u2019sini sanayide, y\u00fczde 18\u2019ini ula\u015ft\u0131rmada, y\u00fczde 6\u2019s\u0131n\u0131 da tar\u0131mda kullan\u0131yoruz\u201d diye konu\u015ftu.<\/p>\n<p style=\"color: #000000;\">Haberin Devam\u0131 i\u00e7in\u00a0<a style=\"color: #c75615;\" href=\"http:\/\/www.memurlar.net\/haber\/503873\/\" target=\"_blank\" rel=\"nofollow\">t\u0131klay\u0131n\u0131z<\/a>&gt;&gt;&gt;<\/p>\n<p style=\"color: #000000;\">Kaynak: Memurlar.Net<\/p>\n<p><\/p>","protected":false},"excerpt":{"rendered":"<p>Sorry, this entry is only available in Turkish. For the sake of viewer convenience, the content is shown below in the alternative language. You may click the link to switch the active language. Akdeniz \u00dcniversitesi M\u00fchendislik Fak\u00fcltesi \u00d6\u011fretim \u00dcyesi Do\u00e7. Dr. \u0130brahim Atmaca, \u00c7in\u2019den sonra elektrik t\u00fcketiminin en h\u0131zl\u0131 oldu\u011fu \u00fclkenin T\u00fcrkiye oldu\u011funu bildirdi. Do\u00e7. [&hellip;]<\/p>\n","protected":false},"author":1,"featured_media":36954,"comment_status":"open","ping_status":"open","sticky":false,"template":"","format":"standard","meta":[],"categories":[51,53],"tags":[1559,886,1028,68,61,130,63,67,1009,2698,165,988,846],"views":479,"_links":{"self":[{"href":"https:\/\/www.enerjigazetesi.ist\/en\/wp-json\/wp\/v2\/posts\/36953"}],"collection":[{"href":"https:\/\/www.enerjigazetesi.ist\/en\/wp-json\/wp\/v2\/posts"}],"about":[{"href":"https:\/\/www.enerjigazetesi.ist\/en\/wp-json\/wp\/v2\/types\/post"}],"author":[{"embeddable":true,"href":"https:\/\/www.enerjigazetesi.ist\/en\/wp-json\/wp\/v2\/users\/1"}],"replies":[{"embeddable":true,"href":"https:\/\/www.enerjigazetesi.ist\/en\/wp-json\/wp\/v2\/comments?post=36953"}],"version-history":[{"count":1,"href":"https:\/\/www.enerjigazetesi.ist\/en\/wp-json\/wp\/v2\/posts\/36953\/revisions"}],"predecessor-version":[{"id":36955,"href":"https:\/\/www.enerjigazetesi.ist\/en\/wp-json\/wp\/v2\/posts\/36953\/revisions\/36955"}],"wp:featuredmedia":[{"embeddable":true,"href":"https:\/\/www.enerjigazetesi.ist\/en\/wp-json\/wp\/v2\/media\/36954"}],"wp:attachment":[{"href":"https:\/\/www.enerjigazetesi.ist\/en\/wp-json\/wp\/v2\/media?parent=36953"}],"wp:term":[{"taxonomy":"category","embeddable":true,"href":"https:\/\/www.enerjigazetesi.ist\/en\/wp-json\/wp\/v2\/categories?post=36953"},{"taxonomy":"post_tag","embeddable":true,"href":"https:\/\/www.enerjigazetesi.ist\/en\/wp-json\/wp\/v2\/tags?post=36953"}],"curies":[{"name":"wp","href":"https:\/\/api.w.org\/{rel}","templated":true}]}}