{"id":36941,"date":"2015-03-05T12:19:07","date_gmt":"2015-03-05T09:19:07","guid":{"rendered":"https:\/\/www.enerjigazetesi.ist\/?p=36941"},"modified":"2015-03-05T12:19:19","modified_gmt":"2015-03-05T09:19:19","slug":"gunes-enerjili-ucakla-dunya-turuna-sabanci-damgasi","status":"publish","type":"post","link":"https:\/\/www.enerjigazetesi.ist\/en\/gunes-enerjili-ucakla-dunya-turuna-sabanci-damgasi\/","title":{"rendered":"(Turkish) G\u00fcne\u015f Enerjili U\u00e7akla D\u00fcnya Turuna Sabanc\u0131 Damgas\u0131&#8230;"},"content":{"rendered":"<p class=\"qtranxs-available-languages-message qtranxs-available-languages-message-en\">Sorry, this entry is only available in <a href=\"https:\/\/www.enerjigazetesi.ist\/tr\/wp-json\/wp\/v2\/posts\/36941\" class=\"qtranxs-available-language-link qtranxs-available-language-link-tr\" title=\"Turkish\">Turkish<\/a>. For the sake of viewer convenience, the content is shown below in the alternative language. You may click the link to switch the active language.<\/p><p><\/p>\n<p style=\"color: #000000;\"><strong>Solar Impulse\u2019\u0131n d\u00fcnya turu, 9 Mart\u2019ta Abu Dabi\u2019den ba\u015flayacak. Projenin T\u00fcrkiye\u2019den tek resmi sponsoru ise Sabanc\u0131 Grubu \u015firketlerinden Brisa. \u0130s\u00advi\u00e7\u00adre\u00adli bi\u00adlim ada\u00adm\u0131 ve pi\u00adlot\u00adlar Ber\u00adtrand Pic\u00adcard ve An\u00addre Borsc\u00adhber\u00adg\u2019\u00adin 10 y\u0131l\u00add\u0131r \u00fcze\u00adrin\u00adde \u00e7a\u00adl\u0131\u015f\u00adt\u0131\u00ad\u011f\u0131, \u2018g\u00fc\u00adne\u015f ener\u00adji\u00adli u\u00e7a\u00adk\u2019 pro\u00adje\u00adsi, 9 Mar\u00adt\u2019\u00adta d\u00fcn\u00adya tu\u00adru\u00adna ba\u015f\u00adl\u0131\u00adyor.<\/strong><\/p>\n<p style=\"color: #000000;\">Hi\u00e7\u00adbir fo\u00adsil ya\u00adk\u0131t kul\u00adlan\u00adma\u00adyan ve sa\u00adde\u00adce g\u00fc\u00adne\u015f pil\u00adle\u00ad<a href=\"https:\/\/www.enerjigazetesi.ist\/wp-content\/uploads\/2015\/03\/gunes-enerjili-ucakla-dunya-turuna-sabanci-damgasi.jpg\"><img loading=\"lazy\" class=\"alignright size-medium wp-image-36942\" src=\"https:\/\/www.enerjigazetesi.ist\/wp-content\/uploads\/2015\/03\/gunes-enerjili-ucakla-dunya-turuna-sabanci-damgasi-300x200.jpg\" alt=\"gunes-enerjili-ucakla-dunya-turuna-sabanci-damgasi\" width=\"300\" height=\"200\" srcset=\"https:\/\/www.enerjigazetesi.ist\/wp-content\/uploads\/2015\/03\/gunes-enerjili-ucakla-dunya-turuna-sabanci-damgasi-300x200.jpg 300w, https:\/\/www.enerjigazetesi.ist\/wp-content\/uploads\/2015\/03\/gunes-enerjili-ucakla-dunya-turuna-sabanci-damgasi-500x333.jpg 500w, https:\/\/www.enerjigazetesi.ist\/wp-content\/uploads\/2015\/03\/gunes-enerjili-ucakla-dunya-turuna-sabanci-damgasi-75x50.jpg 75w, https:\/\/www.enerjigazetesi.ist\/wp-content\/uploads\/2015\/03\/gunes-enerjili-ucakla-dunya-turuna-sabanci-damgasi.jpg 870w\" sizes=\"(max-width: 300px) 100vw, 300px\" \/><\/a>riy\u00adle u\u00e7a\u00adbi\u00adlen So\u00adlar \u0130m\u00adpul\u00adse ad\u00adl\u0131 u\u00e7ak, ha\u00adva\u00adc\u0131\u00adl\u0131k tek\u00adno\u00adlo\u00adji\u00adsin\u00adde \u00e7\u0131\u00ad\u011f\u0131r a\u00e7a\u00adcak bir \u00e7a\u00adl\u0131\u015f\u00adma ola\u00adrak ni\u00adte\u00adlen\u00addi\u00adri\u00adli\u00adyor. Pro\u00adje\u00adnin ulus\u00adla\u00adra\u00adra\u00ads\u0131 res\u00admi spon\u00adsor\u00adla\u00adr\u0131 ara\u00ads\u0131\u00adna gi\u00adren tek T\u00fcrk fir\u00adma\u00ads\u0131 olan Bri\u00adsa, bu ta\u00adri\u00adhi yol\u00adcu\u00adlu\u00ad\u011fa ver\u00addi\u00ad\u011fi des\u00adtek\u00adle T\u00fcr\u00adki\u00adye\u00ad\u2019nin \u00f6zel sek\u00adt\u00f6\u00adr\u00fc\u00adn\u00fc tem\u00adsil ede\u00adcek.<\/p>\n<p style=\"color: #000000;\"><strong>HEDEF T\u00dcRK\u0130YE\u2019DEN BA\u015eLAMAKTI<\/strong><\/p>\n<p style=\"color: #000000;\">Ge\u00ad\u00e7en haf\u00adta so\u00adnu Bir\u00adle\u00ad\u015fik Arap Emir\u00adlik\u00adle\u00adri\u00ad\u2019nin ba\u015f\u00adken\u00adti Abu Da\u00adbi\u00ad\u2019de, Bri\u00adsa Ge\u00adnel M\u00fc\u00add\u00fc\u00adr\u00fc Ha\u00adkan Bay\u00adman ile bir ara\u00adya ge\u00adlen, So\u00adlar Im\u00adpul\u00adse\u00ad\u2019\u0131n mu\u00adci\u00addi ve pi\u00adlot\u00adla\u00adr\u0131 Pic\u00adcard ve Borsc\u00adhberg, d\u00fcn\u00adya tu\u00adru \u00f6n\u00adce\u00adsi T\u00fcr\u00adki\u00adye med\u00adya\u00ads\u0131\u00adn\u0131n so\u00adru\u00adla\u00adr\u0131\u00adn\u0131 ce\u00advap\u00adlan\u00add\u0131r\u00add\u0131.<\/p>\n<p style=\"color: #000000;\"><strong>ORTAKLI\u011eA 10 DAK\u0130KADA KARAR VERD\u0130K<\/strong><\/p>\n<p style=\"color: #000000;\">Bri\u00adsa ile or\u00adtak viz\u00adyo\u00adnu pay\u00adla\u015f\u00adt\u0131k\u00adla\u00adr\u0131 i\u00e7in bu yol\u00adcu\u00adluk\u00adta be\u00adra\u00adber ol\u00adma\u00adya ka\u00adrar ver\u00addik\u00adle\u00adri\u00adni ifa\u00adde eden Pic\u00adcard, \u201cB\u00adri\u00adsa ile or\u00adtak\u00adl\u0131\u00ad\u011fa ka\u00adrar ver\u00adme\u00admiz sa\u00adde\u00adce 10 da\u00adki\u00adka s\u00fcr\u00add\u00fc. S\u00fcr\u00add\u00fc\u00adr\u00fc\u00adle\u00adbi\u00adlir te\u00admiz ener\u00adji kul\u00adla\u00adn\u0131\u00adm\u0131 ko\u00adnu\u00adsun\u00adda ay\u00adn\u0131 viz\u00adyo\u00adnu pay\u00adla\u00ad\u015f\u0131\u00adyo\u00adruz. T\u00fcr\u00adki\u00adye be\u00adnim ikin\u00adci va\u00adta\u00adn\u0131m ve bu yol\u00adcu\u00adlu\u00ad\u011fa T\u00fcr\u00adki\u00adye\u00ad\u2019den ba\u015f\u00adla\u00adma\u00ady\u0131 ha\u00adyal et\u00adtim an\u00adcak ha\u00adva \u015fart\u00adla\u00adr\u0131 izin ver\u00adme\u00addi\u201d ifa\u00adde\u00adsi\u00adni kul\u00adlan\u00add\u0131.<\/p>\n<p style=\"color: #000000;\">Pic\u00adcar\u00add\u2019\u00ada g\u00f6\u00adre sa\u00adde\u00adce g\u00fc\u00adne\u015f ener\u00adji\u00adsiy\u00adle u\u00e7\u00admak \u00e7\u0131l\u00adg\u0131n bir fi\u00adkir\u00addi. Bu\u00adnu yap\u00admak i\u00e7in in\u00adsa\u00adno\u011f\u00adlu\u00adnun sa\u00adhip ol\u00addu\u00ad\u011fu b\u00fc\u00adt\u00fcn tek\u00adno\u00adlo\u00adji\u00adle\u00adri kul\u00adlan\u00add\u0131k\u00adla\u00adr\u0131\u00adn\u0131 be\u00adlir\u00adten bi\u00adlim ada\u00adm\u0131\u00adn\u0131n tes\u00adpit\u00adle\u00adri\u00adne g\u00f6\u00adre, fo\u00adsil k\u00f6\u00adken\u00adli ya\u00adk\u0131t\u00adla\u00adr\u0131n ye\u00adri\u00adne ye\u00adni\u00adle\u00adne\u00adbi\u00adlir ener\u00adji\u00adnin kul\u00adla\u00adn\u0131l\u00adma\u00ads\u0131y\u00adla, d\u00fcn\u00adya\u00adda\u00adki kar\u00adbon sa\u00adl\u0131\u00adn\u0131\u00adm\u0131 ya\u00adr\u0131 ya\u00adr\u0131\u00adya aza\u00adla\u00adcak. Pic\u00adcard ve Borsc\u00adhberg, So\u00adlar \u0130m\u00adpul\u00adse\u00ad\u2019\u0131n sa\u00adde\u00adce \u00e7ev\u00adre de\u00ad\u011fil, bir ge\u00adlir ve is\u00adtih\u00addam pro\u00adje\u00adsi ol\u00addu\u00ad\u011fu\u00adnu da vur\u00adgu\u00adlu\u00adyor.<\/p>\n<p style=\"color: #000000;\"><a style=\"color: #c75615;\" href=\"http:\/\/static.enerjienstitusu123.netdna-cdn.com\/file\/solar-impulse-2-328728397323.jpg\" target=\"_blank\"><img loading=\"lazy\" class=\"  wp-image-70536 aligncenter\" src=\"http:\/\/static.enerjienstitusu123.netdna-cdn.com\/file\/solar-impulse-2-328728397323.jpg\" alt=\"Solar Impulse 2 first flightSolar Impulse | Revillard | Rezo.ch\" width=\"446\" height=\"226\" \/><\/a><\/p>\n<p style=\"color: #000000;\"><strong>T\u0130CAR\u0130 U\u00c7U\u015eLARI \u00c7OCUKLARIMIZ G\u00d6R\u00dcR<\/strong><\/p>\n<p style=\"color: #000000;\">Bri\u00adsa\u00ad\u2019n\u0131n deste\u011finin, bu projenin m\u00fcm\u00adk\u00fcn ol\u00addu\u00ad\u011fu\u00adnu g\u00f6sterdi\u011fini vur\u00adgu\u00adla\u00adyan bi\u00adlim adam\u00adla\u00adr\u0131, ti\u00adca\u00adri u\u00e7u\u015f\u00adla il\u00adgi\u00adli \u015fu tes\u00adpi\u00adti yap\u00adt\u0131: \u201c100 y\u0131l \u00f6n\u00adce ilk u\u00e7ak\u00adlar u\u00e7\u00adma\u00adya ba\u015f\u00adla\u00add\u0131\u00ad\u011f\u0131n\u00adda, bun\u00adla\u00adr\u0131n ti\u00adca\u00adri u\u00e7u\u015f\u00adlar\u00adda kul\u00adla\u00adn\u0131l\u00adma\u00ads\u0131\u00adn\u0131n m\u00fcm\u00adk\u00fcn ol\u00adma\u00add\u0131\u00ad\u011f\u0131 g\u00f6\u00adr\u00fc\u00ad\u015f\u00fc var\u00add\u0131 ve 25 y\u0131l son\u00adra ti\u00adca\u00adri u\u00e7u\u015f\u00adlar ba\u015f\u00adla\u00add\u0131. So\u00adlar \u0130m\u00adpul\u00adse da bir ge\u00adle\u00adcek pro\u00adje\u00adsi\u00addir. Bel\u00adki ti\u00adca\u00adri u\u00e7u\u015f\u00adla\u00adr\u0131 biz g\u00f6r\u00adme\u00adyiz ama \u00e7o\u00adcuk\u00adla\u00adr\u0131\u00adm\u0131z g\u00f6\u00adre\u00adcek.\u201d<\/p>\n<p style=\"color: #000000;\"><strong>BU ENERJiDEN FAYDALANMIYORUZ<\/strong><\/p>\n<p style=\"color: #000000;\">T\u00fcr\u00adki\u00adye bir g\u00fc\u00adne\u015f \u00fcl\u00adke\u00adsi ol\u00adma\u00ads\u0131\u00adna ra\u011fmen bu ener\u00adji\u00adden hi\u00e7 fay\u00adda\u00adla\u00adna\u00adm\u0131\u00adyor. T\u00fcr\u00adki\u00adye\u00ad\u2019ye g\u00fc\u00adne\u015f i\u00e7in gel\u00aden Almanlar, ener\u00adji ih\u00adti\u00adya\u00e7\u00adla\u00adr\u0131\u00adn\u0131n y\u00fcz\u00adde 30\u2019nu da bu kaynaktan kar\u015f\u0131l\u0131yor.<\/p>\n<p style=\"color: #000000;\">T\u00fcr\u00adki\u00adye\u00ad\u2019de g\u00fc\u00adne\u00ad\u015fin en yo\u00ad\u011fun ol\u00addu\u00ad\u011fu b\u00f6l\u00adge olan Ak\u00adsa\u00adra\u00ady\u2019\u00adda ye\u00adni fa\u00adali\u00adye\u00adte ge\u00ad\u00e7en Bri\u00adsa fab\u00adri\u00adka\u00ads\u0131\u00adn\u0131n ida\u00adri bi\u00adna\u00adla\u00adr\u0131\u00adn\u0131n ta\u00adma\u00admen g\u00fc\u00adne\u015f ener\u00adji\u00adsin\u00adden ener\u00adji\u00adsi\u00adni al\u00add\u0131\u00ad\u011f\u0131 bil\u00adgi\u00adsi\u00adni ve\u00adren Ha\u00adkan Bay\u00adman, T\u00fcr\u00adki\u00adye\u00ad\u2019nin bu son\u00adsuz ener\u00adji kay\u00adna\u00ad\u011f\u0131n\u00addan fay\u00adda\u00adlan\u00adma\u00ads\u0131 ge\u00adrek\u00adti\u00ad\u011fi\u00adni vur\u00adgu\u00adla\u00add\u0131.<\/p>\n<p style=\"color: #000000;\">Haberin Devam\u0131 i\u00e7in\u00a0<a style=\"color: #c75615;\" href=\"http:\/\/www.bugun.com.tr\/ekonomi\/hedef-turkiyeydi-ama--haberi\/1522412\" target=\"_blank\" rel=\"nofollow\">t\u0131klay\u0131n\u0131z&gt;&gt;&gt;<\/a><\/p>\n<p style=\"color: #000000;\">Kaynak: Bug\u00fcn<\/p>\n<p><\/p>","protected":false},"excerpt":{"rendered":"<p>Sorry, this entry is only available in Turkish. For the sake of viewer convenience, the content is shown below in the alternative language. You may click the link to switch the active language. Solar Impulse\u2019\u0131n d\u00fcnya turu, 9 Mart\u2019ta Abu Dabi\u2019den ba\u015flayacak. Projenin T\u00fcrkiye\u2019den tek resmi sponsoru ise Sabanc\u0131 Grubu \u015firketlerinden Brisa. \u0130s\u00advi\u00e7\u00adre\u00adli bi\u00adlim ada\u00adm\u0131 [&hellip;]<\/p>\n","protected":false},"author":1,"featured_media":36942,"comment_status":"open","ping_status":"open","sticky":false,"template":"","format":"standard","meta":[],"categories":[53,49],"tags":[21701,21702,63,67,1009,2698,165,227,1628,13,21703,1012,1627],"views":499,"_links":{"self":[{"href":"https:\/\/www.enerjigazetesi.ist\/en\/wp-json\/wp\/v2\/posts\/36941"}],"collection":[{"href":"https:\/\/www.enerjigazetesi.ist\/en\/wp-json\/wp\/v2\/posts"}],"about":[{"href":"https:\/\/www.enerjigazetesi.ist\/en\/wp-json\/wp\/v2\/types\/post"}],"author":[{"embeddable":true,"href":"https:\/\/www.enerjigazetesi.ist\/en\/wp-json\/wp\/v2\/users\/1"}],"replies":[{"embeddable":true,"href":"https:\/\/www.enerjigazetesi.ist\/en\/wp-json\/wp\/v2\/comments?post=36941"}],"version-history":[{"count":1,"href":"https:\/\/www.enerjigazetesi.ist\/en\/wp-json\/wp\/v2\/posts\/36941\/revisions"}],"predecessor-version":[{"id":36943,"href":"https:\/\/www.enerjigazetesi.ist\/en\/wp-json\/wp\/v2\/posts\/36941\/revisions\/36943"}],"wp:featuredmedia":[{"embeddable":true,"href":"https:\/\/www.enerjigazetesi.ist\/en\/wp-json\/wp\/v2\/media\/36942"}],"wp:attachment":[{"href":"https:\/\/www.enerjigazetesi.ist\/en\/wp-json\/wp\/v2\/media?parent=36941"}],"wp:term":[{"taxonomy":"category","embeddable":true,"href":"https:\/\/www.enerjigazetesi.ist\/en\/wp-json\/wp\/v2\/categories?post=36941"},{"taxonomy":"post_tag","embeddable":true,"href":"https:\/\/www.enerjigazetesi.ist\/en\/wp-json\/wp\/v2\/tags?post=36941"}],"curies":[{"name":"wp","href":"https:\/\/api.w.org\/{rel}","templated":true}]}}