{"id":36926,"date":"2015-03-04T18:13:55","date_gmt":"2015-03-04T15:13:55","guid":{"rendered":"https:\/\/www.enerjigazetesi.ist\/?p=36926"},"modified":"2015-03-04T18:13:55","modified_gmt":"2015-03-04T15:13:55","slug":"tavuk-ciftliginde-elektrik-uretip-fazlasini-devlete-satacak","status":"publish","type":"post","link":"https:\/\/www.enerjigazetesi.ist\/en\/tavuk-ciftliginde-elektrik-uretip-fazlasini-devlete-satacak\/","title":{"rendered":"(Turkish) Tavuk \u00c7iftli\u011finde Elektrik \u00dcretip Fazlas\u0131n\u0131 Devlete Satacak!"},"content":{"rendered":"<p class=\"qtranxs-available-languages-message qtranxs-available-languages-message-en\">Sorry, this entry is only available in <a href=\"https:\/\/www.enerjigazetesi.ist\/tr\/wp-json\/wp\/v2\/posts\/36926\" class=\"qtranxs-available-language-link qtranxs-available-language-link-tr\" title=\"Turkish\">Turkish<\/a>. For the sake of viewer convenience, the content is shown below in the alternative language. You may click the link to switch the active language.<\/p><p><\/p>\n<p style=\"color: #000000;\"><strong>Ayd\u0131n\u2019\u0131n Germencik \u0130l\u00e7esi\u2019nde, bir tavuk i\u015fletmesinde kurulan g\u00fcne\u015f panelleriyle hem enerji ihtiyac\u0131 giderilecek, hem de devlete 10 y\u0131l boyunca elektrik sat\u0131lacak.<\/strong><\/p>\n<p style=\"color: #000000;\">Di\u011fer bir tesisine de g\u00fcne\u015f panelleri yerle\u015ftirmeye haz\u0131rlanan i\u015fletmeci 46 ya\u015f\u0131ndaki Hakan \u00c7akalo\u011flu, her \u015feyin haz\u0131r oldu\u011funu, \u00fcretim<a href=\"https:\/\/www.enerjigazetesi.ist\/wp-content\/uploads\/2015\/03\/tavuk-ciftliginde-elektrik-uretip-fazlasini-devlete-satacak.jpg\"><img loading=\"lazy\" class=\"alignright size-medium wp-image-36927\" src=\"https:\/\/www.enerjigazetesi.ist\/wp-content\/uploads\/2015\/03\/tavuk-ciftliginde-elektrik-uretip-fazlasini-devlete-satacak-300x169.jpg\" alt=\"tavuk-ciftliginde-elektrik-uretip-fazlasini-devlete-satacak\" width=\"300\" height=\"169\" srcset=\"https:\/\/www.enerjigazetesi.ist\/wp-content\/uploads\/2015\/03\/tavuk-ciftliginde-elektrik-uretip-fazlasini-devlete-satacak-300x169.jpg 300w, https:\/\/www.enerjigazetesi.ist\/wp-content\/uploads\/2015\/03\/tavuk-ciftliginde-elektrik-uretip-fazlasini-devlete-satacak-500x282.jpg 500w, https:\/\/www.enerjigazetesi.ist\/wp-content\/uploads\/2015\/03\/tavuk-ciftliginde-elektrik-uretip-fazlasini-devlete-satacak-80x45.jpg 80w, https:\/\/www.enerjigazetesi.ist\/wp-content\/uploads\/2015\/03\/tavuk-ciftliginde-elektrik-uretip-fazlasini-devlete-satacak.jpg 620w\" sizes=\"(max-width: 300px) 100vw, 300px\" \/><\/a>e ge\u00e7mek i\u00e7in yap\u0131lacak denetleme sonras\u0131 onay verilmesini beklediklerini s\u00f6yledi.<span id=\"more-70570\"><\/span><\/p>\n<p style=\"color: #000000;\">\u0130l\u00e7ede tavuk\u00e7uluk sekt\u00f6r\u00fcnde faaliyet g\u00f6steren Hakan \u00c7akalo\u011flu ve iki karde\u015fi, babas\u0131 78 ya\u015f\u0131ndaki Y\u0131lmaz \u00c7akalo\u011flu\u2019ndan devrald\u0131\u011f\u0131 bayra\u011f\u0131 ileriye ta\u015f\u0131d\u0131. \u0130ki ayr\u0131 \u00e7iftli\u011fin kapasitesi toplam 300 bin etlik tavu\u011fa kadar \u00e7\u0131kt\u0131.<\/p>\n<p style=\"color: #000000;\">Bununla yetinmeyen aile, yurt d\u0131\u015f\u0131 fuarlar\u0131nda g\u00f6rd\u00fc\u011f\u00fc g\u00fcne\u015f enerjisi panelleriyle elektrik \u00fcretimi sistemini kendi tesislerine ta\u015f\u0131d\u0131. Bunun i\u00e7in \u00f6ncelikle Germencik K\u0131z\u0131lcap\u0131nar Mahallesi\u2019ndeki 30 d\u00f6n\u00fcml\u00fck araziye kurulu tesislerinin \u00fczerine g\u00fcne\u015f enerjisi panelleri yerle\u015ftirdi.<\/p>\n<p style=\"color: #000000;\"><strong>FAAL\u0130YET \u0130\u00c7\u0130N ONAY BEKLEN\u0130YOR<\/strong><\/p>\n<p style=\"color: #000000;\">Hem \u00e7iftli\u011fin enerjisinin kar\u015f\u0131lanaca\u011f\u0131n\u0131 hem de devlete elektrik satacaklar\u0131n\u0131 belirten Hakan \u00c7akalo\u011flu, \u201cG\u00fcne\u015f enerjisi sistemlerinin her \u015feyi tamam. Sadece devletten denetleme gelecek ve onay bekleniyor. B\u00fcrokrasi nedeniyle \u00fc\u00e7 aydan beri bekliyoruz. Ge\u00e7 kal\u0131nd\u0131\u011f\u0131 i\u00e7in biraz \u00fczg\u00fcn\u00fcz. Devletimizden biz bu i\u015flerin daha kolay \u00e7\u00f6z\u00fclmesini bekliyoruz. Sonu\u00e7ta \u00fclkemize katk\u0131s\u0131 olan b\u00fcy\u00fck bir yat\u0131r\u0131md\u0131r. Biraz kolayl\u0131k ve biraz daha h\u0131zland\u0131r\u0131lsa \u00fclkemize faydal\u0131 olaca\u011f\u0131na inan\u0131yorum\u201d dedi.<\/p>\n<p style=\"color: #000000;\"><strong>10 YIL ELEKTR\u0130K SATACAK<\/strong><\/p>\n<p style=\"color: #000000;\">Di\u011fer tavuk \u00e7iftliklerine de g\u00fcne\u015f panelleri d\u00f6\u015femeyi d\u00fc\u015f\u00fcnd\u00fcklerini belirten \u00c7akalo\u011flu, \u201cKurmu\u015f oldu\u011fumuz g\u00fcne\u015f enerjisi sistemleriyle 500 KW elektrik \u00fcretebiliyoruz. Bu sistemin de\u011feri 2 milyon lira. Di\u011fer \u00e7iftli\u011fimizin \u00e7at\u0131lar\u0131na da bu sistemden kurmay\u0131 d\u00fc\u015f\u00fcn\u00fcyoruz. \u00dcretti\u011fimiz elektrikten be\u015fte birini biz kullanaca\u011f\u0131z. Geriye kalan\u0131n\u0131 devlete sataca\u011f\u0131z. Devletle 10 y\u0131ll\u0131k mukavele imzalad\u0131k. 10 y\u0131l bizden elektrik alma garantisi var. K\u0131ymetli arazilerimizin heba olmamas\u0131 i\u00e7in \u00e7iftli\u011fini \u00e7at\u0131lar\u0131n\u0131 de\u011ferlendirmeyi d\u00fc\u015f\u00fcnd\u00fck. Almanya\u2019daki fuarlara gitti\u011fimde g\u00f6rd\u00fcm. Orada hep bu sistemi kurmu\u015flar. \u00dclkemizde yeni yeni yapmaya ba\u015flad\u0131lar. Burada da \u00e7o\u011falaca\u011f\u0131na inan\u0131yorum. Arazileri heba etmeden gelecekteki \u00e7ocuklar\u0131m\u0131za daha g\u00fczel bir ortam sa\u011flayaca\u011f\u0131z. Her kesten de bu kat\u0131l\u0131mlar\u0131 bekliyoruz\u201d diye konu\u015ftu.<\/p>\n<p style=\"color: #000000;\">Kaynak:\u00a0<a style=\"color: #c75615;\" href=\"http:\/\/www.hurriyet.com.tr\/ege\/28357910.asp\" target=\"_blank\" rel=\"nofollow\">H\u00fcrriyet<\/a><\/p>\n<p><\/p>","protected":false},"excerpt":{"rendered":"<p>Sorry, this entry is only available in Turkish. For the sake of viewer convenience, the content is shown below in the alternative language. You may click the link to switch the active language. Ayd\u0131n\u2019\u0131n Germencik \u0130l\u00e7esi\u2019nde, bir tavuk i\u015fletmesinde kurulan g\u00fcne\u015f panelleriyle hem enerji ihtiyac\u0131 giderilecek, hem de devlete 10 y\u0131l boyunca elektrik sat\u0131lacak. Di\u011fer [&hellip;]<\/p>\n","protected":false},"author":1,"featured_media":36927,"comment_status":"open","ping_status":"open","sticky":false,"template":"","format":"standard","meta":[],"categories":[51,53,49],"tags":[19,63,67,1009,93,2698,165,227,13,108,21697],"views":1127,"_links":{"self":[{"href":"https:\/\/www.enerjigazetesi.ist\/en\/wp-json\/wp\/v2\/posts\/36926"}],"collection":[{"href":"https:\/\/www.enerjigazetesi.ist\/en\/wp-json\/wp\/v2\/posts"}],"about":[{"href":"https:\/\/www.enerjigazetesi.ist\/en\/wp-json\/wp\/v2\/types\/post"}],"author":[{"embeddable":true,"href":"https:\/\/www.enerjigazetesi.ist\/en\/wp-json\/wp\/v2\/users\/1"}],"replies":[{"embeddable":true,"href":"https:\/\/www.enerjigazetesi.ist\/en\/wp-json\/wp\/v2\/comments?post=36926"}],"version-history":[{"count":1,"href":"https:\/\/www.enerjigazetesi.ist\/en\/wp-json\/wp\/v2\/posts\/36926\/revisions"}],"predecessor-version":[{"id":36928,"href":"https:\/\/www.enerjigazetesi.ist\/en\/wp-json\/wp\/v2\/posts\/36926\/revisions\/36928"}],"wp:featuredmedia":[{"embeddable":true,"href":"https:\/\/www.enerjigazetesi.ist\/en\/wp-json\/wp\/v2\/media\/36927"}],"wp:attachment":[{"href":"https:\/\/www.enerjigazetesi.ist\/en\/wp-json\/wp\/v2\/media?parent=36926"}],"wp:term":[{"taxonomy":"category","embeddable":true,"href":"https:\/\/www.enerjigazetesi.ist\/en\/wp-json\/wp\/v2\/categories?post=36926"},{"taxonomy":"post_tag","embeddable":true,"href":"https:\/\/www.enerjigazetesi.ist\/en\/wp-json\/wp\/v2\/tags?post=36926"}],"curies":[{"name":"wp","href":"https:\/\/api.w.org\/{rel}","templated":true}]}}