{"id":36910,"date":"2015-03-04T11:58:50","date_gmt":"2015-03-04T08:58:50","guid":{"rendered":"https:\/\/www.enerjigazetesi.ist\/?p=36910"},"modified":"2015-03-04T11:59:25","modified_gmt":"2015-03-04T08:59:25","slug":"sabanci-holding-ceosu-kurtul-enerjisayi-halka-acmayi-planliyoruz","status":"publish","type":"post","link":"https:\/\/www.enerjigazetesi.ist\/en\/sabanci-holding-ceosu-kurtul-enerjisayi-halka-acmayi-planliyoruz\/","title":{"rendered":"(Turkish) Sabanc\u0131 Holding CEO\u2019su Kurtul: \u201cEnerjisa\u2019y\u0131 Halka A\u00e7may\u0131 Planl\u0131yoruz&#8230;\u201d"},"content":{"rendered":"<p class=\"qtranxs-available-languages-message qtranxs-available-languages-message-en\">Sorry, this entry is only available in <a href=\"https:\/\/www.enerjigazetesi.ist\/tr\/wp-json\/wp\/v2\/posts\/36910\" class=\"qtranxs-available-language-link qtranxs-available-language-link-tr\" title=\"Turkish\">Turkish<\/a>. For the sake of viewer convenience, the content is shown below in the alternative language. You may click the link to switch the active language.<\/p><p><\/p>\n<p style=\"color: #000000;\"><strong>Sabanc\u0131 Holding \u00dcst Y\u00f6neticisi (CEO) Zafer Kurtul, \u201cPortf\u00f6y\u00fcm\u00fczdeki halka a\u00e7\u0131k olmayan en b\u00fcy\u00fck \u015firket EnerjiSA, bununla ilgili bir halka a\u00e7\u0131lma plan\u0131m\u0131z var, hem piyasa \u015fartlar\u0131 hem de \u015firketin performans\u0131 nedeniyle, bu arz 2016\u2019dan daha ileri bir tarih olacakt\u0131r\u201d dedi.<\/strong><span id=\"more-70554\"><\/span><\/p>\n<p style=\"color: #000000;\">Kurtul, Sabanc\u0131 Holding\u2019in 2014 y\u0131l\u0131 sonu\u00e7lar\u0131n\u0131 a\u00e7\u0131kla<a href=\"https:\/\/www.enerjigazetesi.ist\/wp-content\/uploads\/2015\/03\/sabanci-holding-ceosu-kurtul-enerjisayi-halka-acmayi-planliyoruz.jpg\"><img loading=\"lazy\" class=\"alignleft wp-image-36911 size-medium\" src=\"https:\/\/www.enerjigazetesi.ist\/wp-content\/uploads\/2015\/03\/sabanci-holding-ceosu-kurtul-enerjisayi-halka-acmayi-planliyoruz-300x168.jpg\" alt=\"sabanci-holding-ceosu-kurtul-enerjisayi-halka-acmayi-planliyoruz\" width=\"300\" height=\"168\" srcset=\"https:\/\/www.enerjigazetesi.ist\/wp-content\/uploads\/2015\/03\/sabanci-holding-ceosu-kurtul-enerjisayi-halka-acmayi-planliyoruz-300x168.jpg 300w, https:\/\/www.enerjigazetesi.ist\/wp-content\/uploads\/2015\/03\/sabanci-holding-ceosu-kurtul-enerjisayi-halka-acmayi-planliyoruz-500x280.jpg 500w, https:\/\/www.enerjigazetesi.ist\/wp-content\/uploads\/2015\/03\/sabanci-holding-ceosu-kurtul-enerjisayi-halka-acmayi-planliyoruz-80x44.jpg 80w, https:\/\/www.enerjigazetesi.ist\/wp-content\/uploads\/2015\/03\/sabanci-holding-ceosu-kurtul-enerjisayi-halka-acmayi-planliyoruz.jpg 788w\" sizes=\"(max-width: 300px) 100vw, 300px\" \/><\/a>d\u0131\u011f\u0131 ve 2015 y\u0131l\u0131 hedeflerini payla\u015ft\u0131\u011f\u0131 Y\u0131ll\u0131k Payla\u015f\u0131m Toplant\u0131s\u0131 sonras\u0131 gazetecilerin sorular\u0131n\u0131 yan\u0131tlad\u0131. Konu\u015fmas\u0131nda halka a\u00e7\u0131k olmayan \u015firketlerin halka a\u00e7\u0131lmas\u0131 y\u00f6n\u00fcnde \u00e7al\u0131\u015fma yapacaklar\u0131n\u0131 belirten Kurtul, \u00e7al\u0131\u015fmalar\u0131n EnerjiSA\u2019y\u0131 kapsayan k\u0131sm\u0131na y\u00f6nelik, \u201cPortf\u00f6y\u00fcm\u00fczdeki halka a\u00e7\u0131k olmayan en b\u00fcy\u00fck \u015firket EnerjiSA, bununla ilgili bir halka a\u00e7\u0131lma plan\u0131m\u0131z var. Halka a\u00e7\u0131k \u015firketlerimizde de derinli\u011fi, likiditeyi nas\u0131l art\u0131r\u0131r\u0131z diye \u00e7al\u0131\u015fmalar\u0131m\u0131z var. TemSA i\u00e7in \u015fu an bir plan\u0131m\u0131z yok\u201d ifadelerini kulland\u0131.<\/p>\n<p style=\"color: #000000;\">Bu arz\u0131n, daha \u00f6nce telaffuz edilen 2016 y\u0131l\u0131nda olup olmayaca\u011f\u0131 y\u00f6n\u00fcndeki soruyu Kurtul, \u015fu \u015fekilde yan\u0131tlad\u0131:<\/p>\n<p style=\"color: #000000;\">\u201cDaha gecikecek gibi g\u00f6z\u00fck\u00fcyor. Hem piyasa \u015fartlar\u0131 hem de \u015firketin performans\u0131 nedeniyle 2016\u2019dan daha ileri bir tarih olacakt\u0131r. 2016\u2019daki yeni tarife d\u00f6nemi \u015firket i\u00e7in \u00e7ok \u00f6nemli, \u00fcretim taraf\u0131nda da fazla kapasite var ve elektrik fiyatlar\u0131\u2026<\/p>\n<p style=\"color: #000000;\">Yeni tarife d\u00f6nemine 2016 y\u0131l\u0131nda ge\u00e7ece\u011fiz. Bir \u00fcretim taraf\u0131 bir de da\u011f\u0131t\u0131m ve perakende taraf\u0131 var. Da\u011f\u0131t\u0131m ve perakende reg\u00fcle bir i\u015f, orada yeni tarife d\u00f6nemine ge\u00e7ilecek. Bu yeni tarifeyle, yeni yat\u0131r\u0131m miktar\u0131 belirlenecek, yeni operasyon gideri tutar\u0131, kay\u0131p-ka\u00e7ak oranlar\u0131 belirlenecek. Bir de serbest rekabete a\u00e7\u0131lmas\u0131, limitin kalkmas\u0131 ve herkesin serbest m\u00fc\u015fteri haline gelmesi gibi konular oldu\u011fu zaman, yat\u0131r\u0131mc\u0131 a\u00e7\u0131s\u0131ndan \u015firketin gelece\u011fi daha net g\u00f6z\u00fckecek.\u201d<\/p>\n<p style=\"color: #000000;\">Sat\u0131n almalarda \u00f6zellikle \u00e7imento konusunda f\u0131rsatlar\u0131 de\u011ferlendireceklerini s\u00f6yleyen Kurtul, bununla ilgili netle\u015fen bir tarih s\u00f6yleyemeyece\u011fini dile getirdi. Zafer Kurtul, faize y\u00f6nelik soruyu, \u201cKredi faizleri d\u00fc\u015fs\u00fcn istiyorsak bir arac\u0131l\u0131k maliyetlerine bakmak laz\u0131m. Bir de tabii enflasyon \u00f6nemli. Enflasyonda da farkl\u0131 g\u00f6r\u00fc\u015fler olabilir, bu \u00e7ok normal ama tabii enflasyon art\u0131 i\u015fsizli\u011fi toplad\u0131\u011f\u0131m\u0131zda T\u00fcrkiye y\u00fcksek seviyelerde, bunun d\u00fc\u015f\u00fcr\u00fclmesi laz\u0131m\u201d \u015feklinde yan\u0131tlad\u0131.<\/p>\n<p style=\"color: #000000;\">Kurtul, \u015firkette ya\u015fanan b\u00fcy\u00fcmenin k\u0131r\u0131l\u0131m\u0131na ili\u015fkin \u201cEnerjide \u00e7ok \u00f6nemli bir b\u00fcy\u00fcme ger\u00e7ekle\u015fti. Enerjide ciro b\u00fcy\u00fcmesi y\u00fczde 64, bunun da kayna\u011f\u0131 \u00f6zellikle bu iki tane sat\u0131n al\u0131nan da\u011f\u0131t\u0131m b\u00f6lgesi, \u0130stanbul Anadolu Yakas\u0131 (AYEDA\u015e), Toroslar. Bunun yan\u0131nda ikinci b\u00fcy\u00fck geli\u015fim banka d\u0131\u015f\u0131 diye bakarsak \u00e7imento sekt\u00f6r\u00fc, ondan sonra sigorta ve perakende diye geliyor\u201d a\u00e7\u0131klamas\u0131nda bulundu.<\/p>\n<p style=\"color: #000000;\">Kaynak: Enerji Enstit\u00fcs\u00fc<\/p>\n<p><\/p>","protected":false},"excerpt":{"rendered":"<p>Sorry, this entry is only available in Turkish. For the sake of viewer convenience, the content is shown below in the alternative language. You may click the link to switch the active language. Sabanc\u0131 Holding \u00dcst Y\u00f6neticisi (CEO) Zafer Kurtul, \u201cPortf\u00f6y\u00fcm\u00fczdeki halka a\u00e7\u0131k olmayan en b\u00fcy\u00fck \u015firket EnerjiSA, bununla ilgili bir halka a\u00e7\u0131lma plan\u0131m\u0131z var, [&hellip;]<\/p>\n","protected":false},"author":1,"featured_media":36911,"comment_status":"open","ping_status":"open","sticky":false,"template":"","format":"standard","meta":[],"categories":[53],"tags":[2320,8756,21688,343,63,67,1009,2698,165,422,19389,1048],"views":854,"_links":{"self":[{"href":"https:\/\/www.enerjigazetesi.ist\/en\/wp-json\/wp\/v2\/posts\/36910"}],"collection":[{"href":"https:\/\/www.enerjigazetesi.ist\/en\/wp-json\/wp\/v2\/posts"}],"about":[{"href":"https:\/\/www.enerjigazetesi.ist\/en\/wp-json\/wp\/v2\/types\/post"}],"author":[{"embeddable":true,"href":"https:\/\/www.enerjigazetesi.ist\/en\/wp-json\/wp\/v2\/users\/1"}],"replies":[{"embeddable":true,"href":"https:\/\/www.enerjigazetesi.ist\/en\/wp-json\/wp\/v2\/comments?post=36910"}],"version-history":[{"count":2,"href":"https:\/\/www.enerjigazetesi.ist\/en\/wp-json\/wp\/v2\/posts\/36910\/revisions"}],"predecessor-version":[{"id":36913,"href":"https:\/\/www.enerjigazetesi.ist\/en\/wp-json\/wp\/v2\/posts\/36910\/revisions\/36913"}],"wp:featuredmedia":[{"embeddable":true,"href":"https:\/\/www.enerjigazetesi.ist\/en\/wp-json\/wp\/v2\/media\/36911"}],"wp:attachment":[{"href":"https:\/\/www.enerjigazetesi.ist\/en\/wp-json\/wp\/v2\/media?parent=36910"}],"wp:term":[{"taxonomy":"category","embeddable":true,"href":"https:\/\/www.enerjigazetesi.ist\/en\/wp-json\/wp\/v2\/categories?post=36910"},{"taxonomy":"post_tag","embeddable":true,"href":"https:\/\/www.enerjigazetesi.ist\/en\/wp-json\/wp\/v2\/tags?post=36910"}],"curies":[{"name":"wp","href":"https:\/\/api.w.org\/{rel}","templated":true}]}}