{"id":36899,"date":"2015-03-04T09:19:53","date_gmt":"2015-03-04T06:19:53","guid":{"rendered":"https:\/\/www.enerjigazetesi.ist\/?p=36899"},"modified":"2015-03-04T09:19:53","modified_gmt":"2015-03-04T06:19:53","slug":"iran-busehr-nukleer-santralinin-faaliyetlerine-ara-verdi","status":"publish","type":"post","link":"https:\/\/www.enerjigazetesi.ist\/en\/iran-busehr-nukleer-santralinin-faaliyetlerine-ara-verdi\/","title":{"rendered":"(Turkish) \u0130ran, Bu\u015fehr N\u00fckleer Santralinin Faaliyetlerine Ara Verdi&#8230;"},"content":{"rendered":"<p class=\"qtranxs-available-languages-message qtranxs-available-languages-message-en\">Sorry, this entry is only available in <a href=\"https:\/\/www.enerjigazetesi.ist\/tr\/wp-json\/wp\/v2\/posts\/36899\" class=\"qtranxs-available-language-link qtranxs-available-language-link-tr\" title=\"Turkish\">Turkish<\/a>. For the sake of viewer convenience, the content is shown below in the alternative language. You may click the link to switch the active language.<\/p><p><\/p>\n<p style=\"color: #000000;\"><strong>\u0130ran Atom Enerjisi Kurumu (\u0130AEK) Bu\u015fehr n\u00fckleer enerji santralindeki faaliyetlerin, \u201cbak\u0131m \u00e7al\u0131\u015fmalar\u0131\u201d nedeniyle ge\u00e7ici olarak durduruldu\u011funu bildirdi.<\/strong><\/p>\n<p style=\"color: #000000;\">\u0130AEK\u2019dan yap\u0131lan a\u00e7\u0131klamada, \u201c<a href=\"https:\/\/www.enerjigazetesi.ist\/wp-content\/uploads\/2015\/03\/iran-n\u00fckleer-santral-2398323.jpg\"><img loading=\"lazy\" class=\"alignleft  wp-image-36900\" src=\"https:\/\/www.enerjigazetesi.ist\/wp-content\/uploads\/2015\/03\/iran-n\u00fckleer-santral-2398323-300x149.jpg\" alt=\"iran-n\u00fckleer-santral-2398323\" width=\"300\" height=\"189\" \/><\/a>Elektrik enerjisinin en \u00e7ok kullan\u0131ld\u0131\u011f\u0131 yaz aylar\u0131ndaki ihtiyaca cevap verilebilmesi i\u00e7in yak\u0131t art\u0131r\u0131m\u0131n\u0131n yap\u0131laca\u011f\u0131 Bu\u015fehr n\u00fckleer enerji santralinin faaliyetlerinin durduruldu\u011fu\u201d kaydedildi.<span id=\"more-70547\"><\/span>\u00a0Faaliyetlerin\u00a0pazar ak\u015fam\u0131 itibariyle durduruldu\u011fu aktar\u0131lan a\u00e7\u0131klamada, bak\u0131m \u00e7al\u0131\u015fmalar\u0131n\u0131n 2 ay s\u00fcrmesinin planland\u0131\u011f\u0131 belirtildi.<\/p>\n<p style=\"color: #000000;\">\u015eah d\u00f6neminde ABD, Almanya ve Fransa gibi Bat\u0131l\u0131 \u00fclkelerce n\u00fckleer tesis kurmaya te\u015fvik edilen \u0130ran, 1979\u2019daki devrimden sonra n\u00fckleer faaliyetlerinden dolay\u0131 bu \u00fclkelerin yapt\u0131r\u0131m ve bask\u0131lar\u0131na maruz kald\u0131. Bat\u0131 \u00fclkeleri, \u015eah\u2019\u0131n devrilmesinin ard\u0131ndan n\u00fckleer projelerle ilgili anla\u015fmalar\u0131 tek tarafl\u0131 iptal etti.<\/p>\n<p style=\"color: #000000;\">Yar\u0131m kalan projelerden Bu\u015fehr n\u00fckleer santralinin tamamlanmas\u0131 i\u00e7in 1990\u2019l\u0131 y\u0131llarda Rusya devreye girdi ve \u0130ran\u2019la yap\u0131lan g\u00f6r\u00fc\u015fmelerden sonra Rusya, Bu\u015fehr\u2019in bitirilmesini \u00fcstlendi.<\/p>\n<p style=\"color: #000000;\">Rusya\u2019n\u0131n 1999\u2019da teslim etme vaadinde bulundu\u011fu santralin yap\u0131m\u0131, ABD ve m\u00fcttefiklerinin Moskova \u00fczerindeki \u201cbask\u0131lar\u0131n\u0131n ve di\u011fer uluslararas\u0131 dengelerin\u201d etkisiyle zaman\u0131nda tamamlanamad\u0131. Rusya y\u00f6netimi ise gecikmeyi ekonomik ve teknik sorunlara ba\u011fl\u0131yordu. \u0130ran\u2019\u0131n tek n\u00fckleer enerji santrali Bu\u015fehr, 2012\u2019de 1000 megavat olarak tam kapasiteyle \u00e7al\u0131\u015fmaya ba\u015flam\u0131\u015f, 2013\u2019te de Rusya santrali \u0130ran\u2019a teslim etmi\u015fti.<\/p>\n<p style=\"color: #000000;\">Kaynak: Enerji Enstit\u00fcs\u00fc<\/p>\n<p><\/p>","protected":false},"excerpt":{"rendered":"<p>Sorry, this entry is only available in Turkish. For the sake of viewer convenience, the content is shown below in the alternative language. You may click the link to switch the active language. \u0130ran Atom Enerjisi Kurumu (\u0130AEK) Bu\u015fehr n\u00fckleer enerji santralindeki faaliyetlerin, \u201cbak\u0131m \u00e7al\u0131\u015fmalar\u0131\u201d nedeniyle ge\u00e7ici olarak durduruldu\u011funu bildirdi. \u0130AEK\u2019dan yap\u0131lan a\u00e7\u0131klamada, \u201cElektrik enerjisinin [&hellip;]<\/p>\n","protected":false},"author":1,"featured_media":36900,"comment_status":"open","ping_status":"open","sticky":false,"template":"","format":"standard","meta":[],"categories":[53,43],"tags":[21686,19501,11679,3767,21687],"views":713,"_links":{"self":[{"href":"https:\/\/www.enerjigazetesi.ist\/en\/wp-json\/wp\/v2\/posts\/36899"}],"collection":[{"href":"https:\/\/www.enerjigazetesi.ist\/en\/wp-json\/wp\/v2\/posts"}],"about":[{"href":"https:\/\/www.enerjigazetesi.ist\/en\/wp-json\/wp\/v2\/types\/post"}],"author":[{"embeddable":true,"href":"https:\/\/www.enerjigazetesi.ist\/en\/wp-json\/wp\/v2\/users\/1"}],"replies":[{"embeddable":true,"href":"https:\/\/www.enerjigazetesi.ist\/en\/wp-json\/wp\/v2\/comments?post=36899"}],"version-history":[{"count":1,"href":"https:\/\/www.enerjigazetesi.ist\/en\/wp-json\/wp\/v2\/posts\/36899\/revisions"}],"predecessor-version":[{"id":36901,"href":"https:\/\/www.enerjigazetesi.ist\/en\/wp-json\/wp\/v2\/posts\/36899\/revisions\/36901"}],"wp:featuredmedia":[{"embeddable":true,"href":"https:\/\/www.enerjigazetesi.ist\/en\/wp-json\/wp\/v2\/media\/36900"}],"wp:attachment":[{"href":"https:\/\/www.enerjigazetesi.ist\/en\/wp-json\/wp\/v2\/media?parent=36899"}],"wp:term":[{"taxonomy":"category","embeddable":true,"href":"https:\/\/www.enerjigazetesi.ist\/en\/wp-json\/wp\/v2\/categories?post=36899"},{"taxonomy":"post_tag","embeddable":true,"href":"https:\/\/www.enerjigazetesi.ist\/en\/wp-json\/wp\/v2\/tags?post=36899"}],"curies":[{"name":"wp","href":"https:\/\/api.w.org\/{rel}","templated":true}]}}