{"id":36864,"date":"2015-03-03T11:13:34","date_gmt":"2015-03-03T08:13:34","guid":{"rendered":"https:\/\/www.enerjigazetesi.ist\/?p=36864"},"modified":"2015-03-03T11:14:16","modified_gmt":"2015-03-03T08:14:16","slug":"solar-impulse-2-isimli-gunes-enerjisiyle-calisan-ucak-dunyanin-etrafini-dolasacak","status":"publish","type":"post","link":"https:\/\/www.enerjigazetesi.ist\/en\/solar-impulse-2-isimli-gunes-enerjisiyle-calisan-ucak-dunyanin-etrafini-dolasacak\/","title":{"rendered":"(Turkish) Solar Impulse 2 G\u00fcne\u015f Enerjisiyle \u00c7al\u0131\u015fan U\u00e7ak, D\u00fcnya&#8217;y\u0131 Dola\u015facak&#8230;"},"content":{"rendered":"<p class=\"qtranxs-available-languages-message qtranxs-available-languages-message-en\">Sorry, this entry is only available in <a href=\"https:\/\/www.enerjigazetesi.ist\/tr\/wp-json\/wp\/v2\/posts\/36864\" class=\"qtranxs-available-language-link qtranxs-available-language-link-tr\" title=\"Turkish\">Turkish<\/a>. For the sake of viewer convenience, the content is shown below in the alternative language. You may click the link to switch the active language.<\/p><p><\/p>\n<p style=\"color: #000000;\"><strong>G\u00fcne\u015f enerjisi kullanacak olan u\u00e7ak D\u00fcnya etraf\u0131nda tur atmaya haz\u0131rlan\u0131yor.<\/strong><\/p>\n<p style=\"color: #000000;\">\u0130svi\u00e7reli bilim insanlar\u0131n\u0131n tasarlad\u0131\u011f\u0131 \u201cSolar Impulse 2\u2033 isimli g\u00fcne\u015f enerjisiyle \u00e7al\u0131\u015fan u\u00e7ak D\u00fcnya\u2019n\u0131n etraf\u0131nda dola\u015fmak i\u00e7in son haz\u0131rl\u0131klar\u0131 tamamlad\u0131.<a href=\"https:\/\/www.enerjigazetesi.ist\/wp-content\/uploads\/2015\/03\/solar-impulse-2-isimli-gunes-enerjisiyle-calisan-ucak-dunyanin-etrafini-dolasacak.jpg\"><img loading=\"lazy\" class=\"alignleft wp-image-36865 size-medium\" src=\"https:\/\/www.enerjigazetesi.ist\/wp-content\/uploads\/2015\/03\/solar-impulse-2-isimli-gunes-enerjisiyle-calisan-ucak-dunyanin-etrafini-dolasacak-300x152.jpg\" alt=\"Solar Impulse 2 first flight Solar Impulse | Revillard | Rezo.ch\" width=\"300\" height=\"152\" srcset=\"https:\/\/www.enerjigazetesi.ist\/wp-content\/uploads\/2015\/03\/solar-impulse-2-isimli-gunes-enerjisiyle-calisan-ucak-dunyanin-etrafini-dolasacak-300x152.jpg 300w, https:\/\/www.enerjigazetesi.ist\/wp-content\/uploads\/2015\/03\/solar-impulse-2-isimli-gunes-enerjisiyle-calisan-ucak-dunyanin-etrafini-dolasacak-500x253.jpg 500w, https:\/\/www.enerjigazetesi.ist\/wp-content\/uploads\/2015\/03\/solar-impulse-2-isimli-gunes-enerjisiyle-calisan-ucak-dunyanin-etrafini-dolasacak-80x40.jpg 80w, https:\/\/www.enerjigazetesi.ist\/wp-content\/uploads\/2015\/03\/solar-impulse-2-isimli-gunes-enerjisiyle-calisan-ucak-dunyanin-etrafini-dolasacak.jpg 870w\" sizes=\"(max-width: 300px) 100vw, 300px\" \/><\/a><span id=\"more-70535\"><\/span><\/p>\n<p style=\"color: #000000;\">Tek damla benzin kullanmadan D\u00fcnya\u2019n\u0131n etraf\u0131nda dola\u015fmas\u0131 i\u00e7in tasarlanan \u201cSolar Impulse 2\u2033 bug\u00fcn\u00a0Abu Dubai\u2019deki \u00f6zel bir alandan havalanacakt\u0131. Ancak hava ko\u015fullar\u0131n\u0131n elveri\u015fsiz olmas\u0131 nedeniyle u\u00e7u\u015f ertelendi.<\/p>\n<p style=\"color: #000000;\">Bir Airbus A380 u\u00e7a\u011f\u0131 kadar kanat uzunlu\u011fu bulunan \u201cSolar Impulse 2\u2033 ayn\u0131 u\u00e7akla kar\u015f\u0131la\u015ft\u0131r\u0131ld\u0131\u011f\u0131nda 150 defa daha az a\u011f\u0131rl\u0131\u011fa sahip.<\/p>\n<p style=\"color: #000000;\">Proje y\u00f6neticisi Cladia Durgnat g\u00fcne\u015f enerjisiyle \u00e7al\u0131\u015fan \u201cSolar Impulse 2\u2033\u2018nin u\u00e7u\u015funun cumartesi g\u00fcn\u00fcne ertelenmesinde hava ko\u015fullar\u0131n\u0131n etkili oldu\u011funu s\u00f6yledi.<\/p>\n<p style=\"color: #000000;\">\u201cSolar Impulse 2\u2033 D\u00fcnya\u2019n\u0131n etraf\u0131n\u0131 25 etapta d\u00f6necek. S\u00f6z konusu 25 etap 5 ayda tamamlanacak.<\/p>\n<p style=\"color: #000000;\">Planlanan rota ise Abu Dubai\u2019den ba\u015flayarak Umman\u2019\u0131n ba\u015fkenti Maskat\u2019a oradan Hindistan ve \u00c7in \u00fczerinden ABD\u2019ye ge\u00e7ecek.<br \/>\n\u201cSolar Impulse 2\u2033 \u0130svi\u00e7reli bilim insanlar\u0131 Bertrand Piccard ve Andre Borschberg taraf\u0131ndan bir y\u0131l \u00f6nce tan\u0131t\u0131ld\u0131.<\/p>\n<p style=\"color: #000000;\">Kaynak: Enerji Enstit\u00fcs\u00fc<\/p>\n<p><\/p>","protected":false},"excerpt":{"rendered":"<p>Sorry, this entry is only available in Turkish. For the sake of viewer convenience, the content is shown below in the alternative language. You may click the link to switch the active language. G\u00fcne\u015f enerjisi kullanacak olan u\u00e7ak D\u00fcnya etraf\u0131nda tur atmaya haz\u0131rlan\u0131yor. \u0130svi\u00e7reli bilim insanlar\u0131n\u0131n tasarlad\u0131\u011f\u0131 \u201cSolar Impulse 2\u2033 isimli g\u00fcne\u015f enerjisiyle \u00e7al\u0131\u015fan u\u00e7ak [&hellip;]<\/p>\n","protected":false},"author":1,"featured_media":36865,"comment_status":"open","ping_status":"open","sticky":false,"template":"","format":"standard","meta":[],"categories":[53,49],"tags":[21674,63,67,1009,2698,165,227,13,21675,14228],"views":1046,"_links":{"self":[{"href":"https:\/\/www.enerjigazetesi.ist\/en\/wp-json\/wp\/v2\/posts\/36864"}],"collection":[{"href":"https:\/\/www.enerjigazetesi.ist\/en\/wp-json\/wp\/v2\/posts"}],"about":[{"href":"https:\/\/www.enerjigazetesi.ist\/en\/wp-json\/wp\/v2\/types\/post"}],"author":[{"embeddable":true,"href":"https:\/\/www.enerjigazetesi.ist\/en\/wp-json\/wp\/v2\/users\/1"}],"replies":[{"embeddable":true,"href":"https:\/\/www.enerjigazetesi.ist\/en\/wp-json\/wp\/v2\/comments?post=36864"}],"version-history":[{"count":2,"href":"https:\/\/www.enerjigazetesi.ist\/en\/wp-json\/wp\/v2\/posts\/36864\/revisions"}],"predecessor-version":[{"id":36867,"href":"https:\/\/www.enerjigazetesi.ist\/en\/wp-json\/wp\/v2\/posts\/36864\/revisions\/36867"}],"wp:featuredmedia":[{"embeddable":true,"href":"https:\/\/www.enerjigazetesi.ist\/en\/wp-json\/wp\/v2\/media\/36865"}],"wp:attachment":[{"href":"https:\/\/www.enerjigazetesi.ist\/en\/wp-json\/wp\/v2\/media?parent=36864"}],"wp:term":[{"taxonomy":"category","embeddable":true,"href":"https:\/\/www.enerjigazetesi.ist\/en\/wp-json\/wp\/v2\/categories?post=36864"},{"taxonomy":"post_tag","embeddable":true,"href":"https:\/\/www.enerjigazetesi.ist\/en\/wp-json\/wp\/v2\/tags?post=36864"}],"curies":[{"name":"wp","href":"https:\/\/api.w.org\/{rel}","templated":true}]}}