{"id":36850,"date":"2015-03-02T16:07:08","date_gmt":"2015-03-02T13:07:08","guid":{"rendered":"https:\/\/www.enerjigazetesi.ist\/?p=36850"},"modified":"2015-03-02T16:07:08","modified_gmt":"2015-03-02T13:07:08","slug":"bakan-yildiz-kandil-daginda-petrol-arayacagiz","status":"publish","type":"post","link":"https:\/\/www.enerjigazetesi.ist\/en\/bakan-yildiz-kandil-daginda-petrol-arayacagiz\/","title":{"rendered":"(Turkish) Bakan Y\u0131ld\u0131z: \u201cKandil Da\u011f\u0131\u2019nda Petrol Arayaca\u011f\u0131z&#8230;\u201d"},"content":{"rendered":"<p class=\"qtranxs-available-languages-message qtranxs-available-languages-message-en\">Sorry, this entry is only available in <a href=\"https:\/\/www.enerjigazetesi.ist\/tr\/wp-json\/wp\/v2\/posts\/36850\" class=\"qtranxs-available-language-link qtranxs-available-language-link-tr\" title=\"Turkish\">Turkish<\/a>. For the sake of viewer convenience, the content is shown below in the alternative language. You may click the link to switch the active language.<\/p><p><\/p>\n<p style=\"color: #000000;\"><strong>Enerji Bakan\u0131 Taner Y\u0131ld\u0131z, T\u00fcrkiye\u2019nin Kandil Da\u011f\u0131 eteklerinde bloklar\u0131 bulundu\u011funu ve Hind\u0131r\u0131n ile \u00c7oman sahalar\u0131nda petrol arayaca\u011f\u0131n\u0131 a\u00e7\u0131klad\u0131. Y\u0131ld\u0131z\u2019a g\u00f6re \u00e7\u00f6z\u00fcm s\u00fcreci ile birlikte bu yol a\u00e7\u0131lacak.<\/strong><span id=\"more-70526\"><\/span><\/p>\n<p style=\"color: #000000;\">T\u00fcrkiye Kandil\u2019de petrol arayacak. Enerji Bakan\u0131 Taner Y\u0131ld\u0131z, Ankara\u2019da Hacettepe \u00dcniversitesi ile imzalanan madencilik protok<a href=\"https:\/\/www.enerjigazetesi.ist\/wp-content\/uploads\/2015\/03\/bakan-yildiz-kandil-daginda-petrol-arayacagiz.jpg\"><img loading=\"lazy\" class=\"alignright size-medium wp-image-36851\" src=\"https:\/\/www.enerjigazetesi.ist\/wp-content\/uploads\/2015\/03\/bakan-yildiz-kandil-daginda-petrol-arayacagiz-300x167.jpg\" alt=\"bakan-yildiz-kandil-daginda-petrol-arayacagiz\" width=\"300\" height=\"167\" srcset=\"https:\/\/www.enerjigazetesi.ist\/wp-content\/uploads\/2015\/03\/bakan-yildiz-kandil-daginda-petrol-arayacagiz-300x167.jpg 300w, https:\/\/www.enerjigazetesi.ist\/wp-content\/uploads\/2015\/03\/bakan-yildiz-kandil-daginda-petrol-arayacagiz-500x279.jpg 500w, https:\/\/www.enerjigazetesi.ist\/wp-content\/uploads\/2015\/03\/bakan-yildiz-kandil-daginda-petrol-arayacagiz-80x44.jpg 80w, https:\/\/www.enerjigazetesi.ist\/wp-content\/uploads\/2015\/03\/bakan-yildiz-kandil-daginda-petrol-arayacagiz.jpg 633w\" sizes=\"(max-width: 300px) 100vw, 300px\" \/><\/a>ol\u00fc t\u00f6reninde \u00e7\u00f6z\u00fcm s\u00fcrecinin enerji sekt\u00f6r\u00fcne etkileri ile ilgili sorular\u0131 yan\u0131tlad\u0131. Y\u0131ld\u0131z, T\u00fcrkiye\u2019nin Kandil\u2019de petrol arayaca\u011f\u0131n\u0131 s\u00f6yledi.<br \/>\nY\u0131ld\u0131z, Ba\u011fdat y\u00f6netimi ile yap\u0131lan anla\u015fmalar ve Kuzey Irak ile imzalanan s\u00f6zle\u015fmeler \u00e7er\u00e7evesinde T\u00fcrkiye\u2019nin Kandil Da\u011f\u0131 eteklerinde bloklar\u0131 bulundu\u011funu ifade etti. T\u00fcrkiye, Kandil\u2019de Hind\u0131r\u0131n ile \u00c7oman sahalar\u0131nda petrol arayacak.Y\u0131ld\u0131z\u2019a g\u00f6re \u00e7\u00f6z\u00fcm s\u00fcreci ile birlikte bu yolun a\u00e7\u0131laca\u011f\u0131na inand\u0131\u011f\u0131n\u0131 vurgulad\u0131:<\/p>\n<p style=\"color: #000000;\">\u201cBu i\u015fin gerek siyasi, gerekse sosyal boyutlar\u0131 tart\u0131\u015f\u0131l\u0131yor ve tart\u0131\u015f\u0131lmaya devam edecek.Silah b\u0131rakma \u00e7a\u011fr\u0131s\u0131n\u0131n T\u00fcrkiye\u2019nin normalle\u015fmesi ad\u0131na \u00f6nemli bir katk\u0131 olaca\u011f\u0131na inan\u0131yorum. Bu t\u00fcr s\u00fcre\u00e7lerin \u00f6zellikle \u00fclkemiz i\u00e7in f\u0131rsatlar olu\u015fturaca\u011f\u0131na inan\u0131yorum. S\u00fcre\u00e7lerin tehditleri tabi ki bitmez, her zaman haz\u0131r tehditler olur. Bizim enerji sekt\u00f6r\u00fcyle alakal\u0131 \u00e7ok ciddi beklentilerimiz var\u201d<\/p>\n<p style=\"color: #000000;\">Y\u0131ld\u0131z\u2019a g\u00f6re bu s\u00fcre\u00e7 kay\u0131p -ka\u00e7ak i\u00e7in de olumlu olacak:<\/p>\n<p style=\"color: #000000;\">\u201cKay\u0131p ka\u00e7aktan tutun, siyasi bask\u0131 yoluyla paralar\u0131n\u0131 \u00f6demeyen, \u00f6deyemeyen vatanda\u015f\u0131m\u0131z\u0131n T\u00fcrkiye ekonomisine olumlu katk\u0131 sa\u011flayaca\u011f\u0131na inan\u0131yorum. \u00d6zellikle Do\u011fu ve G\u00fcneydo\u011fu Anadolu, petrol ve do\u011falgazda en fazla rezervlerimizin oldu\u011fu alan olarak ortaya \u00e7\u0131k\u0131yor. Olumsuz siyasi bask\u0131n\u0131n, PKK\u2019n\u0131n bask\u0131s\u0131n\u0131n kalkmas\u0131yla beraber T\u00fcrkiye\u2019de daha fazla kayna\u011fa ula\u015fm\u0131\u015f olaca\u011f\u0131z. Bizim Ba\u011fdat\u2019la, Kuzey Irak\u2019la yapt\u0131\u011f\u0131m\u0131z s\u00f6zle\u015fmeler \u00e7er\u00e7evesinde Kandil Da\u011f\u0131 eteklerinde bloklar\u0131m\u0131z var. Hind\u0131r\u0131n ve \u00c7oman sahalar\u0131nda petrol arayaca\u011f\u0131z. Enerji sekt\u00f6r\u00fcn\u00fcn, Kuzey Irak\u2019\u0131n siyasi, sosyal \u00e7ok b\u00fcy\u00fck faydalar\u0131n\u0131n olmas\u0131n\u0131n \u00f6tesinde \u00e7\u00f6z\u00fcm s\u00fcreciyle beraber yeni \u00e7al\u0131\u015fma alan\u0131 olaca\u011f\u0131na inan\u0131yorum\u201d<\/p>\n<p style=\"color: #000000;\">Kaynak: Enerji Enstit\u00fcs\u00fc<\/p>\n<p><\/p>","protected":false},"excerpt":{"rendered":"<p>Sorry, this entry is only available in Turkish. For the sake of viewer convenience, the content is shown below in the alternative language. You may click the link to switch the active language. Enerji Bakan\u0131 Taner Y\u0131ld\u0131z, T\u00fcrkiye\u2019nin Kandil Da\u011f\u0131 eteklerinde bloklar\u0131 bulundu\u011funu ve Hind\u0131r\u0131n ile \u00c7oman sahalar\u0131nda petrol arayaca\u011f\u0131n\u0131 a\u00e7\u0131klad\u0131. Y\u0131ld\u0131z\u2019a g\u00f6re \u00e7\u00f6z\u00fcm s\u00fcreci [&hellip;]<\/p>\n","protected":false},"author":1,"featured_media":36851,"comment_status":"open","ping_status":"open","sticky":false,"template":"","format":"standard","meta":[],"categories":[53,44],"tags":[63,67,1009,2698,165,21662,21663,21664,4237,875,59,81,79,1114,16455,667],"views":1251,"_links":{"self":[{"href":"https:\/\/www.enerjigazetesi.ist\/en\/wp-json\/wp\/v2\/posts\/36850"}],"collection":[{"href":"https:\/\/www.enerjigazetesi.ist\/en\/wp-json\/wp\/v2\/posts"}],"about":[{"href":"https:\/\/www.enerjigazetesi.ist\/en\/wp-json\/wp\/v2\/types\/post"}],"author":[{"embeddable":true,"href":"https:\/\/www.enerjigazetesi.ist\/en\/wp-json\/wp\/v2\/users\/1"}],"replies":[{"embeddable":true,"href":"https:\/\/www.enerjigazetesi.ist\/en\/wp-json\/wp\/v2\/comments?post=36850"}],"version-history":[{"count":1,"href":"https:\/\/www.enerjigazetesi.ist\/en\/wp-json\/wp\/v2\/posts\/36850\/revisions"}],"predecessor-version":[{"id":36852,"href":"https:\/\/www.enerjigazetesi.ist\/en\/wp-json\/wp\/v2\/posts\/36850\/revisions\/36852"}],"wp:featuredmedia":[{"embeddable":true,"href":"https:\/\/www.enerjigazetesi.ist\/en\/wp-json\/wp\/v2\/media\/36851"}],"wp:attachment":[{"href":"https:\/\/www.enerjigazetesi.ist\/en\/wp-json\/wp\/v2\/media?parent=36850"}],"wp:term":[{"taxonomy":"category","embeddable":true,"href":"https:\/\/www.enerjigazetesi.ist\/en\/wp-json\/wp\/v2\/categories?post=36850"},{"taxonomy":"post_tag","embeddable":true,"href":"https:\/\/www.enerjigazetesi.ist\/en\/wp-json\/wp\/v2\/tags?post=36850"}],"curies":[{"name":"wp","href":"https:\/\/api.w.org\/{rel}","templated":true}]}}