{"id":36805,"date":"2015-03-01T14:46:04","date_gmt":"2015-03-01T11:46:04","guid":{"rendered":"https:\/\/www.enerjigazetesi.ist\/?p=36805"},"modified":"2015-03-01T14:46:04","modified_gmt":"2015-03-01T11:46:04","slug":"enerjide-yuzde-2-verim-artisi-bir-kebana-esdeger","status":"publish","type":"post","link":"https:\/\/www.enerjigazetesi.ist\/en\/enerjide-yuzde-2-verim-artisi-bir-kebana-esdeger\/","title":{"rendered":"(Turkish) \u2018Enerjide Y\u00fczde 2 Verim Art\u0131\u015f\u0131 Bir Keban&#8217;a E\u015fde\u011fer&#8230;\u2019"},"content":{"rendered":"<p class=\"qtranxs-available-languages-message qtranxs-available-languages-message-en\">Sorry, this entry is only available in <a href=\"https:\/\/www.enerjigazetesi.ist\/tr\/wp-json\/wp\/v2\/posts\/36805\" class=\"qtranxs-available-language-link qtranxs-available-language-link-tr\" title=\"Turkish\">Turkish<\/a>. For the sake of viewer convenience, the content is shown below in the alternative language. You may click the link to switch the active language.<\/p><p><strong>T\u00fcrkiye\u2019nin \u00e7e\u015fitli b\u00f6lgelerinde elektrik \u00fcreten santrallerden gelen m\u00fchendis ve teknisyenler, \u0130zmir\u2019deki enerji verimlili\u011fi seminerinde bulu\u015ftu. Kemalpa\u015fa Organize Sanayi B\u00f6lgesi\u2019nde faaliyet g\u00f6steren Elkima Trafo\u2019nun davetlisi olan sekt\u00f6r temsilcileri, verimli enerji kullan\u0131m\u0131n\u0131n \u00fclke ekonomisine katk\u0131s\u0131na dikkat \u00e7ekti.<\/strong><\/p>\n<p>Seminerin a\u00e7\u0131l\u0131\u015f\u0131nda konu\u015fan Elkima Trafo Y\u00f6netim Kurulu Ba\u015fkan\u0131 Fahrettin Sel\u00e7ik, elektrik iletiminde b\u00fcy\u00fck <a href=\"https:\/\/www.enerjigazetesi.ist\/wp-content\/uploads\/2015\/03\/4b5f089639830f343092967b5a4ad571b63c7766a066189762ea1da437e0ce76cfb9b2b73cd73c25dc81853b14fc65a3906bb0250ec503b679660a757713abbfa4b21a0df3af9c985e84.jpg\"><img loading=\"lazy\" class=\"alignright size-full wp-image-36806\" src=\"https:\/\/www.enerjigazetesi.ist\/wp-content\/uploads\/2015\/03\/4b5f089639830f343092967b5a4ad571b63c7766a066189762ea1da437e0ce76cfb9b2b73cd73c25dc81853b14fc65a3906bb0250ec503b679660a757713abbfa4b21a0df3af9c985e84.jpg\" alt=\"4b5f089639830f343092967b5a4ad571b63c7766a066189762ea1da437e0ce76cfb9b2b73cd73c25dc81853b14fc65a3906bb0250ec503b679660a757713abbfa4b21a0df3af9c985e84\" width=\"276\" height=\"184\" srcset=\"https:\/\/www.enerjigazetesi.ist\/wp-content\/uploads\/2015\/03\/4b5f089639830f343092967b5a4ad571b63c7766a066189762ea1da437e0ce76cfb9b2b73cd73c25dc81853b14fc65a3906bb0250ec503b679660a757713abbfa4b21a0df3af9c985e84.jpg 276w, https:\/\/www.enerjigazetesi.ist\/wp-content\/uploads\/2015\/03\/4b5f089639830f343092967b5a4ad571b63c7766a066189762ea1da437e0ce76cfb9b2b73cd73c25dc81853b14fc65a3906bb0250ec503b679660a757713abbfa4b21a0df3af9c985e84-75x50.jpg 75w\" sizes=\"(max-width: 276px) 100vw, 276px\" \/><\/a>bir \u00f6neme sahip olan transformat\u00f6rlerdeki y\u00fczde 2 verim art\u0131\u015f\u0131 sayesinde, bir Keban Hidroelektrik Santrali\u2019nin \u00fcretimine e\u015fde\u011fer tasarruf sa\u011flanabilece\u011fini s\u00f6yledi. Sel\u00e7ik, enerji verimlili\u011fine katk\u0131 sa\u011flamak ve fark\u0131ndal\u0131\u011f\u0131 artt\u0131rmak i\u00e7in e\u011fitim semineri d\u00fczenlediklerini belirtti.<\/p>\n<p><strong>\u2018VER\u0130ML\u0130 TRAFO SE\u00c7\u0130LMEL\u0130\u2019<\/strong><\/p>\n<p>Elektrikte en \u00f6nemli fakt\u00f6rlerin ba\u015f\u0131nda s\u00fcreklili\u011fin geldi\u011fini vurgulayan Sel\u00e7ik, bunun ise santrallerden ba\u015flayarak iletim ve da\u011f\u0131t\u0131m \u015febekelerinin hizmetlerinin kalitesiyle sa\u011flanabilece\u011fini s\u00f6yledi. \u015eirket olarak kaliteyi yakalamak ad\u0131na \u00fcretim ar-ge\u2019sinin yan\u0131s\u0131ra e\u011fitimin ve e\u011fitilmi\u015f eleman\u0131n \u00f6neminin bilincinde olduklar\u0131n\u0131 da ifade ederek, \u201cTransformat\u00f6r se\u00e7erken verimine \u00f6nem g\u00f6sterilmesi gereklidir. T\u00fcketicisine fark\u0131nda olmadan para kazand\u0131racak ve kendisini amorti etmekten ba\u015fka kullan\u0131c\u0131s\u0131na da yarar sa\u011flayacak bir cihaz oldu\u011fundan, e\u011fitim i\u00e7in \u00fczerinde \u00f6zellikle duruyoruz.\u201d dedi.<\/p>\n<p>Kaynak: Cihan<\/p>","protected":false},"excerpt":{"rendered":"<p>Sorry, this entry is only available in Turkish. For the sake of viewer convenience, the content is shown below in the alternative language. You may click the link to switch the active language.T\u00fcrkiye\u2019nin \u00e7e\u015fitli b\u00f6lgelerinde elektrik \u00fcreten santrallerden gelen m\u00fchendis ve teknisyenler, \u0130zmir\u2019deki enerji verimlili\u011fi seminerinde bulu\u015ftu. Kemalpa\u015fa Organize Sanayi B\u00f6lgesi\u2019nde faaliyet g\u00f6steren Elkima Trafo\u2019nun [&hellip;]<\/p>\n","protected":false},"author":1,"featured_media":36806,"comment_status":"open","ping_status":"open","sticky":false,"template":"","format":"standard","meta":[],"categories":[51,53,52],"tags":[21646,63,67,1009,165,12,21644,21645,793],"views":719,"_links":{"self":[{"href":"https:\/\/www.enerjigazetesi.ist\/en\/wp-json\/wp\/v2\/posts\/36805"}],"collection":[{"href":"https:\/\/www.enerjigazetesi.ist\/en\/wp-json\/wp\/v2\/posts"}],"about":[{"href":"https:\/\/www.enerjigazetesi.ist\/en\/wp-json\/wp\/v2\/types\/post"}],"author":[{"embeddable":true,"href":"https:\/\/www.enerjigazetesi.ist\/en\/wp-json\/wp\/v2\/users\/1"}],"replies":[{"embeddable":true,"href":"https:\/\/www.enerjigazetesi.ist\/en\/wp-json\/wp\/v2\/comments?post=36805"}],"version-history":[{"count":1,"href":"https:\/\/www.enerjigazetesi.ist\/en\/wp-json\/wp\/v2\/posts\/36805\/revisions"}],"predecessor-version":[{"id":36807,"href":"https:\/\/www.enerjigazetesi.ist\/en\/wp-json\/wp\/v2\/posts\/36805\/revisions\/36807"}],"wp:featuredmedia":[{"embeddable":true,"href":"https:\/\/www.enerjigazetesi.ist\/en\/wp-json\/wp\/v2\/media\/36806"}],"wp:attachment":[{"href":"https:\/\/www.enerjigazetesi.ist\/en\/wp-json\/wp\/v2\/media?parent=36805"}],"wp:term":[{"taxonomy":"category","embeddable":true,"href":"https:\/\/www.enerjigazetesi.ist\/en\/wp-json\/wp\/v2\/categories?post=36805"},{"taxonomy":"post_tag","embeddable":true,"href":"https:\/\/www.enerjigazetesi.ist\/en\/wp-json\/wp\/v2\/tags?post=36805"}],"curies":[{"name":"wp","href":"https:\/\/api.w.org\/{rel}","templated":true}]}}