{"id":36783,"date":"2015-02-27T15:58:05","date_gmt":"2015-02-27T12:58:05","guid":{"rendered":"https:\/\/www.enerjigazetesi.ist\/?p=36783"},"modified":"2015-02-27T15:58:05","modified_gmt":"2015-02-27T12:58:05","slug":"32-mwlik-alakopru-barajinda-elektrik-uretimi-icin-denemeler-basladi","status":"publish","type":"post","link":"https:\/\/www.enerjigazetesi.ist\/en\/32-mwlik-alakopru-barajinda-elektrik-uretimi-icin-denemeler-basladi\/","title":{"rendered":"(Turkish) 32 MW\u2019l\u0131k Alak\u00f6pr\u00fc Baraj\u0131\u2019nda Elektrik \u00dcretimi \u0130\u00e7in Denemeler Ba\u015flad\u0131!"},"content":{"rendered":"<p class=\"qtranxs-available-languages-message qtranxs-available-languages-message-en\">Sorry, this entry is only available in <a href=\"https:\/\/www.enerjigazetesi.ist\/tr\/wp-json\/wp\/v2\/posts\/36783\" class=\"qtranxs-available-language-link qtranxs-available-language-link-tr\" title=\"Turkish\">Turkish<\/a>. For the sake of viewer convenience, the content is shown below in the alternative language. You may click the link to switch the active language.<\/p><p><\/p>\n<p style=\"color: #000000;\"><strong>Devlet Su \u0130\u015fleri (DS\u0130) Genel M\u00fcd\u00fcrl\u00fc\u011f\u00fcnce y\u00fcr\u00fct\u00fclen ve Kuzey K\u0131br\u0131s T\u00fcrk Cumhuriyeti\u2019ne (KKTC) su sa\u011flayacak KKTC Su Temin Projesi kapsam\u0131nda Anamur il\u00e7esinde yap\u0131lan Alak\u00f6pr\u00fc Baraj\u0131\u2019nda elektrik \u00fcretimi i\u00e7in denemeler ba\u015flad\u0131.<\/strong><span id=\"more-70506\"><\/span><\/p>\n<p style=\"color: #000000;\">Ge\u00e7ti\u011fimiz ay su tutulmaya ba\u015flanan barajda, elektrik \u00fcretimine ge\u00e7i\u015f i\u00e7in de yo\u011fun \u015fekilde \u00e7al\u0131\u015f\u0131l\u0131yor. Santral montaj\u0131 tamamlanan <a href=\"https:\/\/www.enerjigazetesi.ist\/wp-content\/uploads\/2015\/02\/32-mwlik-alakopru-barajinda-elektrik-uretimi-icin-denemeler-basladi.jpg\"><img loading=\"lazy\" class=\"alignright size-medium wp-image-36784\" src=\"https:\/\/www.enerjigazetesi.ist\/wp-content\/uploads\/2015\/02\/32-mwlik-alakopru-barajinda-elektrik-uretimi-icin-denemeler-basladi-300x199.jpg\" alt=\"32-mwlik-alakopru-barajinda-elektrik-uretimi-icin-denemeler-basladi\" width=\"300\" height=\"199\" srcset=\"https:\/\/www.enerjigazetesi.ist\/wp-content\/uploads\/2015\/02\/32-mwlik-alakopru-barajinda-elektrik-uretimi-icin-denemeler-basladi-300x199.jpg 300w, https:\/\/www.enerjigazetesi.ist\/wp-content\/uploads\/2015\/02\/32-mwlik-alakopru-barajinda-elektrik-uretimi-icin-denemeler-basladi-500x331.jpg 500w, https:\/\/www.enerjigazetesi.ist\/wp-content\/uploads\/2015\/02\/32-mwlik-alakopru-barajinda-elektrik-uretimi-icin-denemeler-basladi-75x50.jpg 75w, https:\/\/www.enerjigazetesi.ist\/wp-content\/uploads\/2015\/02\/32-mwlik-alakopru-barajinda-elektrik-uretimi-icin-denemeler-basladi.jpg 800w\" sizes=\"(max-width: 300px) 100vw, 300px\" \/><\/a>barajda 3 t\u00fcrbinde testler yap\u0131l\u0131yor.<\/p>\n<p style=\"color: #000000;\">Santralin \u015fantiye \u015fefi Ahmet Polat, yapt\u0131\u011f\u0131 a\u00e7\u0131klamada, santralde kuru ve \u0131slak olmak \u00fczere iki farkl\u0131 test yap\u0131ld\u0131\u011f\u0131n\u0131 belirterek \u201cKuru testi bitirdik. \u015eu an trib\u00fcne suyu verdik. Her \u015fey yolunda gidiyor. Testleri en k\u0131sa zamanda tamamlayaca\u011f\u0131z\u201d dedi.<\/p>\n<p style=\"color: #000000;\">Elektrik m\u00fchendisi Nuri G\u00f6ksel \u00dcnl\u00fc ise testler tamamlad\u0131\u011f\u0131nda kurulum g\u00fcc\u00fc 32 megavat olan santralde elektrik \u00fcretimine ba\u015flanaca\u011f\u0131n\u0131 bildirdi.<\/p>\n<p style=\"color: #000000;\">Kaynak: Enerji Enstit\u00fcs\u00fc<\/p>\n<p><\/p>","protected":false},"excerpt":{"rendered":"<p>Sorry, this entry is only available in Turkish. For the sake of viewer convenience, the content is shown below in the alternative language. You may click the link to switch the active language. Devlet Su \u0130\u015fleri (DS\u0130) Genel M\u00fcd\u00fcrl\u00fc\u011f\u00fcnce y\u00fcr\u00fct\u00fclen ve Kuzey K\u0131br\u0131s T\u00fcrk Cumhuriyeti\u2019ne (KKTC) su sa\u011flayacak KKTC Su Temin Projesi kapsam\u0131nda Anamur il\u00e7esinde [&hellip;]<\/p>\n","protected":false},"author":1,"featured_media":36784,"comment_status":"open","ping_status":"open","sticky":false,"template":"","format":"standard","meta":[],"categories":[53,47],"tags":[21632,2273,1091,19,63,67,1009,2698,165,21633,21634],"views":1365,"_links":{"self":[{"href":"https:\/\/www.enerjigazetesi.ist\/en\/wp-json\/wp\/v2\/posts\/36783"}],"collection":[{"href":"https:\/\/www.enerjigazetesi.ist\/en\/wp-json\/wp\/v2\/posts"}],"about":[{"href":"https:\/\/www.enerjigazetesi.ist\/en\/wp-json\/wp\/v2\/types\/post"}],"author":[{"embeddable":true,"href":"https:\/\/www.enerjigazetesi.ist\/en\/wp-json\/wp\/v2\/users\/1"}],"replies":[{"embeddable":true,"href":"https:\/\/www.enerjigazetesi.ist\/en\/wp-json\/wp\/v2\/comments?post=36783"}],"version-history":[{"count":1,"href":"https:\/\/www.enerjigazetesi.ist\/en\/wp-json\/wp\/v2\/posts\/36783\/revisions"}],"predecessor-version":[{"id":36785,"href":"https:\/\/www.enerjigazetesi.ist\/en\/wp-json\/wp\/v2\/posts\/36783\/revisions\/36785"}],"wp:featuredmedia":[{"embeddable":true,"href":"https:\/\/www.enerjigazetesi.ist\/en\/wp-json\/wp\/v2\/media\/36784"}],"wp:attachment":[{"href":"https:\/\/www.enerjigazetesi.ist\/en\/wp-json\/wp\/v2\/media?parent=36783"}],"wp:term":[{"taxonomy":"category","embeddable":true,"href":"https:\/\/www.enerjigazetesi.ist\/en\/wp-json\/wp\/v2\/categories?post=36783"},{"taxonomy":"post_tag","embeddable":true,"href":"https:\/\/www.enerjigazetesi.ist\/en\/wp-json\/wp\/v2\/tags?post=36783"}],"curies":[{"name":"wp","href":"https:\/\/api.w.org\/{rel}","templated":true}]}}