{"id":36780,"date":"2015-02-27T15:55:17","date_gmt":"2015-02-27T12:55:17","guid":{"rendered":"https:\/\/www.enerjigazetesi.ist\/?p=36780"},"modified":"2015-02-27T15:55:17","modified_gmt":"2015-02-27T12:55:17","slug":"bakan-yildiz-rusyadan-yuzde-10-indirim-aldik-ama","status":"publish","type":"post","link":"https:\/\/www.enerjigazetesi.ist\/en\/bakan-yildiz-rusyadan-yuzde-10-indirim-aldik-ama\/","title":{"rendered":"(Turkish) Bakan Y\u0131ld\u0131z: \u201cRusya\u2019dan Y\u00fczde 10 \u0130ndirim Ald\u0131k Ama\u2026\u201d"},"content":{"rendered":"<p class=\"qtranxs-available-languages-message qtranxs-available-languages-message-en\">Sorry, this entry is only available in <a href=\"https:\/\/www.enerjigazetesi.ist\/tr\/wp-json\/wp\/v2\/posts\/36780\" class=\"qtranxs-available-language-link qtranxs-available-language-link-tr\" title=\"Turkish\">Turkish<\/a>. For the sake of viewer convenience, the content is shown below in the alternative language. You may click the link to switch the active language.<\/p><p><\/p>\n<p style=\"color: #000000;\"><strong>Enerji ve Tabii Kaynaklar Bakan\u0131 Y\u0131ld\u0131z, \u201cDo\u011falgaz fiyatlar\u0131 i\u00e7in Rusya ile yapt\u0131\u011f\u0131m\u0131z g\u00f6r\u00fc\u015fmeler neticesinde y\u00fczde 10,25\u2019lik indirim konusunda anla\u015ft\u0131k\u201d dedi. Y\u0131ld\u0131z, fakat y\u00fcksek kurdan dolay\u0131 bunun faturalara indirim olarak yans\u0131mayaca\u011f\u0131n\u0131 kaydetti.<\/strong><span id=\"more-70508\"><\/span><\/p>\n<p style=\"color: #000000;\">Enerji Bakan\u0131 Taner Y\u0131ld\u0131z, gazetecilerin sorular\u0131n\u0131 yan\u0131tlad\u0131. do\u011falgaz fiyatlar\u0131n\u0131n \u015eubat ve Mart ay\u0131nda kalaca\u011f\u0131n\u0131 a\u00e7\u0131k veya gizli<a href=\"https:\/\/www.enerjigazetesi.ist\/wp-content\/uploads\/2015\/02\/bakan-yildiz-rusyadan-yuzde-10-indirim-aldik-ama.jpg\"><img loading=\"lazy\" class=\"alignright size-medium wp-image-36781\" src=\"https:\/\/www.enerjigazetesi.ist\/wp-content\/uploads\/2015\/02\/bakan-yildiz-rusyadan-yuzde-10-indirim-aldik-ama-300x177.jpg\" alt=\"bakan-yildiz-rusyadan-yuzde-10-indirim-aldik-ama\" width=\"300\" height=\"177\" srcset=\"https:\/\/www.enerjigazetesi.ist\/wp-content\/uploads\/2015\/02\/bakan-yildiz-rusyadan-yuzde-10-indirim-aldik-ama-300x177.jpg 300w, https:\/\/www.enerjigazetesi.ist\/wp-content\/uploads\/2015\/02\/bakan-yildiz-rusyadan-yuzde-10-indirim-aldik-ama-500x295.jpg 500w, https:\/\/www.enerjigazetesi.ist\/wp-content\/uploads\/2015\/02\/bakan-yildiz-rusyadan-yuzde-10-indirim-aldik-ama-80x47.jpg 80w, https:\/\/www.enerjigazetesi.ist\/wp-content\/uploads\/2015\/02\/bakan-yildiz-rusyadan-yuzde-10-indirim-aldik-ama.jpg 870w\" sizes=\"(max-width: 300px) 100vw, 300px\" \/><\/a> bir zamm\u0131n s\u00f6z konusu olmad\u0131\u011f\u0131n\u0131 belirten Y\u0131ld\u0131z, \u201cDo\u011falgaz fiyatlar\u0131nda herhangi bir de\u011fi\u015fiklik yok. \u015eubat ve Mart ay\u0131 ayn\u0131 \u015fekilde ayn\u0131 fiyat mekanizmalar\u0131 ile birlikte kullanacak. Gizli veya a\u00e7\u0131k zam yok\u201d dedi.<\/p>\n<p style=\"color: #000000;\">Y\u0131ld\u0131z, \u201cBiz dolar ile al\u0131p TL ile satt\u0131\u011f\u0131m\u0131z i\u00e7in \u015fu anda d\u00f6viz paritesi 2 bu\u00e7uklar civar\u0131nda. Bu elde etti\u011fimiz de\u011ferli ve \u00f6nemli bir indirimdir. Ama vatanda\u015fa \u015fu anda yans\u0131yabilecek bir indirim oldu\u011funu s\u00f6yleyemem. A\u00e7\u0131k ve net d\u00f6vizdeki y\u00fckselme bizim ald\u0131\u011f\u0131m\u0131z indirim oran\u0131ndan daha fazlad\u0131r. Hele hele Aral\u0131k 2013 ile kar\u015f\u0131la\u015ft\u0131r\u0131rsak y\u00fczde 26\u2019lar civar\u0131nda dolar paritesine TL kar\u015f\u0131s\u0131nda zam gelmi\u015ftir\u201d diye konu\u015ftu.<\/p>\n<p style=\"color: #000000;\"><strong>\u201c28 TANE AB\u2019YE \u00dcYE \u00dcLKE ARASINDA EN UCUZ DO\u011eALGAZ SATAN T\u00dcRK\u0130YE\u2019D\u0130R\u201d<\/strong><\/p>\n<p style=\"color: #000000;\">Y\u0131ld\u0131z, \u201cT\u00fcrkiye\u2019de \u015fu andaki fiyatlar, Kas\u0131m 2008 do\u011falgaz fiyatlar\u0131 mertebesinde. 28 tane AB\u2019ye \u00fcye \u00fclke aras\u0131nda en ucuz do\u011falgaz satan T\u00fcrkiye\u2019dir\u201d dedi.<\/p>\n<p style=\"color: #000000;\"><strong>\u201c\u0130ND\u0130R\u0130M \u0130LE B\u0130RL\u0130KTE BOTA\u015e \u00d6NCEK\u0130 ZARARLARINI TELAF\u0130 EDECEKT\u0130R\u201d<\/strong><\/p>\n<p style=\"color: #000000;\">\u0130ndirim ile birlikte BOTA\u015e \u00f6nceki zararlar\u0131n\u0131 telafi edece\u011fini vurgulayan Y\u0131ld\u0131z, \u201cBu indirim ile birlikte BOTA\u015e \u00f6nceki zararlar\u0131n\u0131 telafi edecektir. Maliyeye, g\u00fcmr\u00fc\u011fe olan bor\u00e7lar\u0131n\u0131 kapatacakt\u0131r. 2015 y\u0131l\u0131n\u0131n haziran ay\u0131na kadar bunlar\u0131n \u00f6nemli bir b\u00f6l\u00fcm\u00fcn\u00fc hele hele \u0130ran tahkimi ile alakal\u0131 bekledi\u011fimiz sonucun da bu s\u00fcre i\u00e7erisinde a\u00e7\u0131klanmas\u0131 ile birlikte in\u015fallah \u00e7ok iyi bir nakit ak\u0131\u015f\u0131na da sahip olacakt\u0131r\u201d ifadelerini kulland\u0131.<\/p>\n<p style=\"color: #000000;\"><strong>\u201cDO\u011eALGAZ F\u0130YATLARINDA G\u0130ZL\u0130 VEYA A\u00c7IK ZAM YOK\u201d<\/strong><\/p>\n<p style=\"color: #000000;\">Do\u011falgaz fiyatlar\u0131n\u0131n \u015eubat ve Mart ay\u0131nda kalaca\u011f\u0131n\u0131 a\u00e7\u0131k veya gizli bir zamm\u0131n s\u00f6z konusu olmad\u0131\u011f\u0131n\u0131 belirten Y\u0131ld\u0131z, \u201cDo\u011falgaz fiyatlar\u0131nda herhangi bir de\u011fi\u015fiklik yok. \u015eubat ve Mart ay\u0131 ayn\u0131 \u015fekilde ayn\u0131 fiyat mekanizmalar\u0131 ile birlikte kullanacak. Gizli veya a\u00e7\u0131k zam yok\u201d dedi.<\/p>\n<p style=\"color: #000000;\">Kaynak:\u00a0<a style=\"color: #c75615;\" href=\"http:\/\/www.milliyet.com.tr\/bakan-dan-zam-aciklamasi\/ekonomi\/detay\/2020307\/default.htm\" target=\"_blank\" rel=\"nofollow\">milliyet<\/a><\/p>\n<p><\/p>","protected":false},"excerpt":{"rendered":"<p>Sorry, this entry is only available in Turkish. For the sake of viewer convenience, the content is shown below in the alternative language. You may click the link to switch the active language. Enerji ve Tabii Kaynaklar Bakan\u0131 Y\u0131ld\u0131z, \u201cDo\u011falgaz fiyatlar\u0131 i\u00e7in Rusya ile yapt\u0131\u011f\u0131m\u0131z g\u00f6r\u00fc\u015fmeler neticesinde y\u00fczde 10,25\u2019lik indirim konusunda anla\u015ft\u0131k\u201d dedi. Y\u0131ld\u0131z, fakat [&hellip;]<\/p>\n","protected":false},"author":1,"featured_media":36781,"comment_status":"open","ping_status":"open","sticky":false,"template":"","format":"standard","meta":[],"categories":[46,53],"tags":[710,531,92,226,1363,13155,12314,63,67,1009,2698,165,4221,667],"views":600,"_links":{"self":[{"href":"https:\/\/www.enerjigazetesi.ist\/en\/wp-json\/wp\/v2\/posts\/36780"}],"collection":[{"href":"https:\/\/www.enerjigazetesi.ist\/en\/wp-json\/wp\/v2\/posts"}],"about":[{"href":"https:\/\/www.enerjigazetesi.ist\/en\/wp-json\/wp\/v2\/types\/post"}],"author":[{"embeddable":true,"href":"https:\/\/www.enerjigazetesi.ist\/en\/wp-json\/wp\/v2\/users\/1"}],"replies":[{"embeddable":true,"href":"https:\/\/www.enerjigazetesi.ist\/en\/wp-json\/wp\/v2\/comments?post=36780"}],"version-history":[{"count":1,"href":"https:\/\/www.enerjigazetesi.ist\/en\/wp-json\/wp\/v2\/posts\/36780\/revisions"}],"predecessor-version":[{"id":36782,"href":"https:\/\/www.enerjigazetesi.ist\/en\/wp-json\/wp\/v2\/posts\/36780\/revisions\/36782"}],"wp:featuredmedia":[{"embeddable":true,"href":"https:\/\/www.enerjigazetesi.ist\/en\/wp-json\/wp\/v2\/media\/36781"}],"wp:attachment":[{"href":"https:\/\/www.enerjigazetesi.ist\/en\/wp-json\/wp\/v2\/media?parent=36780"}],"wp:term":[{"taxonomy":"category","embeddable":true,"href":"https:\/\/www.enerjigazetesi.ist\/en\/wp-json\/wp\/v2\/categories?post=36780"},{"taxonomy":"post_tag","embeddable":true,"href":"https:\/\/www.enerjigazetesi.ist\/en\/wp-json\/wp\/v2\/tags?post=36780"}],"curies":[{"name":"wp","href":"https:\/\/api.w.org\/{rel}","templated":true}]}}